{"id":9219,"date":"2025-09-16T20:37:49","date_gmt":"2025-09-16T19:37:49","guid":{"rendered":"https:\/\/wbs-luebeck.de\/wbs\/?p=9219"},"modified":"2025-09-16T21:10:41","modified_gmt":"2025-09-16T20:10:41","slug":"herzlich-willkommen-schuljahr-25-26","status":"publish","type":"post","link":"https:\/\/wbs-luebeck.de\/wbs\/herzlich-willkommen-schuljahr-25-26\/","title":{"rendered":"Herzlich willkommen Schuljahr 25\/26"},"content":{"rendered":"<p><div class=\"fusion-fullwidth fullwidth-box fusion-builder-row-1 nonhundred-percent-fullwidth non-hundred-percent-height-scrolling\" style=\"--awb-border-sizes-top:0px;--awb-border-sizes-bottom:0px;--awb-border-sizes-left:0px;--awb-border-sizes-right:0px;--awb-border-radius-top-left:0px;--awb-border-radius-top-right:0px;--awb-border-radius-bottom-right:0px;--awb-border-radius-bottom-left:0px;--awb-padding-right:0px;--awb-padding-bottom:0px;--awb-padding-left:0px;--awb-margin-top:-90px;--awb-background-color:#ffffff;--awb-flex-wrap:wrap;\" ><div class=\"fusion-builder-row fusion-row\"><div class=\"fusion-layout-column fusion_builder_column fusion-builder-column-0 fusion_builder_column_1_1 1_1 fusion-one-full fusion-column-first fusion-column-last\" style=\"--awb-padding-top:40px;--awb-padding-right:4%;--awb-padding-bottom:20px;--awb-padding-left:4%;--awb-bg-color:rgba(255,255,255,0);--awb-bg-color-hover:rgba(255,255,255,0);--awb-bg-size:cover;--awb-box-shadow:0px -5px 15px 0px rgba(0,0,0,0.03);;--awb-border-color:#3bc863;--awb-border-top:0;--awb-border-style:solid;--awb-margin-top:0px;--awb-margin-bottom:0px;\"><div class=\"fusion-column-wrapper fusion-column-has-shadow fusion-flex-column-wrapper-legacy\"><div class=\"fusion-text fusion-text-1\" style=\"--awb-text-transform:none;\"><p>Liebe Schulgemeinde,<\/p>\n<p>herzlich willkommen im Schuljahr 2025\/2026!<\/p>\n<p>Wir freuen uns erneut darauf, Ihre Kinder gemeinsam mit Ihnen zusammen beim Gro\u00dfwerden zu begleiten.<\/p>\n<p>Dieses Schuljahr haben wir uns einiges vorgenommen:<\/p>\n<p>Den Fragen: <em>Zukunftsschule: Wie k\u00f6nnen Wir- alle Beteiligten am Schulleben- die Schule zukunftsf\u00e4hig machen, um ein sicherer Lernort f\u00fcr alle zu sein? Welche Visionen haben wir f\u00fcr die Schule der Zukunft? <\/em>m\u00f6chten wir gemeinsam mit <strong>allen<\/strong> an Schulen Beteiligten nachgehen.<\/p>\n<p><strong>Am 29.09.2025 laden wir zu einem gemeinsamen Schulentwicklungstag ein:<\/strong><br \/>\nLehrkr\u00e4fte, p\u00e4dagogisches Personal, Eltern sowie Sch\u00fclerinnen und Sch\u00fcler!<\/p>\n<p>Der Tag soll als Auftaktveranstaltung verstanden werden, an dem Themen und Arbeitsfelder identifiziert werden, an denen gemeinsam weitergearbeitet werden kann.<\/p>\n<p><strong>Das ist auch noch erfreulich:<\/strong><\/p>\n<ul>\n<li>Im Rahmen unserer Erasmus-Mitgliedschaft planen wir aktuell\n<ul>\n<li>\u00a0eine Franz\u00f6sisch AG f\u00fcr die Klassenstufen 3-6 inklusive einer Fahrt nach Frankreich im Mai, um dort auch eine franz\u00f6sische Schule zu besuchen<\/li>\n<li>eine Reise f\u00fcr den WPU Franz\u00f6sisch nach Frankreich inklusive einer Begegnung mit der franz\u00f6sischen Sch\u00fclerinnen und Sch\u00fclern aus Saint Hermine<\/li>\n<li>eine Reise nach Schweden f\u00fcr eine Gruppe von Sch\u00fclerinnen und Sch\u00fclern<\/li>\n<\/ul>\n<\/li>\n<li>Das Schulfest war ein voller Erfolg. Die beachtliche Summe an Einnahmen liegt bei dem F\u00f6rderverein und wird jeweils in drei Teile zweckgebunden eingeplant: Willy-Rat Grundschule, SV Gemeinschaftsschule und F\u00f6rdergemeinschaft.\u00a0 Vielen Dank, dass so viele zum Erfolg des Schulfestes beigetragen haben.<\/li>\n<\/ul>\n<ul>\n<li>Das Fach &#8222;Frei-Raum&#8220; geht f\u00fcr die Jahrg\u00e4nge 2-6 in das zweite Jahr. Unsere Steuergruppe erarbeitet mit Hilfe einer externen Begleitung die konzeptionelle Fortf\u00fchrung und Optimierung dieses Lernformats. Falls Sie noch einmal sich in dieses besondere Lernformat einlesen m\u00f6chten, empfehle ich Ihnen die Seite frei-day.org<\/li>\n<\/ul>\n<p>Ich w\u00fcnsche uns allen ein erfolgreiches und fr\u00f6hliches Schuljahr.<\/p>\n<p>Unserer Ministerin Fr. Dr. Stenke bat uns darum, folgenden Link an Sie und Ihre Kinder zu senden.<\/p>\n<p><a href=\"https:\/\/www.youtube.com\/shorts\/SBmQmj9f6lM\">https:\/\/www.youtube.com\/shorts\/SBmQmj9f6lM<\/a><\/p>\n<p>Herzliche Gr\u00fc\u00dfe auch von Frau V\u00f6lkert und Frau Behrens aus unseren Sekretariaten.<\/p>\n<ul>\n<li>Bei Abmeldungen im Laufe des Schulvormittags ist es auch weiterhin so, dass Sie eine kurze E-Mail schreiben m\u00fcssen.<\/li>\n<\/ul>\n<p><strong>Wichtige erste Termine zur Erinnerung<\/strong><\/p>\n<p>(Sie finden diese auch alle im Schuljahreskalender auf Untis)<\/p>\n<p><strong>Wichtige Termine: Bitte notieren Sie sich folgende Tage f\u00fcr die Schulentwicklungstage:<br \/>\n<\/strong>(unterrichtsfrei f\u00fcr die Kinder)<\/p>\n<ul>\n<li><strong>29.09.2025 (keine Betreuung durch den Kinder-Hafen), <\/strong>26.01.2026, 02.03.2026, 15.06.2026<\/li>\n<li>Bewegliche Ferientag sind am 28.11.2025, 02.02.2026 sowie 03.02.2026<\/li>\n<li>Verbindliche Zeugnisausgabegespr\u00e4che finden nach Terminvergabe der Klassenlehrkr\u00e4fte statt am 05.02.2025 sowie 06.02.2025<\/li>\n<\/ul>\n<p>Falls Sie noch Fragen oder andere Ideen haben oder sich vielleicht auch mal \u00fcber etwas \u00e4rgern:<\/p>\n<p>Melden Sie sich gerne bei uns.<\/p>\n<p>Es gr\u00fc\u00dft herzlich<\/p>\n<p>Alexandra Hase-Rodriguez und das gesamte Team der WBS<\/p>\n<\/div><div class=\"fusion-clearfix\"><\/div><\/div><\/div><\/div><\/div><div class=\"fusion-fullwidth fullwidth-box fusion-builder-row-2 nonhundred-percent-fullwidth non-hundred-percent-height-scrolling\" style=\"--awb-border-radius-top-left:0px;--awb-border-radius-top-right:0px;--awb-border-radius-bottom-right:0px;--awb-border-radius-bottom-left:0px;--awb-margin-bottom:30px;--awb-flex-wrap:wrap;\" ><div class=\"fusion-builder-row fusion-row\"><div class=\"fusion-layout-column fusion_builder_column fusion-builder-column-1 fusion_builder_column_1_1 1_1 fusion-one-full fusion-column-first fusion-column-last\" style=\"--awb-bg-size:cover;\"><div class=\"fusion-column-wrapper fusion-column-has-shadow fusion-flex-column-wrapper-legacy\"><div class=\"fusion-section-separator section-separator triangle fusion-section-separator-1\" style=\"--awb-border-top:0px solid #e0dede;--awb-spacer-height:0px;--awb-svg-margin-left:0;--awb-svg-margin-right:0;--awb-icon-color:#ffffff;\"><div class=\"fusion-section-separator-svg\"><div class=\"divider-candy-arrow top\" style=\"bottom:0px;border-bottom-color: #f5f5f1;\"><\/div><div class=\"divider-candy top\" style=\"top:-20px;border-bottom:1px solid #e0dede;border-left:1px solid #e0dede;\"><\/div><\/div><div class=\"fusion-section-separator-spacer\"><div class=\"fusion-section-separator-spacer-height\"><\/div><\/div><\/div><div class=\"fusion-clearfix\"><\/div><\/div><\/div><\/div><\/div><div class=\"fusion-fullwidth fullwidth-box fusion-builder-row-3 nonhundred-percent-fullwidth non-hundred-percent-height-scrolling\" style=\"--awb-border-radius-top-left:0px;--awb-border-radius-top-right:0px;--awb-border-radius-bottom-right:0px;--awb-border-radius-bottom-left:0px;--awb-flex-wrap:wrap;\" ><div class=\"fusion-builder-row fusion-row\"><div class=\"fusion-layout-column fusion_builder_column fusion-builder-column-2 fusion_builder_column_1_1 1_1 fusion-one-full fusion-column-first fusion-column-last\" style=\"--awb-bg-size:cover;\"><div class=\"fusion-column-wrapper fusion-column-has-shadow fusion-flex-column-wrapper-legacy\"><div class=\"fusion-sep-clear\"><\/div><div class=\"fusion-separator fusion-full-width-sep\" style=\"margin-left: auto;margin-right: auto;width:100%;\"><\/div><div class=\"fusion-sep-clear\"><\/div><div class=\"fusion-clearfix\"><\/div><\/div><\/div><\/div><\/div><\/p>\n","protected":false},"excerpt":{"rendered":"","protected":false},"author":2,"featured_media":9220,"comment_status":"closed","ping_status":"open","sticky":false,"template":"","format":"standard","meta":{"_acf_changed":false,"footnotes":""},"categories":[83],"tags":[108,109],"acf":[],"_links":{"self":[{"href":"https:\/\/wbs-luebeck.de\/wbs\/wp-json\/wp\/v2\/posts\/9219"}],"collection":[{"href":"https:\/\/wbs-luebeck.de\/wbs\/wp-json\/wp\/v2\/posts"}],"about":[{"href":"https:\/\/wbs-luebeck.de\/wbs\/wp-json\/wp\/v2\/types\/post"}],"author":[{"embeddable":true,"href":"https:\/\/wbs-luebeck.de\/wbs\/wp-json\/wp\/v2\/users\/2"}],"replies":[{"embeddable":true,"href":"https:\/\/wbs-luebeck.de\/wbs\/wp-json\/wp\/v2\/comments?post=9219"}],"version-history":[{"count":5,"href":"https:\/\/wbs-luebeck.de\/wbs\/wp-json\/wp\/v2\/posts\/9219\/revisions"}],"predecessor-version":[{"id":9226,"href":"https:\/\/wbs-luebeck.de\/wbs\/wp-json\/wp\/v2\/posts\/9219\/revisions\/9226"}],"wp:featuredmedia":[{"embeddable":true,"href":"https:\/\/wbs-luebeck.de\/wbs\/wp-json\/wp\/v2\/media\/9220"}],"wp:attachment":[{"href":"https:\/\/wbs-luebeck.de\/wbs\/wp-json\/wp\/v2\/media?parent=9219"}],"wp:term":[{"taxonomy":"category","embeddable":true,"href":"https:\/\/wbs-luebeck.de\/wbs\/wp-json\/wp\/v2\/categories?post=9219"},{"taxonomy":"post_tag","embeddable":true,"href":"https:\/\/wbs-luebeck.de\/wbs\/wp-json\/wp\/v2\/tags?post=9219"}],"curies":[{"name":"wp","href":"https:\/\/api.w.org\/{rel}","templated":true}]}}