{"id":8754,"date":"2024-11-26T21:44:40","date_gmt":"2024-11-26T20:44:40","guid":{"rendered":"https:\/\/wbs-luebeck.de\/wbs\/?p=8754"},"modified":"2024-11-26T21:45:13","modified_gmt":"2024-11-26T20:45:13","slug":"geburtstagsgruesse-an-die-willy-brandt-stiftung","status":"publish","type":"post","link":"https:\/\/wbs-luebeck.de\/wbs\/geburtstagsgruesse-an-die-willy-brandt-stiftung\/","title":{"rendered":"Geburtstagsgr\u00fc\u00dfe an die Willy-Brandt-Stiftung"},"content":{"rendered":"<p>30 Jahre wird die Bundeskanzler-Stiftung-Willy-Brandt. Nat\u00fcrlich sind wir der Einladung gefolgt, digitale Geburtstagsgr\u00fc\u00dfe zu senden. Warum Willy uns heute noch Mut macht: Das war die Frage f\u00fcr die &#8222;Vodcast-Reihe&#8220;! Frau Hase-Rodriguez, der Gestaltenkurs der Jahrgangsstufe 7 und drei 9. Kl\u00e4sslerinnen haben gratuliert. Mit viel Mut und Visionen!<\/p>\n","protected":false},"excerpt":{"rendered":"<p>30 Jahre wird die Bundeskanzler-Stiftung-Willy-Brandt. Nat\u00fcrlich sind wir der Einladung gefolgt, digitale Geburtstagsgr\u00fc\u00dfe zu senden. [&hellip;]<\/p>\n","protected":false},"author":2,"featured_media":8756,"comment_status":"closed","ping_status":"open","sticky":false,"template":"","format":"standard","meta":{"_acf_changed":false,"footnotes":""},"categories":[1],"tags":[],"acf":[],"_links":{"self":[{"href":"https:\/\/wbs-luebeck.de\/wbs\/wp-json\/wp\/v2\/posts\/8754"}],"collection":[{"href":"https:\/\/wbs-luebeck.de\/wbs\/wp-json\/wp\/v2\/posts"}],"about":[{"href":"https:\/\/wbs-luebeck.de\/wbs\/wp-json\/wp\/v2\/types\/post"}],"author":[{"embeddable":true,"href":"https:\/\/wbs-luebeck.de\/wbs\/wp-json\/wp\/v2\/users\/2"}],"replies":[{"embeddable":true,"href":"https:\/\/wbs-luebeck.de\/wbs\/wp-json\/wp\/v2\/comments?post=8754"}],"version-history":[{"count":3,"href":"https:\/\/wbs-luebeck.de\/wbs\/wp-json\/wp\/v2\/posts\/8754\/revisions"}],"predecessor-version":[{"id":8758,"href":"https:\/\/wbs-luebeck.de\/wbs\/wp-json\/wp\/v2\/posts\/8754\/revisions\/8758"}],"wp:featuredmedia":[{"embeddable":true,"href":"https:\/\/wbs-luebeck.de\/wbs\/wp-json\/wp\/v2\/media\/8756"}],"wp:attachment":[{"href":"https:\/\/wbs-luebeck.de\/wbs\/wp-json\/wp\/v2\/media?parent=8754"}],"wp:term":[{"taxonomy":"category","embeddable":true,"href":"https:\/\/wbs-luebeck.de\/wbs\/wp-json\/wp\/v2\/categories?post=8754"},{"taxonomy":"post_tag","embeddable":true,"href":"https:\/\/wbs-luebeck.de\/wbs\/wp-json\/wp\/v2\/tags?post=8754"}],"curies":[{"name":"wp","href":"https:\/\/api.w.org\/{rel}","templated":true}]}}