{"id":8700,"date":"2024-10-19T16:59:18","date_gmt":"2024-10-19T15:59:18","guid":{"rendered":"https:\/\/wbs-luebeck.de\/wbs\/?p=8700"},"modified":"2024-10-19T17:01:59","modified_gmt":"2024-10-19T16:01:59","slug":"info-nachmittag-fuer-unsere-neuen-erstis-11-11-2024","status":"publish","type":"post","link":"https:\/\/wbs-luebeck.de\/wbs\/info-nachmittag-fuer-unsere-neuen-erstis-11-11-2024\/","title":{"rendered":"Info-Nachmittag f\u00fcr unsere neuen Erstis: 11.11.2024"},"content":{"rendered":"<p><div class=\"fusion-fullwidth fullwidth-box fusion-builder-row-1 nonhundred-percent-fullwidth non-hundred-percent-height-scrolling\" style=\"--awb-border-sizes-top:0px;--awb-border-sizes-bottom:0px;--awb-border-sizes-left:0px;--awb-border-sizes-right:0px;--awb-border-radius-top-left:0px;--awb-border-radius-top-right:0px;--awb-border-radius-bottom-right:0px;--awb-border-radius-bottom-left:0px;--awb-padding-right:0px;--awb-padding-bottom:0px;--awb-padding-left:0px;--awb-margin-top:-90px;--awb-background-color:#ffffff;--awb-flex-wrap:wrap;\" ><div class=\"fusion-builder-row fusion-row\"><div class=\"fusion-layout-column fusion_builder_column fusion-builder-column-0 fusion_builder_column_1_1 1_1 fusion-one-full fusion-column-first fusion-column-last\" style=\"--awb-padding-top:40px;--awb-padding-right:4%;--awb-padding-bottom:20px;--awb-padding-left:4%;--awb-bg-color:rgba(255,255,255,0);--awb-bg-color-hover:rgba(255,255,255,0);--awb-bg-size:cover;--awb-box-shadow:0px -5px 15px 0px rgba(0,0,0,0.03);;--awb-border-color:#3bc863;--awb-border-top:0;--awb-border-style:solid;--awb-margin-top:0px;--awb-margin-bottom:0px;\"><div class=\"fusion-column-wrapper fusion-column-has-shadow fusion-flex-column-wrapper-legacy\"><div class=\"fusion-text fusion-text-1\" style=\"--awb-text-transform:none;\"><p>Am Montag, den 11. November 2024 freuen wir uns auf Eltern und zuk\u00fcnftige &#8222;Erstis&#8220;. Die Einschulungs-Zeit l\u00e4uft an und die Grundschule bereitet den Info-Nachmittag vor, damit Kinder und Eltern einen Einblick in unsere Schule in Schlutup erhalten.<\/p>\n<p>Am Montag, 11. November 2024 geht es um 17:30 Uhr los. Wir begr\u00fc\u00dfen Eltern und Kinder an unserem Standort &#8222;Kr\u00fcmmling&#8220;. Frau Pfennigschmidt und Frau Hase-Rodriguez begr\u00fc\u00dfen euch, statten alle mit einem Namensschild aus und \u00fcbergeben euch und eure Eltern in die &#8222;erfahrenen H\u00e4nde&#8220; unserer Lehrkr\u00e4fte und Grundschulkinder.<br \/>\nSt\u00f6bern, entdecken und kennenlernen- ihr seid dran.<\/p>\n<p>Um ca. 18 Uhr schnappen wir uns eure Eltern, gehen mit ihnen in die Mensa und halten einen &#8222;Vortrag&#8220; \u00fcber unsere Arbeitsweisen, die Anmeldungsformalit\u00e4ten und die Nachmittagsbetreuung. W\u00e4hrenddessen k\u00fcmmern sich unsere Lehrkr\u00e4fte und Kinder um euch.<br \/>\nEs ist drau\u00dfen schon dunkel? Kein Problem f\u00fcr uns: Wir illumieren unser Mammut und unseren Schulhof. Und im Geb\u00e4ude kann man noch verschieden Dinge ausprobieren.<\/p>\n<p>Und weil es schon so sp\u00e4t ist, gibt es nat\u00fcrlich auch ein paar (gesunde :-)) Snacks- von den Kindern in den Frei-Raum-Stunden hergestellt. Was Frei-Raum-Stunden sind? Das erfahren Sie und ihr am 11. 11.2024.<\/p>\n<p>Das gesamte Team der Willy-Brandt-Schule freut sich auf Sie und Dich!<\/p>\n<\/div><div class=\"fusion-clearfix\"><\/div><\/div><\/div><\/div><\/div><div class=\"fusion-fullwidth fullwidth-box fusion-builder-row-2 nonhundred-percent-fullwidth non-hundred-percent-height-scrolling\" style=\"--awb-border-radius-top-left:0px;--awb-border-radius-top-right:0px;--awb-border-radius-bottom-right:0px;--awb-border-radius-bottom-left:0px;--awb-margin-bottom:30px;--awb-flex-wrap:wrap;\" ><div class=\"fusion-builder-row fusion-row\"><div class=\"fusion-layout-column fusion_builder_column fusion-builder-column-1 fusion_builder_column_1_1 1_1 fusion-one-full fusion-column-first fusion-column-last\" style=\"--awb-bg-size:cover;\"><div class=\"fusion-column-wrapper fusion-column-has-shadow fusion-flex-column-wrapper-legacy\"><div class=\"fusion-section-separator section-separator triangle fusion-section-separator-1\" style=\"--awb-border-top:0px solid #e0dede;--awb-spacer-height:0px;--awb-svg-margin-left:0;--awb-svg-margin-right:0;--awb-icon-color:#ffffff;\"><div class=\"fusion-section-separator-svg\"><div class=\"divider-candy-arrow top\" style=\"bottom:0px;border-bottom-color: #f5f5f1;\"><\/div><div class=\"divider-candy top\" style=\"top:-20px;border-bottom:1px solid #e0dede;border-left:1px solid #e0dede;\"><\/div><\/div><div class=\"fusion-section-separator-spacer\"><div class=\"fusion-section-separator-spacer-height\"><\/div><\/div><\/div><div class=\"fusion-clearfix\"><\/div><\/div><\/div><\/div><\/div><div class=\"fusion-fullwidth fullwidth-box fusion-builder-row-3 nonhundred-percent-fullwidth non-hundred-percent-height-scrolling\" style=\"--awb-border-radius-top-left:0px;--awb-border-radius-top-right:0px;--awb-border-radius-bottom-right:0px;--awb-border-radius-bottom-left:0px;--awb-flex-wrap:wrap;\" ><div class=\"fusion-builder-row fusion-row\"><div class=\"fusion-layout-column fusion_builder_column fusion-builder-column-2 fusion_builder_column_1_1 1_1 fusion-one-full fusion-column-first fusion-column-last\" style=\"--awb-bg-size:cover;\"><div class=\"fusion-column-wrapper fusion-column-has-shadow fusion-flex-column-wrapper-legacy\"><div class=\"fusion-clearfix\"><\/div><\/div><\/div><\/div><\/div><\/p>\n","protected":false},"excerpt":{"rendered":"","protected":false},"author":2,"featured_media":8608,"comment_status":"closed","ping_status":"open","sticky":false,"template":"","format":"standard","meta":{"_acf_changed":false,"footnotes":""},"categories":[83],"tags":[],"acf":[],"_links":{"self":[{"href":"https:\/\/wbs-luebeck.de\/wbs\/wp-json\/wp\/v2\/posts\/8700"}],"collection":[{"href":"https:\/\/wbs-luebeck.de\/wbs\/wp-json\/wp\/v2\/posts"}],"about":[{"href":"https:\/\/wbs-luebeck.de\/wbs\/wp-json\/wp\/v2\/types\/post"}],"author":[{"embeddable":true,"href":"https:\/\/wbs-luebeck.de\/wbs\/wp-json\/wp\/v2\/users\/2"}],"replies":[{"embeddable":true,"href":"https:\/\/wbs-luebeck.de\/wbs\/wp-json\/wp\/v2\/comments?post=8700"}],"version-history":[{"count":3,"href":"https:\/\/wbs-luebeck.de\/wbs\/wp-json\/wp\/v2\/posts\/8700\/revisions"}],"predecessor-version":[{"id":8703,"href":"https:\/\/wbs-luebeck.de\/wbs\/wp-json\/wp\/v2\/posts\/8700\/revisions\/8703"}],"wp:featuredmedia":[{"embeddable":true,"href":"https:\/\/wbs-luebeck.de\/wbs\/wp-json\/wp\/v2\/media\/8608"}],"wp:attachment":[{"href":"https:\/\/wbs-luebeck.de\/wbs\/wp-json\/wp\/v2\/media?parent=8700"}],"wp:term":[{"taxonomy":"category","embeddable":true,"href":"https:\/\/wbs-luebeck.de\/wbs\/wp-json\/wp\/v2\/categories?post=8700"},{"taxonomy":"post_tag","embeddable":true,"href":"https:\/\/wbs-luebeck.de\/wbs\/wp-json\/wp\/v2\/tags?post=8700"}],"curies":[{"name":"wp","href":"https:\/\/api.w.org\/{rel}","templated":true}]}}