{"id":7664,"date":"2023-09-17T20:20:34","date_gmt":"2023-09-17T19:20:34","guid":{"rendered":"https:\/\/wbs-luebeck.de\/wbs\/?p=7664"},"modified":"2023-09-17T20:22:35","modified_gmt":"2023-09-17T19:22:35","slug":"74-luebecker-staffellauf","status":"publish","type":"post","link":"https:\/\/wbs-luebeck.de\/wbs\/74-luebecker-staffellauf\/","title":{"rendered":"74. L\u00fcbecker Staffellauf"},"content":{"rendered":"<p><div class=\"fusion-fullwidth fullwidth-box fusion-builder-row-1 nonhundred-percent-fullwidth non-hundred-percent-height-scrolling\" style=\"--awb-border-sizes-top:0px;--awb-border-sizes-bottom:0px;--awb-border-sizes-left:0px;--awb-border-sizes-right:0px;--awb-border-radius-top-left:0px;--awb-border-radius-top-right:0px;--awb-border-radius-bottom-right:0px;--awb-border-radius-bottom-left:0px;--awb-padding-right:0px;--awb-padding-bottom:0px;--awb-padding-left:0px;--awb-margin-top:-90px;--awb-background-color:#ffffff;--awb-flex-wrap:wrap;\" ><div class=\"fusion-builder-row fusion-row\"><div class=\"fusion-layout-column fusion_builder_column fusion-builder-column-0 fusion_builder_column_1_1 1_1 fusion-one-full fusion-column-first fusion-column-last\" style=\"--awb-padding-top:40px;--awb-padding-right:4%;--awb-padding-bottom:20px;--awb-padding-left:4%;--awb-bg-color:rgba(255,255,255,0);--awb-bg-color-hover:rgba(255,255,255,0);--awb-bg-size:cover;--awb-box-shadow:0px -5px 15px 0px rgba(0,0,0,0.03);;--awb-border-color:#3bc863;--awb-border-top:0;--awb-border-style:solid;--awb-margin-top:0px;--awb-margin-bottom:0px;\"><div class=\"fusion-column-wrapper fusion-column-has-shadow fusion-flex-column-wrapper-legacy\"><div class=\"fusion-text fusion-text-1\" style=\"--awb-text-transform:none;\"><p>Welch` ein besonderes Event: Der Staffellauf aller L\u00fcbecker Schulen immer am dritten September im Jahr. Wir waren nat\u00fcrlich wieder dabei. Und weil es gar nicht so einfach ist, so fr\u00fch am Morgen mit der Grundschule aus Schlutup anzureisen, mieten wir uns einfach einen Bus. Etwas frisch war es am Bunianshof, aber dank der Aufregung wurde allen ordentlich warm! Sp\u00e4ter w\u00e4rmte uns auch die Sonne! Sch\u00f6n war es! Angefeuert und gejubelt: Dieses Jahr ging unsere Jungs-Grundschulstaffel mit einem gro\u00dfen Erfolg nach Hause! Platz 7 von 25 teilnehmenden Staffeln !!<\/p>\n<p>Wir freuen uns aufs n\u00e4chste Jahr! Wenn wir vielleicht noch etwas fr\u00fcher anfangen, gelassener bei der \u00dcbergabe des Staffelstabs zu werden, feiern wir noch bessere Erfolge? Aber grunds\u00e4tzlich gilt: Dabei sein ist alles! Ein gro\u00dfes DANKE geht an Herrn Lau, Herrn Somodi, Herrn Storm und Frau Krull und an alle L\u00e4uferinnen und L\u00e4ufer! Wir freuen uns aufs n\u00e4chstes Jahr!<\/p>\n<\/div><div class=\"fusion-clearfix\"><\/div><\/div><\/div><\/div><\/div><div class=\"fusion-fullwidth fullwidth-box fusion-builder-row-2 nonhundred-percent-fullwidth non-hundred-percent-height-scrolling\" style=\"--awb-border-radius-top-left:0px;--awb-border-radius-top-right:0px;--awb-border-radius-bottom-right:0px;--awb-border-radius-bottom-left:0px;--awb-margin-bottom:30px;--awb-flex-wrap:wrap;\" ><div class=\"fusion-builder-row fusion-row\"><div class=\"fusion-layout-column fusion_builder_column fusion-builder-column-1 fusion_builder_column_1_1 1_1 fusion-one-full fusion-column-first fusion-column-last\" style=\"--awb-bg-size:cover;\"><div class=\"fusion-column-wrapper fusion-column-has-shadow fusion-flex-column-wrapper-legacy\"><div class=\"fusion-section-separator section-separator triangle fusion-section-separator-1\" style=\"--awb-border-top:0px solid #e0dede;--awb-spacer-height:0px;--awb-svg-margin-left:0;--awb-svg-margin-right:0;--awb-icon-color:#ffffff;\"><div class=\"fusion-section-separator-svg\"><div class=\"divider-candy-arrow top\" style=\"bottom:0px;border-bottom-color: #f5f5f1;\"><\/div><div class=\"divider-candy top\" style=\"top:-20px;border-bottom:1px solid #e0dede;border-left:1px solid #e0dede;\"><\/div><\/div><div class=\"fusion-section-separator-spacer\"><div class=\"fusion-section-separator-spacer-height\"><\/div><\/div><\/div><div class=\"awb-gallery-wrapper awb-gallery-wrapper-1 button-span-no\" style=\"--more-btn-alignment:center;\"><div style=\"margin:-5px;--awb-bordersize:0px;\" class=\"fusion-gallery fusion-gallery-container fusion-grid-3 fusion-columns-total-6 fusion-gallery-layout-grid fusion-gallery-1\"><div style=\"padding:5px;\" class=\"fusion-grid-column fusion-gallery-column fusion-gallery-column-3 hover-type-zoomin\"><div class=\"fusion-gallery-image\"><a href=\"https:\/\/wbs-luebeck.de\/wbs\/wp-content\/uploads\/2023\/09\/Staffel-2023_6.jpeg\" rel=\"noreferrer\" data-rel=\"iLightbox[gallery_image_1]\" class=\"fusion-lightbox\" target=\"_self\"><img decoding=\"async\" src=\"https:\/\/wbs-luebeck.de\/wbs\/wp-content\/uploads\/2023\/09\/Staffel-2023_6.jpeg\" width=\"1000\" height=\"750\" alt=\"\" title=\"Staffel 2023_6\" aria-label=\"Staffel 2023_6\" class=\"img-responsive wp-image-7667\" srcset=\"https:\/\/wbs-luebeck.de\/wbs\/wp-content\/uploads\/2023\/09\/Staffel-2023_6-200x150.jpeg 200w, https:\/\/wbs-luebeck.de\/wbs\/wp-content\/uploads\/2023\/09\/Staffel-2023_6-400x300.jpeg 400w, https:\/\/wbs-luebeck.de\/wbs\/wp-content\/uploads\/2023\/09\/Staffel-2023_6-600x450.jpeg 600w, https:\/\/wbs-luebeck.de\/wbs\/wp-content\/uploads\/2023\/09\/Staffel-2023_6-800x600.jpeg 800w, https:\/\/wbs-luebeck.de\/wbs\/wp-content\/uploads\/2023\/09\/Staffel-2023_6.jpeg 1000w\" sizes=\"(min-width: 2200px) 100vw, (min-width: 784px) 397px, (min-width: 712px) 595px, (min-width: 640px) 712px, \" \/><\/a><\/div><\/div><div style=\"padding:5px;\" class=\"fusion-grid-column fusion-gallery-column fusion-gallery-column-3 hover-type-zoomin\"><div class=\"fusion-gallery-image\"><a href=\"https:\/\/wbs-luebeck.de\/wbs\/wp-content\/uploads\/2023\/09\/Staffel-2023_5.jpeg\" rel=\"noreferrer\" data-rel=\"iLightbox[gallery_image_1]\" class=\"fusion-lightbox\" target=\"_self\"><img decoding=\"async\" src=\"https:\/\/wbs-luebeck.de\/wbs\/wp-content\/uploads\/2023\/09\/Staffel-2023_5.jpeg\" width=\"1000\" height=\"750\" alt=\"\" title=\"Staffel 2023_5\" aria-label=\"Staffel 2023_5\" class=\"img-responsive wp-image-7668\" srcset=\"https:\/\/wbs-luebeck.de\/wbs\/wp-content\/uploads\/2023\/09\/Staffel-2023_5-200x150.jpeg 200w, https:\/\/wbs-luebeck.de\/wbs\/wp-content\/uploads\/2023\/09\/Staffel-2023_5-400x300.jpeg 400w, https:\/\/wbs-luebeck.de\/wbs\/wp-content\/uploads\/2023\/09\/Staffel-2023_5-600x450.jpeg 600w, https:\/\/wbs-luebeck.de\/wbs\/wp-content\/uploads\/2023\/09\/Staffel-2023_5-800x600.jpeg 800w, https:\/\/wbs-luebeck.de\/wbs\/wp-content\/uploads\/2023\/09\/Staffel-2023_5.jpeg 1000w\" sizes=\"(min-width: 2200px) 100vw, (min-width: 784px) 397px, (min-width: 712px) 595px, (min-width: 640px) 712px, \" \/><\/a><\/div><\/div><div style=\"padding:5px;\" class=\"fusion-grid-column fusion-gallery-column fusion-gallery-column-3 hover-type-zoomin\"><div class=\"fusion-gallery-image\"><a href=\"https:\/\/wbs-luebeck.de\/wbs\/wp-content\/uploads\/2023\/09\/Staffel-2023_4.jpeg\" rel=\"noreferrer\" data-rel=\"iLightbox[gallery_image_1]\" class=\"fusion-lightbox\" target=\"_self\"><img decoding=\"async\" src=\"https:\/\/wbs-luebeck.de\/wbs\/wp-content\/uploads\/2023\/09\/Staffel-2023_4.jpeg\" width=\"1000\" height=\"750\" alt=\"\" title=\"Staffel 2023_4\" aria-label=\"Staffel 2023_4\" class=\"img-responsive wp-image-7669\" srcset=\"https:\/\/wbs-luebeck.de\/wbs\/wp-content\/uploads\/2023\/09\/Staffel-2023_4-200x150.jpeg 200w, https:\/\/wbs-luebeck.de\/wbs\/wp-content\/uploads\/2023\/09\/Staffel-2023_4-400x300.jpeg 400w, https:\/\/wbs-luebeck.de\/wbs\/wp-content\/uploads\/2023\/09\/Staffel-2023_4-600x450.jpeg 600w, https:\/\/wbs-luebeck.de\/wbs\/wp-content\/uploads\/2023\/09\/Staffel-2023_4-800x600.jpeg 800w, https:\/\/wbs-luebeck.de\/wbs\/wp-content\/uploads\/2023\/09\/Staffel-2023_4.jpeg 1000w\" sizes=\"(min-width: 2200px) 100vw, (min-width: 784px) 397px, (min-width: 712px) 595px, (min-width: 640px) 712px, \" \/><\/a><\/div><\/div><div class=\"clearfix\"><\/div><div style=\"padding:5px;\" class=\"fusion-grid-column fusion-gallery-column fusion-gallery-column-3 hover-type-zoomin\"><div class=\"fusion-gallery-image\"><a href=\"https:\/\/wbs-luebeck.de\/wbs\/wp-content\/uploads\/2023\/09\/Staffel-2023_3.jpeg\" rel=\"noreferrer\" data-rel=\"iLightbox[gallery_image_1]\" class=\"fusion-lightbox\" target=\"_self\"><img decoding=\"async\" src=\"https:\/\/wbs-luebeck.de\/wbs\/wp-content\/uploads\/2023\/09\/Staffel-2023_3.jpeg\" width=\"1000\" height=\"750\" alt=\"\" title=\"Staffel 2023_3\" aria-label=\"Staffel 2023_3\" class=\"img-responsive wp-image-7670\" srcset=\"https:\/\/wbs-luebeck.de\/wbs\/wp-content\/uploads\/2023\/09\/Staffel-2023_3-200x150.jpeg 200w, https:\/\/wbs-luebeck.de\/wbs\/wp-content\/uploads\/2023\/09\/Staffel-2023_3-400x300.jpeg 400w, https:\/\/wbs-luebeck.de\/wbs\/wp-content\/uploads\/2023\/09\/Staffel-2023_3-600x450.jpeg 600w, https:\/\/wbs-luebeck.de\/wbs\/wp-content\/uploads\/2023\/09\/Staffel-2023_3-800x600.jpeg 800w, https:\/\/wbs-luebeck.de\/wbs\/wp-content\/uploads\/2023\/09\/Staffel-2023_3.jpeg 1000w\" sizes=\"(min-width: 2200px) 100vw, (min-width: 784px) 397px, (min-width: 712px) 595px, (min-width: 640px) 712px, \" \/><\/a><\/div><\/div><div style=\"padding:5px;\" class=\"fusion-grid-column fusion-gallery-column fusion-gallery-column-3 hover-type-zoomin\"><div class=\"fusion-gallery-image\"><a href=\"https:\/\/wbs-luebeck.de\/wbs\/wp-content\/uploads\/2023\/09\/Staffel-23_2-1.jpeg\" rel=\"noreferrer\" data-rel=\"iLightbox[gallery_image_1]\" class=\"fusion-lightbox\" target=\"_self\"><img decoding=\"async\" src=\"https:\/\/wbs-luebeck.de\/wbs\/wp-content\/uploads\/2023\/09\/Staffel-23_2-1.jpeg\" width=\"1000\" height=\"750\" alt=\"\" title=\"Staffel 23_2\" aria-label=\"Staffel 23_2\" class=\"img-responsive wp-image-7671\" srcset=\"https:\/\/wbs-luebeck.de\/wbs\/wp-content\/uploads\/2023\/09\/Staffel-23_2-1-200x150.jpeg 200w, https:\/\/wbs-luebeck.de\/wbs\/wp-content\/uploads\/2023\/09\/Staffel-23_2-1-400x300.jpeg 400w, https:\/\/wbs-luebeck.de\/wbs\/wp-content\/uploads\/2023\/09\/Staffel-23_2-1-600x450.jpeg 600w, https:\/\/wbs-luebeck.de\/wbs\/wp-content\/uploads\/2023\/09\/Staffel-23_2-1-800x600.jpeg 800w, https:\/\/wbs-luebeck.de\/wbs\/wp-content\/uploads\/2023\/09\/Staffel-23_2-1.jpeg 1000w\" sizes=\"(min-width: 2200px) 100vw, (min-width: 784px) 397px, (min-width: 712px) 595px, (min-width: 640px) 712px, \" \/><\/a><\/div><\/div><div style=\"padding:5px;\" class=\"fusion-grid-column fusion-gallery-column fusion-gallery-column-3 hover-type-zoomin\"><div class=\"fusion-gallery-image\"><a href=\"https:\/\/wbs-luebeck.de\/wbs\/wp-content\/uploads\/2023\/09\/Staffel-23_1-1.jpg\" rel=\"noreferrer\" data-rel=\"iLightbox[gallery_image_1]\" class=\"fusion-lightbox\" target=\"_self\"><img decoding=\"async\" src=\"https:\/\/wbs-luebeck.de\/wbs\/wp-content\/uploads\/2023\/09\/Staffel-23_1-1.jpg\" width=\"1000\" height=\"667\" alt=\"\" title=\"Staffel 23_1\" aria-label=\"Staffel 23_1\" class=\"img-responsive wp-image-7672\" srcset=\"https:\/\/wbs-luebeck.de\/wbs\/wp-content\/uploads\/2023\/09\/Staffel-23_1-1-200x133.jpg 200w, https:\/\/wbs-luebeck.de\/wbs\/wp-content\/uploads\/2023\/09\/Staffel-23_1-1-400x267.jpg 400w, https:\/\/wbs-luebeck.de\/wbs\/wp-content\/uploads\/2023\/09\/Staffel-23_1-1-600x400.jpg 600w, https:\/\/wbs-luebeck.de\/wbs\/wp-content\/uploads\/2023\/09\/Staffel-23_1-1-800x534.jpg 800w, https:\/\/wbs-luebeck.de\/wbs\/wp-content\/uploads\/2023\/09\/Staffel-23_1-1.jpg 1000w\" sizes=\"(min-width: 2200px) 100vw, (min-width: 784px) 397px, (min-width: 712px) 595px, (min-width: 640px) 712px, \" \/><\/a><\/div><\/div><div class=\"clearfix\"><\/div><\/div><\/div><div class=\"fusion-clearfix\"><\/div><\/div><\/div><\/div><\/div><\/p>\n","protected":false},"excerpt":{"rendered":"","protected":false},"author":2,"featured_media":7665,"comment_status":"closed","ping_status":"open","sticky":false,"template":"","format":"standard","meta":{"_acf_changed":false,"footnotes":""},"categories":[83],"tags":[102,100,105,101,99,104],"acf":[],"_links":{"self":[{"href":"https:\/\/wbs-luebeck.de\/wbs\/wp-json\/wp\/v2\/posts\/7664"}],"collection":[{"href":"https:\/\/wbs-luebeck.de\/wbs\/wp-json\/wp\/v2\/posts"}],"about":[{"href":"https:\/\/wbs-luebeck.de\/wbs\/wp-json\/wp\/v2\/types\/post"}],"author":[{"embeddable":true,"href":"https:\/\/wbs-luebeck.de\/wbs\/wp-json\/wp\/v2\/users\/2"}],"replies":[{"embeddable":true,"href":"https:\/\/wbs-luebeck.de\/wbs\/wp-json\/wp\/v2\/comments?post=7664"}],"version-history":[{"count":1,"href":"https:\/\/wbs-luebeck.de\/wbs\/wp-json\/wp\/v2\/posts\/7664\/revisions"}],"predecessor-version":[{"id":7673,"href":"https:\/\/wbs-luebeck.de\/wbs\/wp-json\/wp\/v2\/posts\/7664\/revisions\/7673"}],"wp:featuredmedia":[{"embeddable":true,"href":"https:\/\/wbs-luebeck.de\/wbs\/wp-json\/wp\/v2\/media\/7665"}],"wp:attachment":[{"href":"https:\/\/wbs-luebeck.de\/wbs\/wp-json\/wp\/v2\/media?parent=7664"}],"wp:term":[{"taxonomy":"category","embeddable":true,"href":"https:\/\/wbs-luebeck.de\/wbs\/wp-json\/wp\/v2\/categories?post=7664"},{"taxonomy":"post_tag","embeddable":true,"href":"https:\/\/wbs-luebeck.de\/wbs\/wp-json\/wp\/v2\/tags?post=7664"}],"curies":[{"name":"wp","href":"https:\/\/api.w.org\/{rel}","templated":true}]}}