{"id":7620,"date":"2023-08-31T20:00:52","date_gmt":"2023-08-31T19:00:52","guid":{"rendered":"https:\/\/wbs-luebeck.de\/wbs\/?p=7620"},"modified":"2023-09-01T19:57:29","modified_gmt":"2023-09-01T18:57:29","slug":"juhu-das-neue-schuljahr-ist-da","status":"publish","type":"post","link":"https:\/\/wbs-luebeck.de\/wbs\/juhu-das-neue-schuljahr-ist-da\/","title":{"rendered":"Juhu! Das neue Schuljahr ist da!"},"content":{"rendered":"<p><div class=\"fusion-fullwidth fullwidth-box fusion-builder-row-1 nonhundred-percent-fullwidth non-hundred-percent-height-scrolling\" style=\"--awb-border-sizes-top:0px;--awb-border-sizes-bottom:0px;--awb-border-sizes-left:0px;--awb-border-sizes-right:0px;--awb-border-radius-top-left:0px;--awb-border-radius-top-right:0px;--awb-border-radius-bottom-right:0px;--awb-border-radius-bottom-left:0px;--awb-padding-right:0px;--awb-padding-bottom:0px;--awb-padding-left:0px;--awb-margin-top:-90px;--awb-background-color:#ffffff;--awb-flex-wrap:wrap;\" ><div class=\"fusion-builder-row fusion-row\"><div class=\"fusion-layout-column fusion_builder_column fusion-builder-column-0 fusion_builder_column_1_1 1_1 fusion-one-full fusion-column-first fusion-column-last\" style=\"--awb-padding-top:40px;--awb-padding-right:4%;--awb-padding-bottom:20px;--awb-padding-left:4%;--awb-bg-color:rgba(255,255,255,0);--awb-bg-color-hover:rgba(255,255,255,0);--awb-bg-size:cover;--awb-box-shadow:0px -5px 15px 0px rgba(0,0,0,0.03);;--awb-border-color:#3bc863;--awb-border-top:0;--awb-border-style:solid;--awb-margin-top:0px;--awb-margin-bottom:0px;\"><div class=\"fusion-column-wrapper fusion-column-has-shadow fusion-flex-column-wrapper-legacy\"><div class=\"fusion-text fusion-text-1\" style=\"--awb-text-transform:none;\"><p>Mit gro\u00dfer Freude hat Schlutup das neue Schuljahr eingel\u00e4utet! Alle waren am ersten Schultag da. Und am Dienstag und Mittwoch haben wir unsere neuen 5. Kl\u00e4sslerinnen und 5. Kl\u00e4ssler sowie unsere &#8222;Erstis&#8220; eingeschult! Jetzt sind wir komplett und freuen uns auf ein erfolgreiches und freudvolles Schuljahr. Staffeltag, Musical@School, Projekttage &#8211; wir starten voll durch. Schlutup ist zudem froh, dass wir &#8211; wie immer- mit einer einer vollst\u00e4ndigen Lehrkr\u00e4fte-Mannschaft starten k\u00f6nnen!<\/p>\n<p>Sch\u00f6ne Einschulungstage haben wir gemeinsam verbracht! Wir w\u00fcnschen unseren &#8222;alten&#8220; Sch\u00fclerinnen und unseren neuen Sch\u00fclern eine gute Schulzeit bei uns in Schlutup!<\/p>\n<p>Sehen wir uns alle am Freitag, den \u00a008.09.2023 um 16 Uhr in der Aula? Zur Musical@School Auff\u00fchrung unserer 7.Klassen? Oder am 30.09.2023 zum Schlutuper Flohmarkt an der WBS? Oder am 15.09.2023 zum L\u00fcbecker Staffeltag? Oder am 26.09.2023 zur Schulelternbeiratssitzung?<\/p>\n<p>Wir freuen uns auf unser neues Schuljahr!<\/p>\n<\/div><div class=\"fusion-clearfix\"><\/div><\/div><\/div><\/div><\/div><div class=\"fusion-fullwidth fullwidth-box fusion-builder-row-2 nonhundred-percent-fullwidth non-hundred-percent-height-scrolling\" style=\"--awb-border-radius-top-left:0px;--awb-border-radius-top-right:0px;--awb-border-radius-bottom-right:0px;--awb-border-radius-bottom-left:0px;--awb-margin-bottom:30px;--awb-flex-wrap:wrap;\" ><div class=\"fusion-builder-row fusion-row\"><div class=\"fusion-layout-column fusion_builder_column fusion-builder-column-1 fusion_builder_column_1_1 1_1 fusion-one-full fusion-column-first fusion-column-last\" style=\"--awb-bg-size:cover;\"><div class=\"fusion-column-wrapper fusion-column-has-shadow fusion-flex-column-wrapper-legacy\"><div class=\"fusion-section-separator section-separator triangle fusion-section-separator-1\" style=\"--awb-border-top:0px solid #e0dede;--awb-spacer-height:0px;--awb-svg-margin-left:0;--awb-svg-margin-right:0;--awb-icon-color:#ffffff;\"><div class=\"fusion-section-separator-svg\"><div class=\"divider-candy-arrow top\" style=\"bottom:0px;border-bottom-color: #f5f5f1;\"><\/div><div class=\"divider-candy top\" style=\"top:-20px;border-bottom:1px solid #e0dede;border-left:1px solid #e0dede;\"><\/div><\/div><div class=\"fusion-section-separator-spacer\"><div class=\"fusion-section-separator-spacer-height\"><\/div><\/div><\/div><div class=\"awb-gallery-wrapper awb-gallery-wrapper-1 button-span-no\" style=\"--more-btn-alignment:center;\"><div style=\"margin:-5px;--awb-bordersize:0px;\" class=\"fusion-gallery fusion-gallery-container fusion-grid-3 fusion-columns-total-11 fusion-gallery-layout-grid fusion-gallery-1\"><div style=\"padding:5px;\" class=\"fusion-grid-column fusion-gallery-column fusion-gallery-column-3 hover-type-zoomin\"><div class=\"fusion-gallery-image\"><a href=\"https:\/\/wbs-luebeck.de\/wbs\/wp-content\/uploads\/2023\/08\/Einschulung-2023-Boe.jpeg\" rel=\"noreferrer\" data-rel=\"iLightbox[gallery_image_1]\" class=\"fusion-lightbox\" target=\"_self\"><img decoding=\"async\" src=\"https:\/\/wbs-luebeck.de\/wbs\/wp-content\/uploads\/2023\/08\/Einschulung-2023-Boe.jpeg\" width=\"1000\" height=\"1333\" alt=\"\" title=\"Einschulung 2023 B\u00f6\" aria-label=\"Einschulung 2023 B\u00f6\" class=\"img-responsive wp-image-7624\" srcset=\"https:\/\/wbs-luebeck.de\/wbs\/wp-content\/uploads\/2023\/08\/Einschulung-2023-Boe-200x267.jpeg 200w, https:\/\/wbs-luebeck.de\/wbs\/wp-content\/uploads\/2023\/08\/Einschulung-2023-Boe-400x533.jpeg 400w, https:\/\/wbs-luebeck.de\/wbs\/wp-content\/uploads\/2023\/08\/Einschulung-2023-Boe-600x800.jpeg 600w, https:\/\/wbs-luebeck.de\/wbs\/wp-content\/uploads\/2023\/08\/Einschulung-2023-Boe-800x1066.jpeg 800w, https:\/\/wbs-luebeck.de\/wbs\/wp-content\/uploads\/2023\/08\/Einschulung-2023-Boe.jpeg 1000w\" sizes=\"(min-width: 2200px) 100vw, (min-width: 784px) 397px, (min-width: 712px) 595px, (min-width: 640px) 712px, \" \/><\/a><\/div><\/div><div style=\"padding:5px;\" class=\"fusion-grid-column fusion-gallery-column fusion-gallery-column-3 hover-type-zoomin\"><div class=\"fusion-gallery-image\"><a href=\"https:\/\/wbs-luebeck.de\/wbs\/wp-content\/uploads\/2023\/08\/Einschulung-2023-Hob.jpeg\" rel=\"noreferrer\" data-rel=\"iLightbox[gallery_image_1]\" class=\"fusion-lightbox\" target=\"_self\"><img decoding=\"async\" src=\"https:\/\/wbs-luebeck.de\/wbs\/wp-content\/uploads\/2023\/08\/Einschulung-2023-Hob.jpeg\" width=\"1000\" height=\"1333\" alt=\"\" title=\"Einschulung 2023 Hob\" aria-label=\"Einschulung 2023 Hob\" class=\"img-responsive wp-image-7625\" srcset=\"https:\/\/wbs-luebeck.de\/wbs\/wp-content\/uploads\/2023\/08\/Einschulung-2023-Hob-200x267.jpeg 200w, https:\/\/wbs-luebeck.de\/wbs\/wp-content\/uploads\/2023\/08\/Einschulung-2023-Hob-400x533.jpeg 400w, https:\/\/wbs-luebeck.de\/wbs\/wp-content\/uploads\/2023\/08\/Einschulung-2023-Hob-600x800.jpeg 600w, https:\/\/wbs-luebeck.de\/wbs\/wp-content\/uploads\/2023\/08\/Einschulung-2023-Hob-800x1066.jpeg 800w, https:\/\/wbs-luebeck.de\/wbs\/wp-content\/uploads\/2023\/08\/Einschulung-2023-Hob.jpeg 1000w\" sizes=\"(min-width: 2200px) 100vw, (min-width: 784px) 397px, (min-width: 712px) 595px, (min-width: 640px) 712px, \" \/><\/a><\/div><\/div><div style=\"padding:5px;\" class=\"fusion-grid-column fusion-gallery-column fusion-gallery-column-3 hover-type-zoomin\"><div class=\"fusion-gallery-image\"><a href=\"https:\/\/wbs-luebeck.de\/wbs\/wp-content\/uploads\/2023\/08\/Einschuklung-KIA-2023.jpeg\" rel=\"noreferrer\" data-rel=\"iLightbox[gallery_image_1]\" class=\"fusion-lightbox\" target=\"_self\"><img decoding=\"async\" src=\"https:\/\/wbs-luebeck.de\/wbs\/wp-content\/uploads\/2023\/08\/Einschuklung-KIA-2023.jpeg\" width=\"1000\" height=\"646\" alt=\"\" title=\"Einschuklung KIA 2023\" aria-label=\"Einschuklung KIA 2023\" class=\"img-responsive wp-image-7626\" srcset=\"https:\/\/wbs-luebeck.de\/wbs\/wp-content\/uploads\/2023\/08\/Einschuklung-KIA-2023-200x129.jpeg 200w, https:\/\/wbs-luebeck.de\/wbs\/wp-content\/uploads\/2023\/08\/Einschuklung-KIA-2023-400x258.jpeg 400w, https:\/\/wbs-luebeck.de\/wbs\/wp-content\/uploads\/2023\/08\/Einschuklung-KIA-2023-600x388.jpeg 600w, https:\/\/wbs-luebeck.de\/wbs\/wp-content\/uploads\/2023\/08\/Einschuklung-KIA-2023-800x517.jpeg 800w, https:\/\/wbs-luebeck.de\/wbs\/wp-content\/uploads\/2023\/08\/Einschuklung-KIA-2023.jpeg 1000w\" sizes=\"(min-width: 2200px) 100vw, (min-width: 784px) 397px, (min-width: 712px) 595px, (min-width: 640px) 712px, \" \/><\/a><\/div><\/div><div class=\"clearfix\"><\/div><div style=\"padding:5px;\" class=\"fusion-grid-column fusion-gallery-column fusion-gallery-column-3 hover-type-zoomin\"><div class=\"fusion-gallery-image\"><a href=\"https:\/\/wbs-luebeck.de\/wbs\/wp-content\/uploads\/2023\/08\/Einschulung-20231.jpeg\" rel=\"noreferrer\" data-rel=\"iLightbox[gallery_image_1]\" class=\"fusion-lightbox\" target=\"_self\"><img decoding=\"async\" src=\"https:\/\/wbs-luebeck.de\/wbs\/wp-content\/uploads\/2023\/08\/Einschulung-20231.jpeg\" width=\"1000\" height=\"750\" alt=\"\" title=\"Einschulung 20231\" aria-label=\"Einschulung 20231\" class=\"img-responsive wp-image-7627\" srcset=\"https:\/\/wbs-luebeck.de\/wbs\/wp-content\/uploads\/2023\/08\/Einschulung-20231-200x150.jpeg 200w, https:\/\/wbs-luebeck.de\/wbs\/wp-content\/uploads\/2023\/08\/Einschulung-20231-400x300.jpeg 400w, https:\/\/wbs-luebeck.de\/wbs\/wp-content\/uploads\/2023\/08\/Einschulung-20231-600x450.jpeg 600w, https:\/\/wbs-luebeck.de\/wbs\/wp-content\/uploads\/2023\/08\/Einschulung-20231-800x600.jpeg 800w, https:\/\/wbs-luebeck.de\/wbs\/wp-content\/uploads\/2023\/08\/Einschulung-20231.jpeg 1000w\" sizes=\"(min-width: 2200px) 100vw, (min-width: 784px) 397px, (min-width: 712px) 595px, (min-width: 640px) 712px, \" \/><\/a><\/div><\/div><div style=\"padding:5px;\" class=\"fusion-grid-column fusion-gallery-column fusion-gallery-column-3 hover-type-zoomin\"><div class=\"fusion-gallery-image\"><a href=\"https:\/\/wbs-luebeck.de\/wbs\/wp-content\/uploads\/2023\/08\/inschulung-Luna.jpeg\" rel=\"noreferrer\" data-rel=\"iLightbox[gallery_image_1]\" class=\"fusion-lightbox\" target=\"_self\"><img decoding=\"async\" src=\"https:\/\/wbs-luebeck.de\/wbs\/wp-content\/uploads\/2023\/08\/inschulung-Luna.jpeg\" width=\"1000\" height=\"1333\" alt=\"\" title=\"inschulung Luna\" aria-label=\"inschulung Luna\" class=\"img-responsive wp-image-7628\" srcset=\"https:\/\/wbs-luebeck.de\/wbs\/wp-content\/uploads\/2023\/08\/inschulung-Luna-200x267.jpeg 200w, https:\/\/wbs-luebeck.de\/wbs\/wp-content\/uploads\/2023\/08\/inschulung-Luna-400x533.jpeg 400w, https:\/\/wbs-luebeck.de\/wbs\/wp-content\/uploads\/2023\/08\/inschulung-Luna-600x800.jpeg 600w, https:\/\/wbs-luebeck.de\/wbs\/wp-content\/uploads\/2023\/08\/inschulung-Luna-800x1066.jpeg 800w, https:\/\/wbs-luebeck.de\/wbs\/wp-content\/uploads\/2023\/08\/inschulung-Luna.jpeg 1000w\" sizes=\"(min-width: 2200px) 100vw, (min-width: 784px) 397px, (min-width: 712px) 595px, (min-width: 640px) 712px, \" \/><\/a><\/div><\/div><div style=\"padding:5px;\" class=\"fusion-grid-column fusion-gallery-column fusion-gallery-column-3 hover-type-zoomin\"><div class=\"fusion-gallery-image\"><a href=\"https:\/\/wbs-luebeck.de\/wbs\/wp-content\/uploads\/2023\/08\/Einschulung-Tafel-2023.jpeg\" rel=\"noreferrer\" data-rel=\"iLightbox[gallery_image_1]\" class=\"fusion-lightbox\" target=\"_self\"><img decoding=\"async\" src=\"https:\/\/wbs-luebeck.de\/wbs\/wp-content\/uploads\/2023\/08\/Einschulung-Tafel-2023.jpeg\" width=\"1000\" height=\"1750\" alt=\"\" title=\"Einschulung Tafel 2023\" aria-label=\"Einschulung Tafel 2023\" class=\"img-responsive wp-image-7629\" srcset=\"https:\/\/wbs-luebeck.de\/wbs\/wp-content\/uploads\/2023\/08\/Einschulung-Tafel-2023-200x350.jpeg 200w, https:\/\/wbs-luebeck.de\/wbs\/wp-content\/uploads\/2023\/08\/Einschulung-Tafel-2023-400x700.jpeg 400w, https:\/\/wbs-luebeck.de\/wbs\/wp-content\/uploads\/2023\/08\/Einschulung-Tafel-2023-600x1050.jpeg 600w, https:\/\/wbs-luebeck.de\/wbs\/wp-content\/uploads\/2023\/08\/Einschulung-Tafel-2023-800x1400.jpeg 800w, https:\/\/wbs-luebeck.de\/wbs\/wp-content\/uploads\/2023\/08\/Einschulung-Tafel-2023.jpeg 1000w\" sizes=\"(min-width: 2200px) 100vw, (min-width: 784px) 397px, (min-width: 712px) 595px, (min-width: 640px) 712px, \" \/><\/a><\/div><\/div><div class=\"clearfix\"><\/div><div style=\"padding:5px;\" class=\"fusion-grid-column fusion-gallery-column fusion-gallery-column-3 hover-type-zoomin\"><div class=\"fusion-gallery-image\"><a href=\"https:\/\/wbs-luebeck.de\/wbs\/wp-content\/uploads\/2023\/08\/inschulung-2023-2.jpg\" rel=\"noreferrer\" data-rel=\"iLightbox[gallery_image_1]\" class=\"fusion-lightbox\" target=\"_self\"><img decoding=\"async\" src=\"https:\/\/wbs-luebeck.de\/wbs\/wp-content\/uploads\/2023\/08\/inschulung-2023-2.jpg\" width=\"1000\" height=\"667\" alt=\"\" title=\"inschulung 2023 2\" aria-label=\"inschulung 2023 2\" class=\"img-responsive wp-image-7630\" srcset=\"https:\/\/wbs-luebeck.de\/wbs\/wp-content\/uploads\/2023\/08\/inschulung-2023-2-200x133.jpg 200w, https:\/\/wbs-luebeck.de\/wbs\/wp-content\/uploads\/2023\/08\/inschulung-2023-2-400x267.jpg 400w, https:\/\/wbs-luebeck.de\/wbs\/wp-content\/uploads\/2023\/08\/inschulung-2023-2-600x400.jpg 600w, https:\/\/wbs-luebeck.de\/wbs\/wp-content\/uploads\/2023\/08\/inschulung-2023-2-800x534.jpg 800w, https:\/\/wbs-luebeck.de\/wbs\/wp-content\/uploads\/2023\/08\/inschulung-2023-2.jpg 1000w\" sizes=\"(min-width: 2200px) 100vw, (min-width: 784px) 397px, (min-width: 712px) 595px, (min-width: 640px) 712px, \" \/><\/a><\/div><\/div><div style=\"padding:5px;\" class=\"fusion-grid-column fusion-gallery-column fusion-gallery-column-3 hover-type-zoomin\"><div class=\"fusion-gallery-image\"><a href=\"https:\/\/wbs-luebeck.de\/wbs\/wp-content\/uploads\/2023\/08\/grundschule-2023.jpeg\" rel=\"noreferrer\" data-rel=\"iLightbox[gallery_image_1]\" class=\"fusion-lightbox\" target=\"_self\"><img decoding=\"async\" src=\"https:\/\/wbs-luebeck.de\/wbs\/wp-content\/uploads\/2023\/08\/grundschule-2023.jpeg\" width=\"1000\" height=\"750\" alt=\"\" title=\"grundschule 2023\" aria-label=\"grundschule 2023\" class=\"img-responsive wp-image-7638\" srcset=\"https:\/\/wbs-luebeck.de\/wbs\/wp-content\/uploads\/2023\/08\/grundschule-2023-200x150.jpeg 200w, https:\/\/wbs-luebeck.de\/wbs\/wp-content\/uploads\/2023\/08\/grundschule-2023-400x300.jpeg 400w, https:\/\/wbs-luebeck.de\/wbs\/wp-content\/uploads\/2023\/08\/grundschule-2023-600x450.jpeg 600w, https:\/\/wbs-luebeck.de\/wbs\/wp-content\/uploads\/2023\/08\/grundschule-2023-800x600.jpeg 800w, https:\/\/wbs-luebeck.de\/wbs\/wp-content\/uploads\/2023\/08\/grundschule-2023.jpeg 1000w\" sizes=\"(min-width: 2200px) 100vw, (min-width: 784px) 397px, (min-width: 712px) 595px, (min-width: 640px) 712px, \" \/><\/a><\/div><\/div><div style=\"padding:5px;\" class=\"fusion-grid-column fusion-gallery-column fusion-gallery-column-3 hover-type-zoomin\"><div class=\"fusion-gallery-image\"><a href=\"https:\/\/wbs-luebeck.de\/wbs\/wp-content\/uploads\/2023\/08\/gems20233.jpeg\" rel=\"noreferrer\" data-rel=\"iLightbox[gallery_image_1]\" class=\"fusion-lightbox\" target=\"_self\"><img decoding=\"async\" src=\"https:\/\/wbs-luebeck.de\/wbs\/wp-content\/uploads\/2023\/08\/gems20233.jpeg\" width=\"1000\" height=\"667\" alt=\"\" title=\"gems20233\" aria-label=\"gems20233\" class=\"img-responsive wp-image-7639\" srcset=\"https:\/\/wbs-luebeck.de\/wbs\/wp-content\/uploads\/2023\/08\/gems20233-200x133.jpeg 200w, https:\/\/wbs-luebeck.de\/wbs\/wp-content\/uploads\/2023\/08\/gems20233-400x267.jpeg 400w, https:\/\/wbs-luebeck.de\/wbs\/wp-content\/uploads\/2023\/08\/gems20233-600x400.jpeg 600w, https:\/\/wbs-luebeck.de\/wbs\/wp-content\/uploads\/2023\/08\/gems20233-800x534.jpeg 800w, https:\/\/wbs-luebeck.de\/wbs\/wp-content\/uploads\/2023\/08\/gems20233.jpeg 1000w\" sizes=\"(min-width: 2200px) 100vw, (min-width: 784px) 397px, (min-width: 712px) 595px, (min-width: 640px) 712px, \" \/><\/a><\/div><\/div><div class=\"clearfix\"><\/div><div style=\"padding:5px;\" class=\"fusion-grid-column fusion-gallery-column fusion-gallery-column-3 hover-type-zoomin\"><div class=\"fusion-gallery-image\"><a href=\"https:\/\/wbs-luebeck.de\/wbs\/wp-content\/uploads\/2023\/08\/gems-20232.jpeg\" rel=\"noreferrer\" data-rel=\"iLightbox[gallery_image_1]\" class=\"fusion-lightbox\" target=\"_self\"><img decoding=\"async\" src=\"https:\/\/wbs-luebeck.de\/wbs\/wp-content\/uploads\/2023\/08\/gems-20232.jpeg\" width=\"1000\" height=\"667\" alt=\"\" title=\"gems 20232\" aria-label=\"gems 20232\" class=\"img-responsive wp-image-7640\" srcset=\"https:\/\/wbs-luebeck.de\/wbs\/wp-content\/uploads\/2023\/08\/gems-20232-200x133.jpeg 200w, https:\/\/wbs-luebeck.de\/wbs\/wp-content\/uploads\/2023\/08\/gems-20232-400x267.jpeg 400w, https:\/\/wbs-luebeck.de\/wbs\/wp-content\/uploads\/2023\/08\/gems-20232-600x400.jpeg 600w, https:\/\/wbs-luebeck.de\/wbs\/wp-content\/uploads\/2023\/08\/gems-20232-800x534.jpeg 800w, https:\/\/wbs-luebeck.de\/wbs\/wp-content\/uploads\/2023\/08\/gems-20232.jpeg 1000w\" sizes=\"(min-width: 2200px) 100vw, (min-width: 784px) 397px, (min-width: 712px) 595px, (min-width: 640px) 712px, \" \/><\/a><\/div><\/div><div style=\"padding:5px;\" class=\"fusion-grid-column fusion-gallery-column fusion-gallery-column-3 hover-type-zoomin\"><div class=\"fusion-gallery-image\"><a href=\"https:\/\/wbs-luebeck.de\/wbs\/wp-content\/uploads\/2023\/08\/Gems-20231.jpeg\" rel=\"noreferrer\" data-rel=\"iLightbox[gallery_image_1]\" class=\"fusion-lightbox\" target=\"_self\"><img decoding=\"async\" src=\"https:\/\/wbs-luebeck.de\/wbs\/wp-content\/uploads\/2023\/08\/Gems-20231.jpeg\" width=\"1000\" height=\"791\" alt=\"\" title=\"Gems 20231\" aria-label=\"Gems 20231\" class=\"img-responsive wp-image-7641\" srcset=\"https:\/\/wbs-luebeck.de\/wbs\/wp-content\/uploads\/2023\/08\/Gems-20231-200x158.jpeg 200w, https:\/\/wbs-luebeck.de\/wbs\/wp-content\/uploads\/2023\/08\/Gems-20231-400x316.jpeg 400w, https:\/\/wbs-luebeck.de\/wbs\/wp-content\/uploads\/2023\/08\/Gems-20231-600x475.jpeg 600w, https:\/\/wbs-luebeck.de\/wbs\/wp-content\/uploads\/2023\/08\/Gems-20231-800x633.jpeg 800w, https:\/\/wbs-luebeck.de\/wbs\/wp-content\/uploads\/2023\/08\/Gems-20231.jpeg 1000w\" sizes=\"(min-width: 2200px) 100vw, (min-width: 784px) 397px, (min-width: 712px) 595px, (min-width: 640px) 712px, \" \/><\/a><\/div><\/div><\/div><\/div><div class=\"fusion-clearfix\"><\/div><\/div><\/div><\/div><\/div><\/p>\n","protected":false},"excerpt":{"rendered":"","protected":false},"author":2,"featured_media":7630,"comment_status":"closed","ping_status":"open","sticky":false,"template":"","format":"standard","meta":{"_acf_changed":false,"footnotes":""},"categories":[83],"tags":[102,100,105,101,99,104],"acf":[],"_links":{"self":[{"href":"https:\/\/wbs-luebeck.de\/wbs\/wp-json\/wp\/v2\/posts\/7620"}],"collection":[{"href":"https:\/\/wbs-luebeck.de\/wbs\/wp-json\/wp\/v2\/posts"}],"about":[{"href":"https:\/\/wbs-luebeck.de\/wbs\/wp-json\/wp\/v2\/types\/post"}],"author":[{"embeddable":true,"href":"https:\/\/wbs-luebeck.de\/wbs\/wp-json\/wp\/v2\/users\/2"}],"replies":[{"embeddable":true,"href":"https:\/\/wbs-luebeck.de\/wbs\/wp-json\/wp\/v2\/comments?post=7620"}],"version-history":[{"count":6,"href":"https:\/\/wbs-luebeck.de\/wbs\/wp-json\/wp\/v2\/posts\/7620\/revisions"}],"predecessor-version":[{"id":7642,"href":"https:\/\/wbs-luebeck.de\/wbs\/wp-json\/wp\/v2\/posts\/7620\/revisions\/7642"}],"wp:featuredmedia":[{"embeddable":true,"href":"https:\/\/wbs-luebeck.de\/wbs\/wp-json\/wp\/v2\/media\/7630"}],"wp:attachment":[{"href":"https:\/\/wbs-luebeck.de\/wbs\/wp-json\/wp\/v2\/media?parent=7620"}],"wp:term":[{"taxonomy":"category","embeddable":true,"href":"https:\/\/wbs-luebeck.de\/wbs\/wp-json\/wp\/v2\/categories?post=7620"},{"taxonomy":"post_tag","embeddable":true,"href":"https:\/\/wbs-luebeck.de\/wbs\/wp-json\/wp\/v2\/tags?post=7620"}],"curies":[{"name":"wp","href":"https:\/\/api.w.org\/{rel}","templated":true}]}}