{"id":7494,"date":"2023-06-18T20:40:58","date_gmt":"2023-06-18T19:40:58","guid":{"rendered":"https:\/\/wbs-luebeck.de\/wbs\/?p=7494"},"modified":"2023-06-18T20:43:16","modified_gmt":"2023-06-18T19:43:16","slug":"schulfest-2023","status":"publish","type":"post","link":"https:\/\/wbs-luebeck.de\/wbs\/schulfest-2023\/","title":{"rendered":"Schulfest 2023"},"content":{"rendered":"<p><div class=\"fusion-fullwidth fullwidth-box fusion-builder-row-1 nonhundred-percent-fullwidth non-hundred-percent-height-scrolling\" style=\"--awb-border-sizes-top:0px;--awb-border-sizes-bottom:0px;--awb-border-sizes-left:0px;--awb-border-sizes-right:0px;--awb-border-radius-top-left:0px;--awb-border-radius-top-right:0px;--awb-border-radius-bottom-right:0px;--awb-border-radius-bottom-left:0px;--awb-padding-right:0px;--awb-padding-bottom:0px;--awb-padding-left:0px;--awb-margin-top:-90px;--awb-background-color:#ffffff;--awb-flex-wrap:wrap;\" ><div class=\"fusion-builder-row fusion-row\"><div class=\"fusion-layout-column fusion_builder_column fusion-builder-column-0 fusion_builder_column_1_1 1_1 fusion-one-full fusion-column-first fusion-column-last\" style=\"--awb-padding-top:40px;--awb-padding-right:4%;--awb-padding-bottom:20px;--awb-padding-left:4%;--awb-bg-color:rgba(255,255,255,0);--awb-bg-color-hover:rgba(255,255,255,0);--awb-bg-size:cover;--awb-box-shadow:0px -5px 15px 0px rgba(0,0,0,0.03);;--awb-border-color:#3bc863;--awb-border-top:0;--awb-border-style:solid;--awb-margin-top:0px;--awb-margin-bottom:0px;\"><div class=\"fusion-column-wrapper fusion-column-has-shadow fusion-flex-column-wrapper-legacy\"><div class=\"fusion-text fusion-text-1\" style=\"--awb-text-transform:none;\"><p>Bei herrlichstem Sommerwetter verwandelte sich das Schulgel\u00e4nde am 2. Juni 2023 in eine gro\u00dfe Festmeile. Alle Klassen organisierten Spielst\u00e4nde oder k\u00fcmmerten sich um kulinarische K\u00f6stlichkeiten. Die freiwillige Feuerwehr aus Schlutup parkte ein L\u00f6schfahrzeug auf dem Schulgel\u00e4nde und der L\u00f6schschlauch konnte getestet werden. Unser F\u00f6rderverein verkaufte die riesige Menge an Kuchenspenden, die Eltern der 6a grillten ununterbrochen W\u00fcrstchen. Ein sch\u00f6nes buntes Treiben!<\/p>\n<p>Den musikalischen Auftakt bildete die Percussion AG unter der Leitung unserer Musiklehrerin Fr. Raithel, den Abschluss bildete die Band des 5. Jahrgangs. Unter Anleitung unseres Musiklehrers Hr. Falck beeindruckte unsere j\u00fcngste Band aus dem 5. Jahrgang in der Aula. F\u00fcr alle \u00fcberraschend erhielten wir sooo viele Spenden f\u00fcr unsere Tombola. Die Auslosung musste dann in der Folgewoche klassenweise fortgesetzt werden. Wir w\u00e4ren wahrscheinlich ansonsten nicht vor Mitternacht nach Hause gekommen.<\/p>\n<p>Wir bedanken uns bei der gesamten Schulgemeinde und bei Famila Wesloe, Rewe Kantstra\u00dfe &amp; Glash\u00fcttenweg, D\u00f6ner Ali, Immergr\u00fcn, Erasco, Carstens Marzipan, Harry-Brot GmbH, Citti Markt L\u00fcbeck, Friseurteam Marco G\u00fclle, Dana Klinik L\u00fcbeck, Fielmann, O2, H\u00f6rger\u00e4te Kersten, Polizei L\u00fcbeck, rollBar-events, H&amp;J B\u00fcrgen KG, Sparkasse zu L\u00fcbeck, Kompetenzzentrum Karriere dual e.V. L\u00fcbeck und der Peter Jensen GmbH f\u00fcr die fantastische Unterst\u00fctzung unseres Schulfests in Schlutup.<br \/>\n4 Jahre ist es seit dem letzten Schulfest her &#8211; wir freuen uns darauf, dass wir nun wieder alle zwei Jahre wieder feiern k\u00f6nnen.<\/p>\n<\/div><div class=\"fusion-clearfix\"><\/div><\/div><\/div><\/div><\/div><div class=\"fusion-fullwidth fullwidth-box fusion-builder-row-2 nonhundred-percent-fullwidth non-hundred-percent-height-scrolling\" style=\"--awb-border-radius-top-left:0px;--awb-border-radius-top-right:0px;--awb-border-radius-bottom-right:0px;--awb-border-radius-bottom-left:0px;--awb-margin-bottom:30px;--awb-flex-wrap:wrap;\" ><div class=\"fusion-builder-row fusion-row\"><div class=\"fusion-layout-column fusion_builder_column fusion-builder-column-1 fusion_builder_column_1_1 1_1 fusion-one-full fusion-column-first fusion-column-last\" style=\"--awb-bg-size:cover;\"><div class=\"fusion-column-wrapper fusion-column-has-shadow fusion-flex-column-wrapper-legacy\"><div class=\"fusion-section-separator section-separator triangle fusion-section-separator-1\" style=\"--awb-border-top:0px solid #e0dede;--awb-spacer-height:0px;--awb-svg-margin-left:0;--awb-svg-margin-right:0;--awb-icon-color:#ffffff;\"><div class=\"fusion-section-separator-svg\"><div class=\"divider-candy-arrow top\" style=\"bottom:0px;border-bottom-color: #f5f5f1;\"><\/div><div class=\"divider-candy top\" style=\"top:-20px;border-bottom:1px solid #e0dede;border-left:1px solid #e0dede;\"><\/div><\/div><div class=\"fusion-section-separator-spacer\"><div class=\"fusion-section-separator-spacer-height\"><\/div><\/div><\/div><div class=\"awb-gallery-wrapper awb-gallery-wrapper-1 button-span-no\" style=\"--more-btn-alignment:center;\"><div style=\"margin:-5px;--awb-bordersize:0px;\" class=\"fusion-gallery fusion-gallery-container fusion-grid-3 fusion-columns-total-28 fusion-gallery-layout-grid fusion-gallery-1\"><div style=\"padding:5px;\" class=\"fusion-grid-column fusion-gallery-column fusion-gallery-column-3 hover-type-zoomin\"><div class=\"fusion-gallery-image\"><a href=\"https:\/\/wbs-luebeck.de\/wbs\/wp-content\/uploads\/2023\/06\/Schulfest-2023-Band.jpeg\" rel=\"noreferrer\" data-rel=\"iLightbox[gallery_image_1]\" class=\"fusion-lightbox\" target=\"_self\"><img decoding=\"async\" src=\"https:\/\/wbs-luebeck.de\/wbs\/wp-content\/uploads\/2023\/06\/Schulfest-2023-Band.jpeg\" width=\"1000\" height=\"667\" alt=\"\" title=\"Schulfest 2023 Band\" aria-label=\"Schulfest 2023 Band\" class=\"img-responsive wp-image-7496\" srcset=\"https:\/\/wbs-luebeck.de\/wbs\/wp-content\/uploads\/2023\/06\/Schulfest-2023-Band-200x133.jpeg 200w, https:\/\/wbs-luebeck.de\/wbs\/wp-content\/uploads\/2023\/06\/Schulfest-2023-Band-400x267.jpeg 400w, https:\/\/wbs-luebeck.de\/wbs\/wp-content\/uploads\/2023\/06\/Schulfest-2023-Band-600x400.jpeg 600w, https:\/\/wbs-luebeck.de\/wbs\/wp-content\/uploads\/2023\/06\/Schulfest-2023-Band-800x534.jpeg 800w, https:\/\/wbs-luebeck.de\/wbs\/wp-content\/uploads\/2023\/06\/Schulfest-2023-Band.jpeg 1000w\" sizes=\"(min-width: 2200px) 100vw, (min-width: 784px) 397px, (min-width: 712px) 595px, (min-width: 640px) 712px, \" \/><\/a><\/div><\/div><div style=\"padding:5px;\" class=\"fusion-grid-column fusion-gallery-column fusion-gallery-column-3 hover-type-zoomin\"><div class=\"fusion-gallery-image\"><a href=\"https:\/\/wbs-luebeck.de\/wbs\/wp-content\/uploads\/2023\/06\/Schulfest-2023-25.jpeg\" rel=\"noreferrer\" data-rel=\"iLightbox[gallery_image_1]\" class=\"fusion-lightbox\" target=\"_self\"><img decoding=\"async\" src=\"https:\/\/wbs-luebeck.de\/wbs\/wp-content\/uploads\/2023\/06\/Schulfest-2023-25.jpeg\" width=\"1000\" height=\"667\" alt=\"\" title=\"Schulfest 2023 25\" aria-label=\"Schulfest 2023 25\" class=\"img-responsive wp-image-7497\" srcset=\"https:\/\/wbs-luebeck.de\/wbs\/wp-content\/uploads\/2023\/06\/Schulfest-2023-25-200x133.jpeg 200w, https:\/\/wbs-luebeck.de\/wbs\/wp-content\/uploads\/2023\/06\/Schulfest-2023-25-400x267.jpeg 400w, https:\/\/wbs-luebeck.de\/wbs\/wp-content\/uploads\/2023\/06\/Schulfest-2023-25-600x400.jpeg 600w, https:\/\/wbs-luebeck.de\/wbs\/wp-content\/uploads\/2023\/06\/Schulfest-2023-25-800x534.jpeg 800w, https:\/\/wbs-luebeck.de\/wbs\/wp-content\/uploads\/2023\/06\/Schulfest-2023-25.jpeg 1000w\" sizes=\"(min-width: 2200px) 100vw, (min-width: 784px) 397px, (min-width: 712px) 595px, (min-width: 640px) 712px, \" \/><\/a><\/div><\/div><div style=\"padding:5px;\" class=\"fusion-grid-column fusion-gallery-column fusion-gallery-column-3 hover-type-zoomin\"><div class=\"fusion-gallery-image\"><a href=\"https:\/\/wbs-luebeck.de\/wbs\/wp-content\/uploads\/2023\/06\/Sc-hulfest-2023-01.jpeg\" rel=\"noreferrer\" data-rel=\"iLightbox[gallery_image_1]\" class=\"fusion-lightbox\" target=\"_self\"><img decoding=\"async\" src=\"https:\/\/wbs-luebeck.de\/wbs\/wp-content\/uploads\/2023\/06\/Sc-hulfest-2023-01.jpeg\" width=\"1000\" height=\"667\" alt=\"\" title=\"Sc hulfest 2023 01\" aria-label=\"Sc hulfest 2023 01\" class=\"img-responsive wp-image-7498\" srcset=\"https:\/\/wbs-luebeck.de\/wbs\/wp-content\/uploads\/2023\/06\/Sc-hulfest-2023-01-200x133.jpeg 200w, https:\/\/wbs-luebeck.de\/wbs\/wp-content\/uploads\/2023\/06\/Sc-hulfest-2023-01-400x267.jpeg 400w, https:\/\/wbs-luebeck.de\/wbs\/wp-content\/uploads\/2023\/06\/Sc-hulfest-2023-01-600x400.jpeg 600w, https:\/\/wbs-luebeck.de\/wbs\/wp-content\/uploads\/2023\/06\/Sc-hulfest-2023-01-800x534.jpeg 800w, https:\/\/wbs-luebeck.de\/wbs\/wp-content\/uploads\/2023\/06\/Sc-hulfest-2023-01.jpeg 1000w\" sizes=\"(min-width: 2200px) 100vw, (min-width: 784px) 397px, (min-width: 712px) 595px, (min-width: 640px) 712px, \" \/><\/a><\/div><\/div><div class=\"clearfix\"><\/div><div style=\"padding:5px;\" class=\"fusion-grid-column fusion-gallery-column fusion-gallery-column-3 hover-type-zoomin\"><div class=\"fusion-gallery-image\"><a href=\"https:\/\/wbs-luebeck.de\/wbs\/wp-content\/uploads\/2023\/06\/Schulfest-2023-24.jpeg\" rel=\"noreferrer\" data-rel=\"iLightbox[gallery_image_1]\" class=\"fusion-lightbox\" target=\"_self\"><img decoding=\"async\" src=\"https:\/\/wbs-luebeck.de\/wbs\/wp-content\/uploads\/2023\/06\/Schulfest-2023-24.jpeg\" width=\"1000\" height=\"667\" alt=\"\" title=\"Schulfest 2023 24\" aria-label=\"Schulfest 2023 24\" class=\"img-responsive wp-image-7499\" srcset=\"https:\/\/wbs-luebeck.de\/wbs\/wp-content\/uploads\/2023\/06\/Schulfest-2023-24-200x133.jpeg 200w, https:\/\/wbs-luebeck.de\/wbs\/wp-content\/uploads\/2023\/06\/Schulfest-2023-24-400x267.jpeg 400w, https:\/\/wbs-luebeck.de\/wbs\/wp-content\/uploads\/2023\/06\/Schulfest-2023-24-600x400.jpeg 600w, https:\/\/wbs-luebeck.de\/wbs\/wp-content\/uploads\/2023\/06\/Schulfest-2023-24-800x534.jpeg 800w, https:\/\/wbs-luebeck.de\/wbs\/wp-content\/uploads\/2023\/06\/Schulfest-2023-24.jpeg 1000w\" sizes=\"(min-width: 2200px) 100vw, (min-width: 784px) 397px, (min-width: 712px) 595px, (min-width: 640px) 712px, \" \/><\/a><\/div><\/div><div style=\"padding:5px;\" class=\"fusion-grid-column fusion-gallery-column fusion-gallery-column-3 hover-type-zoomin\"><div class=\"fusion-gallery-image\"><a href=\"https:\/\/wbs-luebeck.de\/wbs\/wp-content\/uploads\/2023\/06\/Schulfest-2023-23.jpeg\" rel=\"noreferrer\" data-rel=\"iLightbox[gallery_image_1]\" class=\"fusion-lightbox\" target=\"_self\"><img decoding=\"async\" src=\"https:\/\/wbs-luebeck.de\/wbs\/wp-content\/uploads\/2023\/06\/Schulfest-2023-23.jpeg\" width=\"1000\" height=\"667\" alt=\"\" title=\"Schulfest 2023 23\" aria-label=\"Schulfest 2023 23\" class=\"img-responsive wp-image-7500\" srcset=\"https:\/\/wbs-luebeck.de\/wbs\/wp-content\/uploads\/2023\/06\/Schulfest-2023-23-200x133.jpeg 200w, https:\/\/wbs-luebeck.de\/wbs\/wp-content\/uploads\/2023\/06\/Schulfest-2023-23-400x267.jpeg 400w, https:\/\/wbs-luebeck.de\/wbs\/wp-content\/uploads\/2023\/06\/Schulfest-2023-23-600x400.jpeg 600w, https:\/\/wbs-luebeck.de\/wbs\/wp-content\/uploads\/2023\/06\/Schulfest-2023-23-800x534.jpeg 800w, https:\/\/wbs-luebeck.de\/wbs\/wp-content\/uploads\/2023\/06\/Schulfest-2023-23.jpeg 1000w\" sizes=\"(min-width: 2200px) 100vw, (min-width: 784px) 397px, (min-width: 712px) 595px, (min-width: 640px) 712px, \" \/><\/a><\/div><\/div><div style=\"padding:5px;\" class=\"fusion-grid-column fusion-gallery-column fusion-gallery-column-3 hover-type-zoomin\"><div class=\"fusion-gallery-image\"><a href=\"https:\/\/wbs-luebeck.de\/wbs\/wp-content\/uploads\/2023\/06\/Schulfest-2023-22.jpeg\" rel=\"noreferrer\" data-rel=\"iLightbox[gallery_image_1]\" class=\"fusion-lightbox\" target=\"_self\"><img decoding=\"async\" src=\"https:\/\/wbs-luebeck.de\/wbs\/wp-content\/uploads\/2023\/06\/Schulfest-2023-22.jpeg\" width=\"1000\" height=\"667\" alt=\"\" title=\"Schulfest 2023 22\" aria-label=\"Schulfest 2023 22\" class=\"img-responsive wp-image-7501\" srcset=\"https:\/\/wbs-luebeck.de\/wbs\/wp-content\/uploads\/2023\/06\/Schulfest-2023-22-200x133.jpeg 200w, https:\/\/wbs-luebeck.de\/wbs\/wp-content\/uploads\/2023\/06\/Schulfest-2023-22-400x267.jpeg 400w, https:\/\/wbs-luebeck.de\/wbs\/wp-content\/uploads\/2023\/06\/Schulfest-2023-22-600x400.jpeg 600w, https:\/\/wbs-luebeck.de\/wbs\/wp-content\/uploads\/2023\/06\/Schulfest-2023-22-800x534.jpeg 800w, https:\/\/wbs-luebeck.de\/wbs\/wp-content\/uploads\/2023\/06\/Schulfest-2023-22.jpeg 1000w\" sizes=\"(min-width: 2200px) 100vw, (min-width: 784px) 397px, (min-width: 712px) 595px, (min-width: 640px) 712px, \" \/><\/a><\/div><\/div><div class=\"clearfix\"><\/div><div style=\"padding:5px;\" class=\"fusion-grid-column fusion-gallery-column fusion-gallery-column-3 hover-type-zoomin\"><div class=\"fusion-gallery-image\"><a href=\"https:\/\/wbs-luebeck.de\/wbs\/wp-content\/uploads\/2023\/06\/Schulfest-2023-21.jpeg\" rel=\"noreferrer\" data-rel=\"iLightbox[gallery_image_1]\" class=\"fusion-lightbox\" target=\"_self\"><img decoding=\"async\" src=\"https:\/\/wbs-luebeck.de\/wbs\/wp-content\/uploads\/2023\/06\/Schulfest-2023-21.jpeg\" width=\"1000\" height=\"667\" alt=\"\" title=\"Schulfest 2023 21\" aria-label=\"Schulfest 2023 21\" class=\"img-responsive wp-image-7502\" srcset=\"https:\/\/wbs-luebeck.de\/wbs\/wp-content\/uploads\/2023\/06\/Schulfest-2023-21-200x133.jpeg 200w, https:\/\/wbs-luebeck.de\/wbs\/wp-content\/uploads\/2023\/06\/Schulfest-2023-21-400x267.jpeg 400w, https:\/\/wbs-luebeck.de\/wbs\/wp-content\/uploads\/2023\/06\/Schulfest-2023-21-600x400.jpeg 600w, https:\/\/wbs-luebeck.de\/wbs\/wp-content\/uploads\/2023\/06\/Schulfest-2023-21-800x534.jpeg 800w, https:\/\/wbs-luebeck.de\/wbs\/wp-content\/uploads\/2023\/06\/Schulfest-2023-21.jpeg 1000w\" sizes=\"(min-width: 2200px) 100vw, (min-width: 784px) 397px, (min-width: 712px) 595px, (min-width: 640px) 712px, \" \/><\/a><\/div><\/div><div style=\"padding:5px;\" class=\"fusion-grid-column fusion-gallery-column fusion-gallery-column-3 hover-type-zoomin\"><div class=\"fusion-gallery-image\"><a href=\"https:\/\/wbs-luebeck.de\/wbs\/wp-content\/uploads\/2023\/06\/Schulfest-2023-20.jpeg\" rel=\"noreferrer\" data-rel=\"iLightbox[gallery_image_1]\" class=\"fusion-lightbox\" target=\"_self\"><img decoding=\"async\" src=\"https:\/\/wbs-luebeck.de\/wbs\/wp-content\/uploads\/2023\/06\/Schulfest-2023-20.jpeg\" width=\"1000\" height=\"667\" alt=\"\" title=\"Schulfest 2023 20\" aria-label=\"Schulfest 2023 20\" class=\"img-responsive wp-image-7503\" srcset=\"https:\/\/wbs-luebeck.de\/wbs\/wp-content\/uploads\/2023\/06\/Schulfest-2023-20-200x133.jpeg 200w, https:\/\/wbs-luebeck.de\/wbs\/wp-content\/uploads\/2023\/06\/Schulfest-2023-20-400x267.jpeg 400w, https:\/\/wbs-luebeck.de\/wbs\/wp-content\/uploads\/2023\/06\/Schulfest-2023-20-600x400.jpeg 600w, https:\/\/wbs-luebeck.de\/wbs\/wp-content\/uploads\/2023\/06\/Schulfest-2023-20-800x534.jpeg 800w, https:\/\/wbs-luebeck.de\/wbs\/wp-content\/uploads\/2023\/06\/Schulfest-2023-20.jpeg 1000w\" sizes=\"(min-width: 2200px) 100vw, (min-width: 784px) 397px, (min-width: 712px) 595px, (min-width: 640px) 712px, \" \/><\/a><\/div><\/div><div style=\"padding:5px;\" class=\"fusion-grid-column fusion-gallery-column fusion-gallery-column-3 hover-type-zoomin\"><div class=\"fusion-gallery-image\"><a href=\"https:\/\/wbs-luebeck.de\/wbs\/wp-content\/uploads\/2023\/06\/Schulfest-202-3-19.jpeg\" rel=\"noreferrer\" data-rel=\"iLightbox[gallery_image_1]\" class=\"fusion-lightbox\" target=\"_self\"><img decoding=\"async\" src=\"https:\/\/wbs-luebeck.de\/wbs\/wp-content\/uploads\/2023\/06\/Schulfest-202-3-19.jpeg\" width=\"1000\" height=\"667\" alt=\"\" title=\"Schulfest 202 3 19\" aria-label=\"Schulfest 202 3 19\" class=\"img-responsive wp-image-7504\" srcset=\"https:\/\/wbs-luebeck.de\/wbs\/wp-content\/uploads\/2023\/06\/Schulfest-202-3-19-200x133.jpeg 200w, https:\/\/wbs-luebeck.de\/wbs\/wp-content\/uploads\/2023\/06\/Schulfest-202-3-19-400x267.jpeg 400w, https:\/\/wbs-luebeck.de\/wbs\/wp-content\/uploads\/2023\/06\/Schulfest-202-3-19-600x400.jpeg 600w, https:\/\/wbs-luebeck.de\/wbs\/wp-content\/uploads\/2023\/06\/Schulfest-202-3-19-800x534.jpeg 800w, https:\/\/wbs-luebeck.de\/wbs\/wp-content\/uploads\/2023\/06\/Schulfest-202-3-19.jpeg 1000w\" sizes=\"(min-width: 2200px) 100vw, (min-width: 784px) 397px, (min-width: 712px) 595px, (min-width: 640px) 712px, \" \/><\/a><\/div><\/div><div class=\"clearfix\"><\/div><div style=\"padding:5px;\" class=\"fusion-grid-column fusion-gallery-column fusion-gallery-column-3 hover-type-zoomin\"><div class=\"fusion-gallery-image\"><a href=\"https:\/\/wbs-luebeck.de\/wbs\/wp-content\/uploads\/2023\/06\/Schulfest-2023-18.jpeg\" rel=\"noreferrer\" data-rel=\"iLightbox[gallery_image_1]\" class=\"fusion-lightbox\" target=\"_self\"><img decoding=\"async\" src=\"https:\/\/wbs-luebeck.de\/wbs\/wp-content\/uploads\/2023\/06\/Schulfest-2023-18.jpeg\" width=\"1000\" height=\"1500\" alt=\"\" title=\"Schulfest 2023 18\" aria-label=\"Schulfest 2023 18\" class=\"img-responsive wp-image-7505\" srcset=\"https:\/\/wbs-luebeck.de\/wbs\/wp-content\/uploads\/2023\/06\/Schulfest-2023-18-200x300.jpeg 200w, https:\/\/wbs-luebeck.de\/wbs\/wp-content\/uploads\/2023\/06\/Schulfest-2023-18-400x600.jpeg 400w, https:\/\/wbs-luebeck.de\/wbs\/wp-content\/uploads\/2023\/06\/Schulfest-2023-18-600x900.jpeg 600w, https:\/\/wbs-luebeck.de\/wbs\/wp-content\/uploads\/2023\/06\/Schulfest-2023-18-800x1200.jpeg 800w, https:\/\/wbs-luebeck.de\/wbs\/wp-content\/uploads\/2023\/06\/Schulfest-2023-18.jpeg 1000w\" sizes=\"(min-width: 2200px) 100vw, (min-width: 784px) 397px, (min-width: 712px) 595px, (min-width: 640px) 712px, \" \/><\/a><\/div><\/div><div style=\"padding:5px;\" class=\"fusion-grid-column fusion-gallery-column fusion-gallery-column-3 hover-type-zoomin\"><div class=\"fusion-gallery-image\"><a href=\"https:\/\/wbs-luebeck.de\/wbs\/wp-content\/uploads\/2023\/06\/schulfest-2023-17.jpeg\" rel=\"noreferrer\" data-rel=\"iLightbox[gallery_image_1]\" class=\"fusion-lightbox\" target=\"_self\"><img decoding=\"async\" src=\"https:\/\/wbs-luebeck.de\/wbs\/wp-content\/uploads\/2023\/06\/schulfest-2023-17.jpeg\" width=\"1000\" height=\"667\" alt=\"\" title=\"schulfest 2023 17\" aria-label=\"schulfest 2023 17\" class=\"img-responsive wp-image-7506\" srcset=\"https:\/\/wbs-luebeck.de\/wbs\/wp-content\/uploads\/2023\/06\/schulfest-2023-17-200x133.jpeg 200w, https:\/\/wbs-luebeck.de\/wbs\/wp-content\/uploads\/2023\/06\/schulfest-2023-17-400x267.jpeg 400w, https:\/\/wbs-luebeck.de\/wbs\/wp-content\/uploads\/2023\/06\/schulfest-2023-17-600x400.jpeg 600w, https:\/\/wbs-luebeck.de\/wbs\/wp-content\/uploads\/2023\/06\/schulfest-2023-17-800x534.jpeg 800w, https:\/\/wbs-luebeck.de\/wbs\/wp-content\/uploads\/2023\/06\/schulfest-2023-17.jpeg 1000w\" sizes=\"(min-width: 2200px) 100vw, (min-width: 784px) 397px, (min-width: 712px) 595px, (min-width: 640px) 712px, \" \/><\/a><\/div><\/div><div style=\"padding:5px;\" class=\"fusion-grid-column fusion-gallery-column fusion-gallery-column-3 hover-type-zoomin\"><div class=\"fusion-gallery-image\"><a href=\"https:\/\/wbs-luebeck.de\/wbs\/wp-content\/uploads\/2023\/06\/Schulfest-2023-16.jpeg\" rel=\"noreferrer\" data-rel=\"iLightbox[gallery_image_1]\" class=\"fusion-lightbox\" target=\"_self\"><img decoding=\"async\" src=\"https:\/\/wbs-luebeck.de\/wbs\/wp-content\/uploads\/2023\/06\/Schulfest-2023-16.jpeg\" width=\"1000\" height=\"667\" alt=\"\" title=\"Schulfest 2023 16\" aria-label=\"Schulfest 2023 16\" class=\"img-responsive wp-image-7507\" srcset=\"https:\/\/wbs-luebeck.de\/wbs\/wp-content\/uploads\/2023\/06\/Schulfest-2023-16-200x133.jpeg 200w, https:\/\/wbs-luebeck.de\/wbs\/wp-content\/uploads\/2023\/06\/Schulfest-2023-16-400x267.jpeg 400w, https:\/\/wbs-luebeck.de\/wbs\/wp-content\/uploads\/2023\/06\/Schulfest-2023-16-600x400.jpeg 600w, https:\/\/wbs-luebeck.de\/wbs\/wp-content\/uploads\/2023\/06\/Schulfest-2023-16-800x534.jpeg 800w, https:\/\/wbs-luebeck.de\/wbs\/wp-content\/uploads\/2023\/06\/Schulfest-2023-16.jpeg 1000w\" sizes=\"(min-width: 2200px) 100vw, (min-width: 784px) 397px, (min-width: 712px) 595px, (min-width: 640px) 712px, \" \/><\/a><\/div><\/div><div class=\"clearfix\"><\/div><div style=\"padding:5px;\" class=\"fusion-grid-column fusion-gallery-column fusion-gallery-column-3 hover-type-zoomin\"><div class=\"fusion-gallery-image\"><a href=\"https:\/\/wbs-luebeck.de\/wbs\/wp-content\/uploads\/2023\/06\/Schulfest-2023-15.jpeg\" rel=\"noreferrer\" data-rel=\"iLightbox[gallery_image_1]\" class=\"fusion-lightbox\" target=\"_self\"><img decoding=\"async\" src=\"https:\/\/wbs-luebeck.de\/wbs\/wp-content\/uploads\/2023\/06\/Schulfest-2023-15.jpeg\" width=\"1000\" height=\"1500\" alt=\"\" title=\"Schulfest 2023 15\" aria-label=\"Schulfest 2023 15\" class=\"img-responsive wp-image-7508\" srcset=\"https:\/\/wbs-luebeck.de\/wbs\/wp-content\/uploads\/2023\/06\/Schulfest-2023-15-200x300.jpeg 200w, https:\/\/wbs-luebeck.de\/wbs\/wp-content\/uploads\/2023\/06\/Schulfest-2023-15-400x600.jpeg 400w, https:\/\/wbs-luebeck.de\/wbs\/wp-content\/uploads\/2023\/06\/Schulfest-2023-15-600x900.jpeg 600w, https:\/\/wbs-luebeck.de\/wbs\/wp-content\/uploads\/2023\/06\/Schulfest-2023-15-800x1200.jpeg 800w, https:\/\/wbs-luebeck.de\/wbs\/wp-content\/uploads\/2023\/06\/Schulfest-2023-15.jpeg 1000w\" sizes=\"(min-width: 2200px) 100vw, (min-width: 784px) 397px, (min-width: 712px) 595px, (min-width: 640px) 712px, \" \/><\/a><\/div><\/div><div style=\"padding:5px;\" class=\"fusion-grid-column fusion-gallery-column fusion-gallery-column-3 hover-type-zoomin\"><div class=\"fusion-gallery-image\"><a href=\"https:\/\/wbs-luebeck.de\/wbs\/wp-content\/uploads\/2023\/06\/Schulfest-2023-14.jpeg\" rel=\"noreferrer\" data-rel=\"iLightbox[gallery_image_1]\" class=\"fusion-lightbox\" target=\"_self\"><img decoding=\"async\" src=\"https:\/\/wbs-luebeck.de\/wbs\/wp-content\/uploads\/2023\/06\/Schulfest-2023-14.jpeg\" width=\"1000\" height=\"667\" alt=\"\" title=\"Schulfest 2023 14\" aria-label=\"Schulfest 2023 14\" class=\"img-responsive wp-image-7509\" srcset=\"https:\/\/wbs-luebeck.de\/wbs\/wp-content\/uploads\/2023\/06\/Schulfest-2023-14-200x133.jpeg 200w, https:\/\/wbs-luebeck.de\/wbs\/wp-content\/uploads\/2023\/06\/Schulfest-2023-14-400x267.jpeg 400w, https:\/\/wbs-luebeck.de\/wbs\/wp-content\/uploads\/2023\/06\/Schulfest-2023-14-600x400.jpeg 600w, https:\/\/wbs-luebeck.de\/wbs\/wp-content\/uploads\/2023\/06\/Schulfest-2023-14-800x534.jpeg 800w, https:\/\/wbs-luebeck.de\/wbs\/wp-content\/uploads\/2023\/06\/Schulfest-2023-14.jpeg 1000w\" sizes=\"(min-width: 2200px) 100vw, (min-width: 784px) 397px, (min-width: 712px) 595px, (min-width: 640px) 712px, \" \/><\/a><\/div><\/div><div style=\"padding:5px;\" class=\"fusion-grid-column fusion-gallery-column fusion-gallery-column-3 hover-type-zoomin\"><div class=\"fusion-gallery-image\"><a href=\"https:\/\/wbs-luebeck.de\/wbs\/wp-content\/uploads\/2023\/06\/Schulfest-2023-13.jpeg\" rel=\"noreferrer\" data-rel=\"iLightbox[gallery_image_1]\" class=\"fusion-lightbox\" target=\"_self\"><img decoding=\"async\" src=\"https:\/\/wbs-luebeck.de\/wbs\/wp-content\/uploads\/2023\/06\/Schulfest-2023-13.jpeg\" width=\"1000\" height=\"667\" alt=\"\" title=\"Schulfest 2023 13\" aria-label=\"Schulfest 2023 13\" class=\"img-responsive wp-image-7510\" srcset=\"https:\/\/wbs-luebeck.de\/wbs\/wp-content\/uploads\/2023\/06\/Schulfest-2023-13-200x133.jpeg 200w, https:\/\/wbs-luebeck.de\/wbs\/wp-content\/uploads\/2023\/06\/Schulfest-2023-13-400x267.jpeg 400w, https:\/\/wbs-luebeck.de\/wbs\/wp-content\/uploads\/2023\/06\/Schulfest-2023-13-600x400.jpeg 600w, https:\/\/wbs-luebeck.de\/wbs\/wp-content\/uploads\/2023\/06\/Schulfest-2023-13-800x534.jpeg 800w, https:\/\/wbs-luebeck.de\/wbs\/wp-content\/uploads\/2023\/06\/Schulfest-2023-13.jpeg 1000w\" sizes=\"(min-width: 2200px) 100vw, (min-width: 784px) 397px, (min-width: 712px) 595px, (min-width: 640px) 712px, \" \/><\/a><\/div><\/div><div class=\"clearfix\"><\/div><div style=\"padding:5px;\" class=\"fusion-grid-column fusion-gallery-column fusion-gallery-column-3 hover-type-zoomin\"><div class=\"fusion-gallery-image\"><a href=\"https:\/\/wbs-luebeck.de\/wbs\/wp-content\/uploads\/2023\/06\/Schulfest-2023-12.jpeg\" rel=\"noreferrer\" data-rel=\"iLightbox[gallery_image_1]\" class=\"fusion-lightbox\" target=\"_self\"><img decoding=\"async\" src=\"https:\/\/wbs-luebeck.de\/wbs\/wp-content\/uploads\/2023\/06\/Schulfest-2023-12.jpeg\" width=\"1000\" height=\"667\" alt=\"\" title=\"Schulfest 2023 12\" aria-label=\"Schulfest 2023 12\" class=\"img-responsive wp-image-7511\" srcset=\"https:\/\/wbs-luebeck.de\/wbs\/wp-content\/uploads\/2023\/06\/Schulfest-2023-12-200x133.jpeg 200w, https:\/\/wbs-luebeck.de\/wbs\/wp-content\/uploads\/2023\/06\/Schulfest-2023-12-400x267.jpeg 400w, https:\/\/wbs-luebeck.de\/wbs\/wp-content\/uploads\/2023\/06\/Schulfest-2023-12-600x400.jpeg 600w, https:\/\/wbs-luebeck.de\/wbs\/wp-content\/uploads\/2023\/06\/Schulfest-2023-12-800x534.jpeg 800w, https:\/\/wbs-luebeck.de\/wbs\/wp-content\/uploads\/2023\/06\/Schulfest-2023-12.jpeg 1000w\" sizes=\"(min-width: 2200px) 100vw, (min-width: 784px) 397px, (min-width: 712px) 595px, (min-width: 640px) 712px, \" \/><\/a><\/div><\/div><div style=\"padding:5px;\" class=\"fusion-grid-column fusion-gallery-column fusion-gallery-column-3 hover-type-zoomin\"><div class=\"fusion-gallery-image\"><a href=\"https:\/\/wbs-luebeck.de\/wbs\/wp-content\/uploads\/2023\/06\/Schulfest-2023-11.jpeg\" rel=\"noreferrer\" data-rel=\"iLightbox[gallery_image_1]\" class=\"fusion-lightbox\" target=\"_self\"><img decoding=\"async\" src=\"https:\/\/wbs-luebeck.de\/wbs\/wp-content\/uploads\/2023\/06\/Schulfest-2023-11.jpeg\" width=\"1000\" height=\"667\" alt=\"\" title=\"Schulfest 2023 11\" aria-label=\"Schulfest 2023 11\" class=\"img-responsive wp-image-7512\" srcset=\"https:\/\/wbs-luebeck.de\/wbs\/wp-content\/uploads\/2023\/06\/Schulfest-2023-11-200x133.jpeg 200w, https:\/\/wbs-luebeck.de\/wbs\/wp-content\/uploads\/2023\/06\/Schulfest-2023-11-400x267.jpeg 400w, https:\/\/wbs-luebeck.de\/wbs\/wp-content\/uploads\/2023\/06\/Schulfest-2023-11-600x400.jpeg 600w, https:\/\/wbs-luebeck.de\/wbs\/wp-content\/uploads\/2023\/06\/Schulfest-2023-11-800x534.jpeg 800w, https:\/\/wbs-luebeck.de\/wbs\/wp-content\/uploads\/2023\/06\/Schulfest-2023-11.jpeg 1000w\" sizes=\"(min-width: 2200px) 100vw, (min-width: 784px) 397px, (min-width: 712px) 595px, (min-width: 640px) 712px, \" \/><\/a><\/div><\/div><div style=\"padding:5px;\" class=\"fusion-grid-column fusion-gallery-column fusion-gallery-column-3 hover-type-zoomin\"><div class=\"fusion-gallery-image\"><a href=\"https:\/\/wbs-luebeck.de\/wbs\/wp-content\/uploads\/2023\/06\/Schulfest-2023-10.jpeg\" rel=\"noreferrer\" data-rel=\"iLightbox[gallery_image_1]\" class=\"fusion-lightbox\" target=\"_self\"><img decoding=\"async\" src=\"https:\/\/wbs-luebeck.de\/wbs\/wp-content\/uploads\/2023\/06\/Schulfest-2023-10.jpeg\" width=\"1000\" height=\"667\" alt=\"\" title=\"Schulfest 2023 10\" aria-label=\"Schulfest 2023 10\" class=\"img-responsive wp-image-7513\" srcset=\"https:\/\/wbs-luebeck.de\/wbs\/wp-content\/uploads\/2023\/06\/Schulfest-2023-10-200x133.jpeg 200w, https:\/\/wbs-luebeck.de\/wbs\/wp-content\/uploads\/2023\/06\/Schulfest-2023-10-400x267.jpeg 400w, https:\/\/wbs-luebeck.de\/wbs\/wp-content\/uploads\/2023\/06\/Schulfest-2023-10-600x400.jpeg 600w, https:\/\/wbs-luebeck.de\/wbs\/wp-content\/uploads\/2023\/06\/Schulfest-2023-10-800x534.jpeg 800w, https:\/\/wbs-luebeck.de\/wbs\/wp-content\/uploads\/2023\/06\/Schulfest-2023-10.jpeg 1000w\" sizes=\"(min-width: 2200px) 100vw, (min-width: 784px) 397px, (min-width: 712px) 595px, (min-width: 640px) 712px, \" \/><\/a><\/div><\/div><div class=\"clearfix\"><\/div><div style=\"padding:5px;\" class=\"fusion-grid-column fusion-gallery-column fusion-gallery-column-3 hover-type-zoomin\"><div class=\"fusion-gallery-image\"><a href=\"https:\/\/wbs-luebeck.de\/wbs\/wp-content\/uploads\/2023\/06\/Schulfest-2023-9.jpeg\" rel=\"noreferrer\" data-rel=\"iLightbox[gallery_image_1]\" class=\"fusion-lightbox\" target=\"_self\"><img decoding=\"async\" src=\"https:\/\/wbs-luebeck.de\/wbs\/wp-content\/uploads\/2023\/06\/Schulfest-2023-9.jpeg\" width=\"1000\" height=\"667\" alt=\"\" title=\"Schulfest 2023 9\" aria-label=\"Schulfest 2023 9\" class=\"img-responsive wp-image-7514\" srcset=\"https:\/\/wbs-luebeck.de\/wbs\/wp-content\/uploads\/2023\/06\/Schulfest-2023-9-200x133.jpeg 200w, https:\/\/wbs-luebeck.de\/wbs\/wp-content\/uploads\/2023\/06\/Schulfest-2023-9-400x267.jpeg 400w, https:\/\/wbs-luebeck.de\/wbs\/wp-content\/uploads\/2023\/06\/Schulfest-2023-9-600x400.jpeg 600w, https:\/\/wbs-luebeck.de\/wbs\/wp-content\/uploads\/2023\/06\/Schulfest-2023-9-800x534.jpeg 800w, https:\/\/wbs-luebeck.de\/wbs\/wp-content\/uploads\/2023\/06\/Schulfest-2023-9.jpeg 1000w\" sizes=\"(min-width: 2200px) 100vw, (min-width: 784px) 397px, (min-width: 712px) 595px, (min-width: 640px) 712px, \" \/><\/a><\/div><\/div><div style=\"padding:5px;\" class=\"fusion-grid-column fusion-gallery-column fusion-gallery-column-3 hover-type-zoomin\"><div class=\"fusion-gallery-image\"><a href=\"https:\/\/wbs-luebeck.de\/wbs\/wp-content\/uploads\/2023\/06\/Schulfest-2023-8.jpeg\" rel=\"noreferrer\" data-rel=\"iLightbox[gallery_image_1]\" class=\"fusion-lightbox\" target=\"_self\"><img decoding=\"async\" src=\"https:\/\/wbs-luebeck.de\/wbs\/wp-content\/uploads\/2023\/06\/Schulfest-2023-8.jpeg\" width=\"1000\" height=\"1500\" alt=\"\" title=\"Schulfest 2023 8\" aria-label=\"Schulfest 2023 8\" class=\"img-responsive wp-image-7515\" srcset=\"https:\/\/wbs-luebeck.de\/wbs\/wp-content\/uploads\/2023\/06\/Schulfest-2023-8-200x300.jpeg 200w, https:\/\/wbs-luebeck.de\/wbs\/wp-content\/uploads\/2023\/06\/Schulfest-2023-8-400x600.jpeg 400w, https:\/\/wbs-luebeck.de\/wbs\/wp-content\/uploads\/2023\/06\/Schulfest-2023-8-600x900.jpeg 600w, https:\/\/wbs-luebeck.de\/wbs\/wp-content\/uploads\/2023\/06\/Schulfest-2023-8-800x1200.jpeg 800w, https:\/\/wbs-luebeck.de\/wbs\/wp-content\/uploads\/2023\/06\/Schulfest-2023-8.jpeg 1000w\" sizes=\"(min-width: 2200px) 100vw, (min-width: 784px) 397px, (min-width: 712px) 595px, (min-width: 640px) 712px, \" \/><\/a><\/div><\/div><div style=\"padding:5px;\" class=\"fusion-grid-column fusion-gallery-column fusion-gallery-column-3 hover-type-zoomin\"><div class=\"fusion-gallery-image\"><a href=\"https:\/\/wbs-luebeck.de\/wbs\/wp-content\/uploads\/2023\/06\/Schulfest-2023-7.jpeg\" rel=\"noreferrer\" data-rel=\"iLightbox[gallery_image_1]\" class=\"fusion-lightbox\" target=\"_self\"><img decoding=\"async\" src=\"https:\/\/wbs-luebeck.de\/wbs\/wp-content\/uploads\/2023\/06\/Schulfest-2023-7.jpeg\" width=\"1000\" height=\"667\" alt=\"\" title=\"Schulfest 2023 7\" aria-label=\"Schulfest 2023 7\" class=\"img-responsive wp-image-7516\" srcset=\"https:\/\/wbs-luebeck.de\/wbs\/wp-content\/uploads\/2023\/06\/Schulfest-2023-7-200x133.jpeg 200w, https:\/\/wbs-luebeck.de\/wbs\/wp-content\/uploads\/2023\/06\/Schulfest-2023-7-400x267.jpeg 400w, https:\/\/wbs-luebeck.de\/wbs\/wp-content\/uploads\/2023\/06\/Schulfest-2023-7-600x400.jpeg 600w, https:\/\/wbs-luebeck.de\/wbs\/wp-content\/uploads\/2023\/06\/Schulfest-2023-7-800x534.jpeg 800w, https:\/\/wbs-luebeck.de\/wbs\/wp-content\/uploads\/2023\/06\/Schulfest-2023-7.jpeg 1000w\" sizes=\"(min-width: 2200px) 100vw, (min-width: 784px) 397px, (min-width: 712px) 595px, (min-width: 640px) 712px, \" \/><\/a><\/div><\/div><div class=\"clearfix\"><\/div><div style=\"padding:5px;\" class=\"fusion-grid-column fusion-gallery-column fusion-gallery-column-3 hover-type-zoomin\"><div class=\"fusion-gallery-image\"><a href=\"https:\/\/wbs-luebeck.de\/wbs\/wp-content\/uploads\/2023\/06\/Schulfest-2023-6.jpeg\" rel=\"noreferrer\" data-rel=\"iLightbox[gallery_image_1]\" class=\"fusion-lightbox\" target=\"_self\"><img decoding=\"async\" src=\"https:\/\/wbs-luebeck.de\/wbs\/wp-content\/uploads\/2023\/06\/Schulfest-2023-6.jpeg\" width=\"1000\" height=\"1500\" alt=\"\" title=\"Schulfest 2023 6\" aria-label=\"Schulfest 2023 6\" class=\"img-responsive wp-image-7517\" srcset=\"https:\/\/wbs-luebeck.de\/wbs\/wp-content\/uploads\/2023\/06\/Schulfest-2023-6-200x300.jpeg 200w, https:\/\/wbs-luebeck.de\/wbs\/wp-content\/uploads\/2023\/06\/Schulfest-2023-6-400x600.jpeg 400w, https:\/\/wbs-luebeck.de\/wbs\/wp-content\/uploads\/2023\/06\/Schulfest-2023-6-600x900.jpeg 600w, https:\/\/wbs-luebeck.de\/wbs\/wp-content\/uploads\/2023\/06\/Schulfest-2023-6-800x1200.jpeg 800w, https:\/\/wbs-luebeck.de\/wbs\/wp-content\/uploads\/2023\/06\/Schulfest-2023-6.jpeg 1000w\" sizes=\"(min-width: 2200px) 100vw, (min-width: 784px) 397px, (min-width: 712px) 595px, (min-width: 640px) 712px, \" \/><\/a><\/div><\/div><div style=\"padding:5px;\" class=\"fusion-grid-column fusion-gallery-column fusion-gallery-column-3 hover-type-zoomin\"><div class=\"fusion-gallery-image\"><a href=\"https:\/\/wbs-luebeck.de\/wbs\/wp-content\/uploads\/2023\/06\/Schulfest-2023-5.jpeg\" rel=\"noreferrer\" data-rel=\"iLightbox[gallery_image_1]\" class=\"fusion-lightbox\" target=\"_self\"><img decoding=\"async\" src=\"https:\/\/wbs-luebeck.de\/wbs\/wp-content\/uploads\/2023\/06\/Schulfest-2023-5.jpeg\" width=\"1000\" height=\"1500\" alt=\"\" title=\"Schulfest 2023 5\" aria-label=\"Schulfest 2023 5\" class=\"img-responsive wp-image-7518\" srcset=\"https:\/\/wbs-luebeck.de\/wbs\/wp-content\/uploads\/2023\/06\/Schulfest-2023-5-200x300.jpeg 200w, https:\/\/wbs-luebeck.de\/wbs\/wp-content\/uploads\/2023\/06\/Schulfest-2023-5-400x600.jpeg 400w, https:\/\/wbs-luebeck.de\/wbs\/wp-content\/uploads\/2023\/06\/Schulfest-2023-5-600x900.jpeg 600w, https:\/\/wbs-luebeck.de\/wbs\/wp-content\/uploads\/2023\/06\/Schulfest-2023-5-800x1200.jpeg 800w, https:\/\/wbs-luebeck.de\/wbs\/wp-content\/uploads\/2023\/06\/Schulfest-2023-5.jpeg 1000w\" sizes=\"(min-width: 2200px) 100vw, (min-width: 784px) 397px, (min-width: 712px) 595px, (min-width: 640px) 712px, \" \/><\/a><\/div><\/div><div style=\"padding:5px;\" class=\"fusion-grid-column fusion-gallery-column fusion-gallery-column-3 hover-type-zoomin\"><div class=\"fusion-gallery-image\"><a href=\"https:\/\/wbs-luebeck.de\/wbs\/wp-content\/uploads\/2023\/06\/Schulfest-2023-4.jpeg\" rel=\"noreferrer\" data-rel=\"iLightbox[gallery_image_1]\" class=\"fusion-lightbox\" target=\"_self\"><img decoding=\"async\" src=\"https:\/\/wbs-luebeck.de\/wbs\/wp-content\/uploads\/2023\/06\/Schulfest-2023-4.jpeg\" width=\"1000\" height=\"667\" alt=\"\" title=\"Schulfest 2023 4\" aria-label=\"Schulfest 2023 4\" class=\"img-responsive wp-image-7519\" srcset=\"https:\/\/wbs-luebeck.de\/wbs\/wp-content\/uploads\/2023\/06\/Schulfest-2023-4-200x133.jpeg 200w, https:\/\/wbs-luebeck.de\/wbs\/wp-content\/uploads\/2023\/06\/Schulfest-2023-4-400x267.jpeg 400w, https:\/\/wbs-luebeck.de\/wbs\/wp-content\/uploads\/2023\/06\/Schulfest-2023-4-600x400.jpeg 600w, https:\/\/wbs-luebeck.de\/wbs\/wp-content\/uploads\/2023\/06\/Schulfest-2023-4-800x534.jpeg 800w, https:\/\/wbs-luebeck.de\/wbs\/wp-content\/uploads\/2023\/06\/Schulfest-2023-4.jpeg 1000w\" sizes=\"(min-width: 2200px) 100vw, (min-width: 784px) 397px, (min-width: 712px) 595px, (min-width: 640px) 712px, \" \/><\/a><\/div><\/div><div class=\"clearfix\"><\/div><div style=\"padding:5px;\" class=\"fusion-grid-column fusion-gallery-column fusion-gallery-column-3 hover-type-zoomin\"><div class=\"fusion-gallery-image\"><a href=\"https:\/\/wbs-luebeck.de\/wbs\/wp-content\/uploads\/2023\/06\/Schulfest-2023-3.jpeg\" rel=\"noreferrer\" data-rel=\"iLightbox[gallery_image_1]\" class=\"fusion-lightbox\" target=\"_self\"><img decoding=\"async\" src=\"https:\/\/wbs-luebeck.de\/wbs\/wp-content\/uploads\/2023\/06\/Schulfest-2023-3.jpeg\" width=\"1000\" height=\"667\" alt=\"\" title=\"Schulfest 2023 3\" aria-label=\"Schulfest 2023 3\" class=\"img-responsive wp-image-7520\" srcset=\"https:\/\/wbs-luebeck.de\/wbs\/wp-content\/uploads\/2023\/06\/Schulfest-2023-3-200x133.jpeg 200w, https:\/\/wbs-luebeck.de\/wbs\/wp-content\/uploads\/2023\/06\/Schulfest-2023-3-400x267.jpeg 400w, https:\/\/wbs-luebeck.de\/wbs\/wp-content\/uploads\/2023\/06\/Schulfest-2023-3-600x400.jpeg 600w, https:\/\/wbs-luebeck.de\/wbs\/wp-content\/uploads\/2023\/06\/Schulfest-2023-3-800x534.jpeg 800w, https:\/\/wbs-luebeck.de\/wbs\/wp-content\/uploads\/2023\/06\/Schulfest-2023-3.jpeg 1000w\" sizes=\"(min-width: 2200px) 100vw, (min-width: 784px) 397px, (min-width: 712px) 595px, (min-width: 640px) 712px, \" \/><\/a><\/div><\/div><div style=\"padding:5px;\" class=\"fusion-grid-column fusion-gallery-column fusion-gallery-column-3 hover-type-zoomin\"><div class=\"fusion-gallery-image\"><a href=\"https:\/\/wbs-luebeck.de\/wbs\/wp-content\/uploads\/2023\/06\/Schulfest-2023-2.jpeg\" rel=\"noreferrer\" data-rel=\"iLightbox[gallery_image_1]\" class=\"fusion-lightbox\" target=\"_self\"><img decoding=\"async\" src=\"https:\/\/wbs-luebeck.de\/wbs\/wp-content\/uploads\/2023\/06\/Schulfest-2023-2.jpeg\" width=\"1000\" height=\"667\" alt=\"\" title=\"Schulfest 2023 2\" aria-label=\"Schulfest 2023 2\" class=\"img-responsive wp-image-7521\" srcset=\"https:\/\/wbs-luebeck.de\/wbs\/wp-content\/uploads\/2023\/06\/Schulfest-2023-2-200x133.jpeg 200w, https:\/\/wbs-luebeck.de\/wbs\/wp-content\/uploads\/2023\/06\/Schulfest-2023-2-400x267.jpeg 400w, https:\/\/wbs-luebeck.de\/wbs\/wp-content\/uploads\/2023\/06\/Schulfest-2023-2-600x400.jpeg 600w, https:\/\/wbs-luebeck.de\/wbs\/wp-content\/uploads\/2023\/06\/Schulfest-2023-2-800x534.jpeg 800w, https:\/\/wbs-luebeck.de\/wbs\/wp-content\/uploads\/2023\/06\/Schulfest-2023-2.jpeg 1000w\" sizes=\"(min-width: 2200px) 100vw, (min-width: 784px) 397px, (min-width: 712px) 595px, (min-width: 640px) 712px, \" \/><\/a><\/div><\/div><div style=\"padding:5px;\" class=\"fusion-grid-column fusion-gallery-column fusion-gallery-column-3 hover-type-zoomin\"><div class=\"fusion-gallery-image\"><a href=\"https:\/\/wbs-luebeck.de\/wbs\/wp-content\/uploads\/2023\/06\/Schulfest-2023-1.jpeg\" rel=\"noreferrer\" data-rel=\"iLightbox[gallery_image_1]\" class=\"fusion-lightbox\" target=\"_self\"><img decoding=\"async\" src=\"https:\/\/wbs-luebeck.de\/wbs\/wp-content\/uploads\/2023\/06\/Schulfest-2023-1.jpeg\" width=\"1000\" height=\"667\" alt=\"\" title=\"Schulfest 2023 1\" aria-label=\"Schulfest 2023 1\" class=\"img-responsive wp-image-7522\" srcset=\"https:\/\/wbs-luebeck.de\/wbs\/wp-content\/uploads\/2023\/06\/Schulfest-2023-1-200x133.jpeg 200w, https:\/\/wbs-luebeck.de\/wbs\/wp-content\/uploads\/2023\/06\/Schulfest-2023-1-400x267.jpeg 400w, https:\/\/wbs-luebeck.de\/wbs\/wp-content\/uploads\/2023\/06\/Schulfest-2023-1-600x400.jpeg 600w, https:\/\/wbs-luebeck.de\/wbs\/wp-content\/uploads\/2023\/06\/Schulfest-2023-1-800x534.jpeg 800w, https:\/\/wbs-luebeck.de\/wbs\/wp-content\/uploads\/2023\/06\/Schulfest-2023-1.jpeg 1000w\" sizes=\"(min-width: 2200px) 100vw, (min-width: 784px) 397px, (min-width: 712px) 595px, (min-width: 640px) 712px, \" \/><\/a><\/div><\/div><div class=\"clearfix\"><\/div><div style=\"padding:5px;\" class=\"fusion-grid-column fusion-gallery-column fusion-gallery-column-3 hover-type-zoomin\"><div class=\"fusion-gallery-image\"><a href=\"https:\/\/wbs-luebeck.de\/wbs\/wp-content\/uploads\/2023\/06\/Schulfest-1-1.jpg\" rel=\"noreferrer\" data-rel=\"iLightbox[gallery_image_1]\" class=\"fusion-lightbox\" target=\"_self\"><img decoding=\"async\" src=\"https:\/\/wbs-luebeck.de\/wbs\/wp-content\/uploads\/2023\/06\/Schulfest-1-1.jpg\" width=\"1000\" height=\"667\" alt=\"\" title=\"Schulfest 1\" aria-label=\"Schulfest 1\" class=\"img-responsive wp-image-7523\" srcset=\"https:\/\/wbs-luebeck.de\/wbs\/wp-content\/uploads\/2023\/06\/Schulfest-1-1-200x133.jpg 200w, https:\/\/wbs-luebeck.de\/wbs\/wp-content\/uploads\/2023\/06\/Schulfest-1-1-400x267.jpg 400w, https:\/\/wbs-luebeck.de\/wbs\/wp-content\/uploads\/2023\/06\/Schulfest-1-1-600x400.jpg 600w, https:\/\/wbs-luebeck.de\/wbs\/wp-content\/uploads\/2023\/06\/Schulfest-1-1-800x534.jpg 800w, https:\/\/wbs-luebeck.de\/wbs\/wp-content\/uploads\/2023\/06\/Schulfest-1-1.jpg 1000w\" sizes=\"(min-width: 2200px) 100vw, (min-width: 784px) 397px, (min-width: 712px) 595px, (min-width: 640px) 712px, \" \/><\/a><\/div><\/div><\/div><\/div><div class=\"fusion-clearfix\"><\/div><\/div><\/div><\/div><\/div><\/p>\n","protected":false},"excerpt":{"rendered":"","protected":false},"author":2,"featured_media":7495,"comment_status":"closed","ping_status":"open","sticky":false,"template":"","format":"standard","meta":{"_acf_changed":false,"footnotes":""},"categories":[83],"tags":[102,100,105,101,99,104],"acf":[],"_links":{"self":[{"href":"https:\/\/wbs-luebeck.de\/wbs\/wp-json\/wp\/v2\/posts\/7494"}],"collection":[{"href":"https:\/\/wbs-luebeck.de\/wbs\/wp-json\/wp\/v2\/posts"}],"about":[{"href":"https:\/\/wbs-luebeck.de\/wbs\/wp-json\/wp\/v2\/types\/post"}],"author":[{"embeddable":true,"href":"https:\/\/wbs-luebeck.de\/wbs\/wp-json\/wp\/v2\/users\/2"}],"replies":[{"embeddable":true,"href":"https:\/\/wbs-luebeck.de\/wbs\/wp-json\/wp\/v2\/comments?post=7494"}],"version-history":[{"count":3,"href":"https:\/\/wbs-luebeck.de\/wbs\/wp-json\/wp\/v2\/posts\/7494\/revisions"}],"predecessor-version":[{"id":7526,"href":"https:\/\/wbs-luebeck.de\/wbs\/wp-json\/wp\/v2\/posts\/7494\/revisions\/7526"}],"wp:featuredmedia":[{"embeddable":true,"href":"https:\/\/wbs-luebeck.de\/wbs\/wp-json\/wp\/v2\/media\/7495"}],"wp:attachment":[{"href":"https:\/\/wbs-luebeck.de\/wbs\/wp-json\/wp\/v2\/media?parent=7494"}],"wp:term":[{"taxonomy":"category","embeddable":true,"href":"https:\/\/wbs-luebeck.de\/wbs\/wp-json\/wp\/v2\/categories?post=7494"},{"taxonomy":"post_tag","embeddable":true,"href":"https:\/\/wbs-luebeck.de\/wbs\/wp-json\/wp\/v2\/tags?post=7494"}],"curies":[{"name":"wp","href":"https:\/\/api.w.org\/{rel}","templated":true}]}}