{"id":7444,"date":"2023-04-23T08:26:35","date_gmt":"2023-04-23T07:26:35","guid":{"rendered":"https:\/\/wbs-luebeck.de\/wbs\/?p=7444"},"modified":"2023-04-23T09:14:15","modified_gmt":"2023-04-23T08:14:15","slug":"singen-feiern-am-12-mai-2023","status":"publish","type":"post","link":"https:\/\/wbs-luebeck.de\/wbs\/singen-feiern-am-12-mai-2023\/","title":{"rendered":"Singen &#038; Feiern am 12. Mai 2023"},"content":{"rendered":"<p><div class=\"fusion-fullwidth fullwidth-box fusion-builder-row-1 nonhundred-percent-fullwidth non-hundred-percent-height-scrolling\" style=\"--awb-border-sizes-top:0px;--awb-border-sizes-bottom:0px;--awb-border-sizes-left:0px;--awb-border-sizes-right:0px;--awb-border-radius-top-left:0px;--awb-border-radius-top-right:0px;--awb-border-radius-bottom-right:0px;--awb-border-radius-bottom-left:0px;--awb-padding-right:0px;--awb-padding-bottom:0px;--awb-padding-left:0px;--awb-margin-top:-90px;--awb-background-color:#ffffff;--awb-flex-wrap:wrap;\" ><div class=\"fusion-builder-row fusion-row\"><div class=\"fusion-layout-column fusion_builder_column fusion-builder-column-0 fusion_builder_column_1_1 1_1 fusion-one-full fusion-column-first fusion-column-last\" style=\"--awb-padding-top:40px;--awb-padding-right:4%;--awb-padding-bottom:20px;--awb-padding-left:4%;--awb-bg-color:rgba(255,255,255,0);--awb-bg-color-hover:rgba(255,255,255,0);--awb-bg-size:cover;--awb-box-shadow:0px -5px 15px 0px rgba(0,0,0,0.03);;--awb-border-color:#3bc863;--awb-border-top:0;--awb-border-style:solid;--awb-margin-top:0px;--awb-margin-bottom:0px;\"><div class=\"fusion-column-wrapper fusion-column-has-shadow fusion-flex-column-wrapper-legacy\"><div class=\"fusion-text fusion-text-1\" style=\"--awb-text-transform:none;\"><p>Vor fast 5 Jahren war es eine fixe Idee: Eine professionell ausgestattet Aula f\u00fcr unsere Schule und f\u00fcr den Stadtteil.<br \/>\nVon uns zu nutzen, aber auch f\u00fcr alle kulturellen Angebote in Schlutup. Wir konnten so viele von der Idee \u00fcberzeugen! Dank der gro\u00dfz\u00fcgigen finanziellen Unterst\u00fctzungen und der Milde des Denkmalamts weihen wir unsere &#8222;neue Aula&#8220; nun ein. Mit allen Schlutuperinnen und Schlutupern, mit unseren Kindern und mit einer professionellen Musikband!<br \/>\n<strong>&#8222;Schlutup singt&#8220; am 12. Mai 2023 um 17:30 Uhr in der Aula Beim Meilenstein\u00a0<\/strong><br \/>\nAnl\u00e4sslich der Zertifizierungsfeier zur musikalischen Grundschule sagte ein Grundsch\u00fcler so sch\u00f6n: <em>&#8222;Gemeinsam singen macht gl\u00fccklich und f\u00fchlt sich im Bauch warm an!&#8220;<\/em><br \/>\nF\u00fchlen Sie sich &#8211; f\u00fchlt ihr euch herzlich eingeladen!<br \/>\n&#8211; Der Eintritt ist frei &amp; Getr\u00e4nkeverkauf in der Pause &#8211;<br \/>\n(Danke Frau Eichmann &amp; Klasse 5a\/5b f\u00fcr die Gestaltung des Plakats)<\/p>\n<\/div><div class=\"fusion-clearfix\"><\/div><\/div><\/div><\/div><\/div><div class=\"fusion-fullwidth fullwidth-box fusion-builder-row-2 nonhundred-percent-fullwidth non-hundred-percent-height-scrolling\" style=\"--awb-border-radius-top-left:0px;--awb-border-radius-top-right:0px;--awb-border-radius-bottom-right:0px;--awb-border-radius-bottom-left:0px;--awb-margin-bottom:30px;--awb-flex-wrap:wrap;\" ><div class=\"fusion-builder-row fusion-row\"><div class=\"fusion-layout-column fusion_builder_column fusion-builder-column-1 fusion_builder_column_1_1 1_1 fusion-one-full fusion-column-first fusion-column-last\" style=\"--awb-bg-size:cover;\"><div class=\"fusion-column-wrapper fusion-column-has-shadow fusion-flex-column-wrapper-legacy\"><div class=\"fusion-section-separator section-separator triangle fusion-section-separator-1\" style=\"--awb-border-top:0px solid #e0dede;--awb-spacer-height:0px;--awb-svg-margin-left:0;--awb-svg-margin-right:0;--awb-icon-color:#ffffff;\"><div class=\"fusion-section-separator-svg\"><div class=\"divider-candy-arrow top\" style=\"bottom:0px;border-bottom-color: #f5f5f1;\"><\/div><div class=\"divider-candy top\" style=\"top:-20px;border-bottom:1px solid #e0dede;border-left:1px solid #e0dede;\"><\/div><\/div><div class=\"fusion-section-separator-spacer\"><div class=\"fusion-section-separator-spacer-height\"><\/div><\/div><\/div><div class=\"awb-gallery-wrapper awb-gallery-wrapper-1 button-span-no\" style=\"--more-btn-alignment:center;\"><div style=\"margin:-5px;--awb-bordersize:0px;\" class=\"fusion-gallery fusion-gallery-container fusion-grid-3 fusion-columns-total-1 fusion-gallery-layout-grid fusion-gallery-1\"><div style=\"padding:5px;\" class=\"fusion-grid-column fusion-gallery-column fusion-gallery-column-3 hover-type-zoomin\"><div class=\"fusion-gallery-image\"><a href=\"https:\/\/wbs-luebeck.de\/wbs\/wp-content\/uploads\/2023\/04\/Schlutup-singt.jpeg\" rel=\"noreferrer\" data-rel=\"iLightbox[gallery_image_1]\" class=\"fusion-lightbox\" target=\"_self\"><img decoding=\"async\" src=\"https:\/\/wbs-luebeck.de\/wbs\/wp-content\/uploads\/2023\/04\/Schlutup-singt.jpeg\" width=\"828\" height=\"1141\" alt=\"\" title=\"Schlutup singt\" aria-label=\"Schlutup singt\" class=\"img-responsive wp-image-7448\" srcset=\"https:\/\/wbs-luebeck.de\/wbs\/wp-content\/uploads\/2023\/04\/Schlutup-singt-200x276.jpeg 200w, https:\/\/wbs-luebeck.de\/wbs\/wp-content\/uploads\/2023\/04\/Schlutup-singt-400x551.jpeg 400w, https:\/\/wbs-luebeck.de\/wbs\/wp-content\/uploads\/2023\/04\/Schlutup-singt-600x827.jpeg 600w, https:\/\/wbs-luebeck.de\/wbs\/wp-content\/uploads\/2023\/04\/Schlutup-singt-800x1102.jpeg 800w, https:\/\/wbs-luebeck.de\/wbs\/wp-content\/uploads\/2023\/04\/Schlutup-singt.jpeg 828w\" sizes=\"(min-width: 2200px) 100vw, (min-width: 784px) 397px, (min-width: 712px) 595px, (min-width: 640px) 712px, \" \/><\/a><\/div><\/div><\/div><\/div><div class=\"fusion-clearfix\"><\/div><\/div><\/div><\/div><\/div><\/p>\n","protected":false},"excerpt":{"rendered":"","protected":false},"author":2,"featured_media":7445,"comment_status":"closed","ping_status":"open","sticky":false,"template":"","format":"standard","meta":{"_acf_changed":false,"footnotes":""},"categories":[83],"tags":[102,100,105,101,99,104],"acf":[],"_links":{"self":[{"href":"https:\/\/wbs-luebeck.de\/wbs\/wp-json\/wp\/v2\/posts\/7444"}],"collection":[{"href":"https:\/\/wbs-luebeck.de\/wbs\/wp-json\/wp\/v2\/posts"}],"about":[{"href":"https:\/\/wbs-luebeck.de\/wbs\/wp-json\/wp\/v2\/types\/post"}],"author":[{"embeddable":true,"href":"https:\/\/wbs-luebeck.de\/wbs\/wp-json\/wp\/v2\/users\/2"}],"replies":[{"embeddable":true,"href":"https:\/\/wbs-luebeck.de\/wbs\/wp-json\/wp\/v2\/comments?post=7444"}],"version-history":[{"count":8,"href":"https:\/\/wbs-luebeck.de\/wbs\/wp-json\/wp\/v2\/posts\/7444\/revisions"}],"predecessor-version":[{"id":7454,"href":"https:\/\/wbs-luebeck.de\/wbs\/wp-json\/wp\/v2\/posts\/7444\/revisions\/7454"}],"wp:featuredmedia":[{"embeddable":true,"href":"https:\/\/wbs-luebeck.de\/wbs\/wp-json\/wp\/v2\/media\/7445"}],"wp:attachment":[{"href":"https:\/\/wbs-luebeck.de\/wbs\/wp-json\/wp\/v2\/media?parent=7444"}],"wp:term":[{"taxonomy":"category","embeddable":true,"href":"https:\/\/wbs-luebeck.de\/wbs\/wp-json\/wp\/v2\/categories?post=7444"},{"taxonomy":"post_tag","embeddable":true,"href":"https:\/\/wbs-luebeck.de\/wbs\/wp-json\/wp\/v2\/tags?post=7444"}],"curies":[{"name":"wp","href":"https:\/\/api.w.org\/{rel}","templated":true}]}}