{"id":7408,"date":"2023-04-05T19:21:28","date_gmt":"2023-04-05T18:21:28","guid":{"rendered":"https:\/\/wbs-luebeck.de\/wbs\/?p=7408"},"modified":"2023-04-06T14:59:11","modified_gmt":"2023-04-06T13:59:11","slug":"tschuess-schule-hallo-ferien","status":"publish","type":"post","link":"https:\/\/wbs-luebeck.de\/wbs\/tschuess-schule-hallo-ferien\/","title":{"rendered":"Tsch\u00fcss Schule- Hallo Ferien"},"content":{"rendered":"<p><div class=\"fusion-fullwidth fullwidth-box fusion-builder-row-1 nonhundred-percent-fullwidth non-hundred-percent-height-scrolling\" style=\"--awb-border-sizes-top:0px;--awb-border-sizes-bottom:0px;--awb-border-sizes-left:0px;--awb-border-sizes-right:0px;--awb-border-radius-top-left:0px;--awb-border-radius-top-right:0px;--awb-border-radius-bottom-right:0px;--awb-border-radius-bottom-left:0px;--awb-padding-right:0px;--awb-padding-bottom:0px;--awb-padding-left:0px;--awb-margin-top:-90px;--awb-background-color:#ffffff;--awb-flex-wrap:wrap;\" ><div class=\"fusion-builder-row fusion-row\"><div class=\"fusion-layout-column fusion_builder_column fusion-builder-column-0 fusion_builder_column_1_1 1_1 fusion-one-full fusion-column-first fusion-column-last\" style=\"--awb-padding-top:40px;--awb-padding-right:4%;--awb-padding-bottom:20px;--awb-padding-left:4%;--awb-bg-color:rgba(255,255,255,0);--awb-bg-color-hover:rgba(255,255,255,0);--awb-bg-size:cover;--awb-box-shadow:0px -5px 15px 0px rgba(0,0,0,0.03);;--awb-border-color:#3bc863;--awb-border-top:0;--awb-border-style:solid;--awb-margin-top:0px;--awb-margin-bottom:0px;\"><div class=\"fusion-column-wrapper fusion-column-has-shadow fusion-flex-column-wrapper-legacy\"><div class=\"fusion-text fusion-text-1\" style=\"--awb-text-transform:none;\"><p>Klassenfahrt, Projektwochen, Betriebspraktika, Ausfl\u00fcge, Schulversammlung: Vor den Osterferien war bei uns einiges los. Nun wird es ruhiger an der WBS. Die Ferienbetreuungskinder haben jetzt den Schulhof f\u00fcr sich ganz alleine.<\/p>\n<p>In unserer <span style=\"color: #ff0000;\"><a style=\"color: #ff0000;\" href=\"https:\/\/wbs-luebeck.de\/wbs\/galerie\/\">&#8222;Vernissage&#8220;<\/a><\/span> haben wir einen Schwung Kreatives neu ausgestellt. Schauen Sie da doch gerne mal rein<\/p>\n<p style=\"font-weight: 400;\">Das gesamte Team der Willy-Brandt-Schule w\u00fcnscht Ihnen und Ihren Kinder eine sch\u00f6ne Osterzeit und erholsame Ferien. Die heutige Schulversammlung der Grundschule hat den Fr\u00fchling sehr entz\u00fcckend gefeiert. Das kann nur sch\u00f6nes Ferienwetter zur Folge zu haben!<\/p>\n<p><strong>Wir sehen uns alle &#8211; gesund und munter &#8211; am Montag, 24.04.2023 wieder<br \/>\n<\/strong><strong>(Unterricht nach Stundenplan \u2013 bitte bei Untis schauen)!<\/strong><\/p>\n<p style=\"font-weight: 400;\">Sehen wir uns auch am 12.05.2023 um 17:30 Uhr zu \u201eSchlutup singt\u201c? \u00a0Viele Klassen \u00fcben schon die Lieder und freuen sich, mit ihren Eltern (Gro\u00dfeltern, Geschwistern usw.) und der Band von Frau Renz &amp; Herrn Hobrecht zu singen.<\/p>\n<p style=\"font-weight: 400;\">P.S. Eine Schulmutter sucht dringend eine Wohnung f\u00fcr 2 Personen . Falls jemand einen Tipp hat, freut sich Frau Werner \u00fcber einen Hinweis (<a href=\"mailto:susanne.werner@luebeck.de\"><span style=\"color: #ff0000;\">susanne.werner@luebeck.de<\/span><\/a>).<\/p>\n<p style=\"font-weight: 400;\">Herzliche Gr\u00fc\u00dfe sendet Ihnen und Euch<br \/>\nAlexandra Hase-Rodriguez<\/p>\n<\/div><div class=\"fusion-clearfix\"><\/div><\/div><\/div><\/div><\/div><div class=\"fusion-fullwidth fullwidth-box fusion-builder-row-2 nonhundred-percent-fullwidth non-hundred-percent-height-scrolling\" style=\"--awb-border-radius-top-left:0px;--awb-border-radius-top-right:0px;--awb-border-radius-bottom-right:0px;--awb-border-radius-bottom-left:0px;--awb-margin-bottom:30px;--awb-flex-wrap:wrap;\" ><div class=\"fusion-builder-row fusion-row\"><div class=\"fusion-layout-column fusion_builder_column fusion-builder-column-1 fusion_builder_column_1_1 1_1 fusion-one-full fusion-column-first fusion-column-last\" style=\"--awb-bg-size:cover;\"><div class=\"fusion-column-wrapper fusion-column-has-shadow fusion-flex-column-wrapper-legacy\"><div class=\"fusion-section-separator section-separator triangle fusion-section-separator-1\" style=\"--awb-border-top:0px solid #e0dede;--awb-spacer-height:0px;--awb-svg-margin-left:0;--awb-svg-margin-right:0;--awb-icon-color:#ffffff;\"><div class=\"fusion-section-separator-svg\"><div class=\"divider-candy-arrow top\" style=\"bottom:0px;border-bottom-color: #f5f5f1;\"><\/div><div class=\"divider-candy top\" style=\"top:-20px;border-bottom:1px solid #e0dede;border-left:1px solid #e0dede;\"><\/div><\/div><div class=\"fusion-section-separator-spacer\"><div class=\"fusion-section-separator-spacer-height\"><\/div><\/div><\/div><div class=\"awb-gallery-wrapper awb-gallery-wrapper-1 button-span-no\" style=\"--more-btn-alignment:center;\"><div style=\"margin:-5px;--awb-bordersize:0px;\" class=\"fusion-gallery fusion-gallery-container fusion-grid-3 fusion-columns-total-7 fusion-gallery-layout-grid fusion-gallery-1\"><div style=\"padding:5px;\" class=\"fusion-grid-column fusion-gallery-column fusion-gallery-column-3 hover-type-zoomin\"><div class=\"fusion-gallery-image\"><a href=\"https:\/\/wbs-luebeck.de\/wbs\/wp-content\/uploads\/2023\/04\/Pflanztag.jpeg\" rel=\"noreferrer\" data-rel=\"iLightbox[gallery_image_1]\" class=\"fusion-lightbox\" target=\"_self\"><img decoding=\"async\" src=\"https:\/\/wbs-luebeck.de\/wbs\/wp-content\/uploads\/2023\/04\/Pflanztag.jpeg\" width=\"1000\" height=\"1333\" alt=\"\" title=\"Pflanztag\" aria-label=\"Pflanztag\" class=\"img-responsive wp-image-7430\" srcset=\"https:\/\/wbs-luebeck.de\/wbs\/wp-content\/uploads\/2023\/04\/Pflanztag-200x267.jpeg 200w, https:\/\/wbs-luebeck.de\/wbs\/wp-content\/uploads\/2023\/04\/Pflanztag-400x533.jpeg 400w, https:\/\/wbs-luebeck.de\/wbs\/wp-content\/uploads\/2023\/04\/Pflanztag-600x800.jpeg 600w, https:\/\/wbs-luebeck.de\/wbs\/wp-content\/uploads\/2023\/04\/Pflanztag-800x1066.jpeg 800w, https:\/\/wbs-luebeck.de\/wbs\/wp-content\/uploads\/2023\/04\/Pflanztag.jpeg 1000w\" sizes=\"(min-width: 2200px) 100vw, (min-width: 784px) 397px, (min-width: 712px) 595px, (min-width: 640px) 712px, \" \/><\/a><\/div><\/div><div style=\"padding:5px;\" class=\"fusion-grid-column fusion-gallery-column fusion-gallery-column-3 hover-type-zoomin\"><div class=\"fusion-gallery-image\"><a href=\"https:\/\/wbs-luebeck.de\/wbs\/wp-content\/uploads\/2023\/04\/Fruehlingsbote-3.jpeg\" rel=\"noreferrer\" data-rel=\"iLightbox[gallery_image_1]\" class=\"fusion-lightbox\" target=\"_self\"><img decoding=\"async\" src=\"https:\/\/wbs-luebeck.de\/wbs\/wp-content\/uploads\/2023\/04\/Fruehlingsbote-3.jpeg\" width=\"1000\" height=\"1333\" alt=\"\" title=\"Fr\u00fchlingsbote 3\" aria-label=\"Fr\u00fchlingsbote 3\" class=\"img-responsive wp-image-7431\" srcset=\"https:\/\/wbs-luebeck.de\/wbs\/wp-content\/uploads\/2023\/04\/Fruehlingsbote-3-200x267.jpeg 200w, https:\/\/wbs-luebeck.de\/wbs\/wp-content\/uploads\/2023\/04\/Fruehlingsbote-3-400x533.jpeg 400w, https:\/\/wbs-luebeck.de\/wbs\/wp-content\/uploads\/2023\/04\/Fruehlingsbote-3-600x800.jpeg 600w, https:\/\/wbs-luebeck.de\/wbs\/wp-content\/uploads\/2023\/04\/Fruehlingsbote-3-800x1066.jpeg 800w, https:\/\/wbs-luebeck.de\/wbs\/wp-content\/uploads\/2023\/04\/Fruehlingsbote-3.jpeg 1000w\" sizes=\"(min-width: 2200px) 100vw, (min-width: 784px) 397px, (min-width: 712px) 595px, (min-width: 640px) 712px, \" \/><\/a><\/div><\/div><div style=\"padding:5px;\" class=\"fusion-grid-column fusion-gallery-column fusion-gallery-column-3 hover-type-zoomin\"><div class=\"fusion-gallery-image\"><a href=\"https:\/\/wbs-luebeck.de\/wbs\/wp-content\/uploads\/2023\/04\/Fruehlingsbote2.jpeg\" rel=\"noreferrer\" data-rel=\"iLightbox[gallery_image_1]\" class=\"fusion-lightbox\" target=\"_self\"><img decoding=\"async\" src=\"https:\/\/wbs-luebeck.de\/wbs\/wp-content\/uploads\/2023\/04\/Fruehlingsbote2.jpeg\" width=\"1000\" height=\"1333\" alt=\"\" title=\"Fr\u00fchlingsbote2\" aria-label=\"Fr\u00fchlingsbote2\" class=\"img-responsive wp-image-7432\" srcset=\"https:\/\/wbs-luebeck.de\/wbs\/wp-content\/uploads\/2023\/04\/Fruehlingsbote2-200x267.jpeg 200w, https:\/\/wbs-luebeck.de\/wbs\/wp-content\/uploads\/2023\/04\/Fruehlingsbote2-400x533.jpeg 400w, https:\/\/wbs-luebeck.de\/wbs\/wp-content\/uploads\/2023\/04\/Fruehlingsbote2-600x800.jpeg 600w, https:\/\/wbs-luebeck.de\/wbs\/wp-content\/uploads\/2023\/04\/Fruehlingsbote2-800x1066.jpeg 800w, https:\/\/wbs-luebeck.de\/wbs\/wp-content\/uploads\/2023\/04\/Fruehlingsbote2.jpeg 1000w\" sizes=\"(min-width: 2200px) 100vw, (min-width: 784px) 397px, (min-width: 712px) 595px, (min-width: 640px) 712px, \" \/><\/a><\/div><\/div><div class=\"clearfix\"><\/div><div style=\"padding:5px;\" class=\"fusion-grid-column fusion-gallery-column fusion-gallery-column-3 hover-type-zoomin\"><div class=\"fusion-gallery-image\"><a href=\"https:\/\/wbs-luebeck.de\/wbs\/wp-content\/uploads\/2023\/04\/Fruehlingsbote-Hundeklasse.jpg\" rel=\"noreferrer\" data-rel=\"iLightbox[gallery_image_1]\" class=\"fusion-lightbox\" target=\"_self\"><img decoding=\"async\" src=\"https:\/\/wbs-luebeck.de\/wbs\/wp-content\/uploads\/2023\/04\/Fruehlingsbote-Hundeklasse.jpg\" width=\"1000\" height=\"1333\" alt=\"\" title=\"Fr\u00fchlingsbote Hundeklasse\" aria-label=\"Fr\u00fchlingsbote Hundeklasse\" class=\"img-responsive wp-image-7434\" srcset=\"https:\/\/wbs-luebeck.de\/wbs\/wp-content\/uploads\/2023\/04\/Fruehlingsbote-Hundeklasse-200x267.jpg 200w, https:\/\/wbs-luebeck.de\/wbs\/wp-content\/uploads\/2023\/04\/Fruehlingsbote-Hundeklasse-400x533.jpg 400w, https:\/\/wbs-luebeck.de\/wbs\/wp-content\/uploads\/2023\/04\/Fruehlingsbote-Hundeklasse-600x800.jpg 600w, https:\/\/wbs-luebeck.de\/wbs\/wp-content\/uploads\/2023\/04\/Fruehlingsbote-Hundeklasse-800x1066.jpg 800w, https:\/\/wbs-luebeck.de\/wbs\/wp-content\/uploads\/2023\/04\/Fruehlingsbote-Hundeklasse.jpg 1000w\" sizes=\"(min-width: 2200px) 100vw, (min-width: 784px) 397px, (min-width: 712px) 595px, (min-width: 640px) 712px, \" \/><\/a><\/div><\/div><div style=\"padding:5px;\" class=\"fusion-grid-column fusion-gallery-column fusion-gallery-column-3 hover-type-zoomin\"><div class=\"fusion-gallery-image\"><a href=\"https:\/\/wbs-luebeck.de\/wbs\/wp-content\/uploads\/2023\/04\/Fruehling-Deko.jpeg\" rel=\"noreferrer\" data-rel=\"iLightbox[gallery_image_1]\" class=\"fusion-lightbox\" target=\"_self\"><img decoding=\"async\" src=\"https:\/\/wbs-luebeck.de\/wbs\/wp-content\/uploads\/2023\/04\/Fruehling-Deko.jpeg\" width=\"1000\" height=\"750\" alt=\"\" title=\"Fr\u00fchling Deko\" aria-label=\"Fr\u00fchling Deko\" class=\"img-responsive wp-image-7436\" srcset=\"https:\/\/wbs-luebeck.de\/wbs\/wp-content\/uploads\/2023\/04\/Fruehling-Deko-200x150.jpeg 200w, https:\/\/wbs-luebeck.de\/wbs\/wp-content\/uploads\/2023\/04\/Fruehling-Deko-400x300.jpeg 400w, https:\/\/wbs-luebeck.de\/wbs\/wp-content\/uploads\/2023\/04\/Fruehling-Deko-600x450.jpeg 600w, https:\/\/wbs-luebeck.de\/wbs\/wp-content\/uploads\/2023\/04\/Fruehling-Deko-800x600.jpeg 800w, https:\/\/wbs-luebeck.de\/wbs\/wp-content\/uploads\/2023\/04\/Fruehling-Deko.jpeg 1000w\" sizes=\"(min-width: 2200px) 100vw, (min-width: 784px) 397px, (min-width: 712px) 595px, (min-width: 640px) 712px, \" \/><\/a><\/div><\/div><div style=\"padding:5px;\" class=\"fusion-grid-column fusion-gallery-column fusion-gallery-column-3 hover-type-zoomin\"><div class=\"fusion-gallery-image\"><a href=\"https:\/\/wbs-luebeck.de\/wbs\/wp-content\/uploads\/2023\/04\/Fruehling-pflanzen.jpeg\" rel=\"noreferrer\" data-rel=\"iLightbox[gallery_image_1]\" class=\"fusion-lightbox\" target=\"_self\"><img decoding=\"async\" src=\"https:\/\/wbs-luebeck.de\/wbs\/wp-content\/uploads\/2023\/04\/Fruehling-pflanzen.jpeg\" width=\"1000\" height=\"1333\" alt=\"\" title=\"Fr\u00fchling pflanzen\" aria-label=\"Fr\u00fchling pflanzen\" class=\"img-responsive wp-image-7437\" srcset=\"https:\/\/wbs-luebeck.de\/wbs\/wp-content\/uploads\/2023\/04\/Fruehling-pflanzen-200x267.jpeg 200w, https:\/\/wbs-luebeck.de\/wbs\/wp-content\/uploads\/2023\/04\/Fruehling-pflanzen-400x533.jpeg 400w, https:\/\/wbs-luebeck.de\/wbs\/wp-content\/uploads\/2023\/04\/Fruehling-pflanzen-600x800.jpeg 600w, https:\/\/wbs-luebeck.de\/wbs\/wp-content\/uploads\/2023\/04\/Fruehling-pflanzen-800x1066.jpeg 800w, https:\/\/wbs-luebeck.de\/wbs\/wp-content\/uploads\/2023\/04\/Fruehling-pflanzen.jpeg 1000w\" sizes=\"(min-width: 2200px) 100vw, (min-width: 784px) 397px, (min-width: 712px) 595px, (min-width: 640px) 712px, \" \/><\/a><\/div><\/div><div class=\"clearfix\"><\/div><div style=\"padding:5px;\" class=\"fusion-grid-column fusion-gallery-column fusion-gallery-column-3 hover-type-zoomin\"><div class=\"fusion-gallery-image\"><a href=\"https:\/\/wbs-luebeck.de\/wbs\/wp-content\/uploads\/2023\/04\/Osterblume-1.jpg\" rel=\"noreferrer\" data-rel=\"iLightbox[gallery_image_1]\" class=\"fusion-lightbox\" target=\"_self\"><img decoding=\"async\" src=\"https:\/\/wbs-luebeck.de\/wbs\/wp-content\/uploads\/2023\/04\/Osterblume-1.jpg\" width=\"1000\" height=\"667\" alt=\"\" title=\"Osterblume\" aria-label=\"Osterblume\" class=\"img-responsive wp-image-7439\" srcset=\"https:\/\/wbs-luebeck.de\/wbs\/wp-content\/uploads\/2023\/04\/Osterblume-1-200x133.jpg 200w, https:\/\/wbs-luebeck.de\/wbs\/wp-content\/uploads\/2023\/04\/Osterblume-1-400x267.jpg 400w, https:\/\/wbs-luebeck.de\/wbs\/wp-content\/uploads\/2023\/04\/Osterblume-1-600x400.jpg 600w, https:\/\/wbs-luebeck.de\/wbs\/wp-content\/uploads\/2023\/04\/Osterblume-1-800x534.jpg 800w, https:\/\/wbs-luebeck.de\/wbs\/wp-content\/uploads\/2023\/04\/Osterblume-1.jpg 1000w\" sizes=\"(min-width: 2200px) 100vw, (min-width: 784px) 397px, (min-width: 712px) 595px, (min-width: 640px) 712px, \" \/><\/a><\/div><\/div><\/div><\/div><div class=\"fusion-clearfix\"><\/div><\/div><\/div><\/div><\/div><\/p>\n","protected":false},"excerpt":{"rendered":"","protected":false},"author":2,"featured_media":7409,"comment_status":"closed","ping_status":"open","sticky":false,"template":"","format":"standard","meta":{"_acf_changed":false,"footnotes":""},"categories":[83],"tags":[102,100,105,101,99,104],"acf":[],"_links":{"self":[{"href":"https:\/\/wbs-luebeck.de\/wbs\/wp-json\/wp\/v2\/posts\/7408"}],"collection":[{"href":"https:\/\/wbs-luebeck.de\/wbs\/wp-json\/wp\/v2\/posts"}],"about":[{"href":"https:\/\/wbs-luebeck.de\/wbs\/wp-json\/wp\/v2\/types\/post"}],"author":[{"embeddable":true,"href":"https:\/\/wbs-luebeck.de\/wbs\/wp-json\/wp\/v2\/users\/2"}],"replies":[{"embeddable":true,"href":"https:\/\/wbs-luebeck.de\/wbs\/wp-json\/wp\/v2\/comments?post=7408"}],"version-history":[{"count":5,"href":"https:\/\/wbs-luebeck.de\/wbs\/wp-json\/wp\/v2\/posts\/7408\/revisions"}],"predecessor-version":[{"id":7440,"href":"https:\/\/wbs-luebeck.de\/wbs\/wp-json\/wp\/v2\/posts\/7408\/revisions\/7440"}],"wp:featuredmedia":[{"embeddable":true,"href":"https:\/\/wbs-luebeck.de\/wbs\/wp-json\/wp\/v2\/media\/7409"}],"wp:attachment":[{"href":"https:\/\/wbs-luebeck.de\/wbs\/wp-json\/wp\/v2\/media?parent=7408"}],"wp:term":[{"taxonomy":"category","embeddable":true,"href":"https:\/\/wbs-luebeck.de\/wbs\/wp-json\/wp\/v2\/categories?post=7408"},{"taxonomy":"post_tag","embeddable":true,"href":"https:\/\/wbs-luebeck.de\/wbs\/wp-json\/wp\/v2\/tags?post=7408"}],"curies":[{"name":"wp","href":"https:\/\/api.w.org\/{rel}","templated":true}]}}