{"id":6805,"date":"2022-08-16T21:05:35","date_gmt":"2022-08-16T20:05:35","guid":{"rendered":"https:\/\/wbs-luebeck.de\/wbs\/?p=6805"},"modified":"2022-08-16T21:31:01","modified_gmt":"2022-08-16T20:31:01","slug":"eine-grosse-spende-fuer-das-sv-projekt","status":"publish","type":"post","link":"https:\/\/wbs-luebeck.de\/wbs\/eine-grosse-spende-fuer-das-sv-projekt\/","title":{"rendered":"Eine gro\u00dfe Spende f\u00fcr das SV-Projekt"},"content":{"rendered":"<p><div class=\"fusion-fullwidth fullwidth-box fusion-builder-row-1 nonhundred-percent-fullwidth non-hundred-percent-height-scrolling\" style=\"--awb-border-sizes-top:0px;--awb-border-sizes-bottom:0px;--awb-border-sizes-left:0px;--awb-border-sizes-right:0px;--awb-border-radius-top-left:0px;--awb-border-radius-top-right:0px;--awb-border-radius-bottom-right:0px;--awb-border-radius-bottom-left:0px;--awb-padding-right:0px;--awb-padding-bottom:0px;--awb-padding-left:0px;--awb-margin-top:-90px;--awb-background-color:#ffffff;--awb-flex-wrap:wrap;\" ><div class=\"fusion-builder-row fusion-row\"><div class=\"fusion-layout-column fusion_builder_column fusion-builder-column-0 fusion_builder_column_1_1 1_1 fusion-one-full fusion-column-first fusion-column-last\" style=\"--awb-padding-top:40px;--awb-padding-right:4%;--awb-padding-bottom:20px;--awb-padding-left:4%;--awb-bg-color:rgba(255,255,255,0);--awb-bg-color-hover:rgba(255,255,255,0);--awb-bg-size:cover;--awb-box-shadow:0px -5px 15px 0px rgba(0,0,0,0.03);;--awb-border-color:#3bc863;--awb-border-top:0;--awb-border-style:solid;--awb-margin-top:0px;--awb-margin-bottom:0px;\"><div class=\"fusion-column-wrapper fusion-column-has-shadow fusion-flex-column-wrapper-legacy\"><div class=\"fusion-text fusion-text-1\" style=\"--awb-text-transform:none;\"><p>Im letzten Schuljahr organisierten unsere SV und die Klassen erfolgreich verschiedene Aktionen, die sich f\u00fcr den Frieden und gegen den Krieg einsetzten. Unsere &#8211; inzwischen ehemalige 10. Kl\u00e4sslerin Elisa \u00a0&#8211; wollte diese Aktion ebenfalls unterst\u00fctzen und stiftete uns ein selbstgemaltes Bild. Elisas Talent und ihre Werke bereicherten unsere Schule schon zuvor. &#8222;Unser Schlutup&#8220; fand eine sehr passende M\u00f6glichkeit, Elisas Bild auszustellen: Da der Schlutuper G\u00fcnter Steffen im AWO Treff Schlutup &#8222;eh&#8220; eine Ausstellung organisierte, \u00a0lud er Elisa ein, auch ihr Bild dort auszustellen! Es fand sich ein K\u00e4ufer ! Wir haben 2\/3 (200 Euro!) des Erl\u00f6ses sehr gerne als Spende f\u00fcr das Friedens-Projekt angenommen &#8211; das dritte Drittel sollte Elisa auf jeden Fall behalten: Neue Farbe und Leinw\u00e4nde d\u00fcrfen her. Wir danken Elisa sehr und w\u00fcnschen ihr eine gute und erfolgreiche Zeit an der Prenski! Nach dem MSA Abschluss bei uns, strebt sie dort nun das Abitur an!<\/p>\n<\/div><div class=\"fusion-clearfix\"><\/div><\/div><\/div><\/div><\/div><div class=\"fusion-fullwidth fullwidth-box fusion-builder-row-2 nonhundred-percent-fullwidth non-hundred-percent-height-scrolling\" style=\"--awb-border-radius-top-left:0px;--awb-border-radius-top-right:0px;--awb-border-radius-bottom-right:0px;--awb-border-radius-bottom-left:0px;--awb-margin-bottom:30px;--awb-flex-wrap:wrap;\" ><div class=\"fusion-builder-row fusion-row\"><div class=\"fusion-layout-column fusion_builder_column fusion-builder-column-1 fusion_builder_column_1_1 1_1 fusion-one-full fusion-column-first fusion-column-last\" style=\"--awb-bg-size:cover;\"><div class=\"fusion-column-wrapper fusion-column-has-shadow fusion-flex-column-wrapper-legacy\"><div class=\"fusion-section-separator section-separator triangle fusion-section-separator-1\" style=\"--awb-border-top:0px solid #e0dede;--awb-spacer-height:0px;--awb-svg-margin-left:0;--awb-svg-margin-right:0;--awb-icon-color:#ffffff;\"><div class=\"fusion-section-separator-svg\"><div class=\"divider-candy-arrow top\" style=\"bottom:0px;border-bottom-color: #f5f5f1;\"><\/div><div class=\"divider-candy top\" style=\"top:-20px;border-bottom:1px solid #e0dede;border-left:1px solid #e0dede;\"><\/div><\/div><div class=\"fusion-section-separator-spacer\"><div class=\"fusion-section-separator-spacer-height\"><\/div><\/div><\/div><div class=\"awb-gallery-wrapper awb-gallery-wrapper-1 button-span-no\"><div style=\"margin:-5px;--awb-bordersize:0px;\" class=\"fusion-gallery fusion-gallery-container fusion-grid-3 fusion-columns-total-2 fusion-gallery-layout-grid fusion-gallery-1\"><div style=\"padding:5px;\" class=\"fusion-grid-column fusion-gallery-column fusion-gallery-column-3 hover-type-zoomin\"><div class=\"fusion-gallery-image\"><a href=\"https:\/\/wbs-luebeck.de\/wbs\/wp-content\/uploads\/2022\/08\/Elisa.jpg\" rel=\"noreferrer\" data-rel=\"iLightbox[gallery_image_1]\" class=\"fusion-lightbox\" target=\"_self\"><img decoding=\"async\" src=\"https:\/\/wbs-luebeck.de\/wbs\/wp-content\/uploads\/2022\/08\/Elisa.jpg\" width=\"1000\" height=\"667\" alt=\"\" title=\"Elisa\" aria-label=\"Elisa\" class=\"img-responsive wp-image-6806\" srcset=\"https:\/\/wbs-luebeck.de\/wbs\/wp-content\/uploads\/2022\/08\/Elisa-200x133.jpg 200w, https:\/\/wbs-luebeck.de\/wbs\/wp-content\/uploads\/2022\/08\/Elisa-400x267.jpg 400w, https:\/\/wbs-luebeck.de\/wbs\/wp-content\/uploads\/2022\/08\/Elisa-600x400.jpg 600w, https:\/\/wbs-luebeck.de\/wbs\/wp-content\/uploads\/2022\/08\/Elisa-800x534.jpg 800w, https:\/\/wbs-luebeck.de\/wbs\/wp-content\/uploads\/2022\/08\/Elisa.jpg 1000w\" sizes=\"(min-width: 2200px) 100vw, (min-width: 784px) 397px, (min-width: 712px) 595px, (min-width: 640px) 712px, \" \/><\/a><\/div><\/div><div style=\"padding:5px;\" class=\"fusion-grid-column fusion-gallery-column fusion-gallery-column-3 hover-type-zoomin\"><div class=\"fusion-gallery-image\"><a href=\"https:\/\/wbs-luebeck.de\/wbs\/wp-content\/uploads\/2022\/08\/Wochenspiegel-9.Juli-2022.jpg\" rel=\"noreferrer\" data-rel=\"iLightbox[gallery_image_1]\" class=\"fusion-lightbox\" target=\"_self\"><img decoding=\"async\" src=\"https:\/\/wbs-luebeck.de\/wbs\/wp-content\/uploads\/2022\/08\/Wochenspiegel-9.Juli-2022.jpg\" width=\"1000\" height=\"1333\" alt=\"\" title=\"Wochenspiegel 9.Juli 2022\" aria-label=\"Wochenspiegel 9.Juli 2022\" class=\"img-responsive wp-image-6807\" srcset=\"https:\/\/wbs-luebeck.de\/wbs\/wp-content\/uploads\/2022\/08\/Wochenspiegel-9.Juli-2022-200x267.jpg 200w, https:\/\/wbs-luebeck.de\/wbs\/wp-content\/uploads\/2022\/08\/Wochenspiegel-9.Juli-2022-400x533.jpg 400w, https:\/\/wbs-luebeck.de\/wbs\/wp-content\/uploads\/2022\/08\/Wochenspiegel-9.Juli-2022-600x800.jpg 600w, https:\/\/wbs-luebeck.de\/wbs\/wp-content\/uploads\/2022\/08\/Wochenspiegel-9.Juli-2022-800x1066.jpg 800w, https:\/\/wbs-luebeck.de\/wbs\/wp-content\/uploads\/2022\/08\/Wochenspiegel-9.Juli-2022.jpg 1000w\" sizes=\"(min-width: 2200px) 100vw, (min-width: 784px) 397px, (min-width: 712px) 595px, (min-width: 640px) 712px, \" \/><\/a><\/div><\/div><\/div><\/div><div class=\"fusion-clearfix\"><\/div><\/div><\/div><\/div><\/div><\/p>\n","protected":false},"excerpt":{"rendered":"","protected":false},"author":2,"featured_media":6806,"comment_status":"closed","ping_status":"open","sticky":false,"template":"","format":"standard","meta":{"_acf_changed":false,"footnotes":""},"categories":[83],"tags":[],"acf":[],"_links":{"self":[{"href":"https:\/\/wbs-luebeck.de\/wbs\/wp-json\/wp\/v2\/posts\/6805"}],"collection":[{"href":"https:\/\/wbs-luebeck.de\/wbs\/wp-json\/wp\/v2\/posts"}],"about":[{"href":"https:\/\/wbs-luebeck.de\/wbs\/wp-json\/wp\/v2\/types\/post"}],"author":[{"embeddable":true,"href":"https:\/\/wbs-luebeck.de\/wbs\/wp-json\/wp\/v2\/users\/2"}],"replies":[{"embeddable":true,"href":"https:\/\/wbs-luebeck.de\/wbs\/wp-json\/wp\/v2\/comments?post=6805"}],"version-history":[{"count":6,"href":"https:\/\/wbs-luebeck.de\/wbs\/wp-json\/wp\/v2\/posts\/6805\/revisions"}],"predecessor-version":[{"id":6813,"href":"https:\/\/wbs-luebeck.de\/wbs\/wp-json\/wp\/v2\/posts\/6805\/revisions\/6813"}],"wp:featuredmedia":[{"embeddable":true,"href":"https:\/\/wbs-luebeck.de\/wbs\/wp-json\/wp\/v2\/media\/6806"}],"wp:attachment":[{"href":"https:\/\/wbs-luebeck.de\/wbs\/wp-json\/wp\/v2\/media?parent=6805"}],"wp:term":[{"taxonomy":"category","embeddable":true,"href":"https:\/\/wbs-luebeck.de\/wbs\/wp-json\/wp\/v2\/categories?post=6805"},{"taxonomy":"post_tag","embeddable":true,"href":"https:\/\/wbs-luebeck.de\/wbs\/wp-json\/wp\/v2\/tags?post=6805"}],"curies":[{"name":"wp","href":"https:\/\/api.w.org\/{rel}","templated":true}]}}