{"id":6782,"date":"2022-08-12T21:08:24","date_gmt":"2022-08-12T20:08:24","guid":{"rendered":"https:\/\/wbs-luebeck.de\/wbs\/?p=6782"},"modified":"2022-11-18T22:04:28","modified_gmt":"2022-11-18T21:04:28","slug":"gruendung-kompetenzzentrum-karriere-dual-luebeck-e-v-2","status":"publish","type":"post","link":"https:\/\/wbs-luebeck.de\/wbs\/gruendung-kompetenzzentrum-karriere-dual-luebeck-e-v-2\/","title":{"rendered":"Auf die Pl\u00e4tze- fertig &#8211; los!"},"content":{"rendered":"<p><div class=\"fusion-fullwidth fullwidth-box fusion-builder-row-1 nonhundred-percent-fullwidth non-hundred-percent-height-scrolling\" style=\"--awb-border-sizes-top:0px;--awb-border-sizes-bottom:0px;--awb-border-sizes-left:0px;--awb-border-sizes-right:0px;--awb-border-radius-top-left:0px;--awb-border-radius-top-right:0px;--awb-border-radius-bottom-right:0px;--awb-border-radius-bottom-left:0px;--awb-padding-right:0px;--awb-padding-bottom:0px;--awb-padding-left:0px;--awb-margin-top:-90px;--awb-background-color:#ffffff;--awb-flex-wrap:wrap;\" ><div class=\"fusion-builder-row fusion-row\"><div class=\"fusion-layout-column fusion_builder_column fusion-builder-column-0 fusion_builder_column_1_1 1_1 fusion-one-full fusion-column-first fusion-column-last\" style=\"--awb-padding-top:40px;--awb-padding-right:4%;--awb-padding-bottom:20px;--awb-padding-left:4%;--awb-bg-color:rgba(255,255,255,0);--awb-bg-color-hover:rgba(255,255,255,0);--awb-bg-size:cover;--awb-box-shadow:0px -5px 15px 0px rgba(0,0,0,0.03);;--awb-border-color:#3bc863;--awb-border-top:0;--awb-border-style:solid;--awb-margin-top:0px;--awb-margin-bottom:0px;\"><div class=\"fusion-column-wrapper fusion-column-has-shadow fusion-flex-column-wrapper-legacy\"><div class=\"fusion-text fusion-text-1\" style=\"--awb-text-transform:none;\"><p>Liebe Schulgemeinde,<\/p>\n<p>am Montag, den 15. August 2022 starten wir in das neue Schuljahr.<br \/>\n<strong>Zur Erinnerung: Alle Klassen starten am Montag mit der 2. Stunde.<\/strong><br \/>\nWir freuen uns auf unsere Sch\u00fclerinnen und Sch\u00fclern und bereiten zudem mit gro\u00dfer Vorfreude die Einschulung der 1. &amp; 5. Klassen vor.<\/p>\n<p><strong>Unsere gro\u00dfe Bitte:<\/strong><br \/>\nSchicken Sie Ihre Kinder nur gesund und &#8222;symptomfrei&#8220; in die Schule.<\/p>\n<p>Die aktuellen Hinweise des Ministeriums \u00a0zu &#8222;Corona&#8220; fallen kurz aus:<\/p>\n<ul>\n<li><strong>Wichtig: Der Schnupfenplan gilt weiterhin <span style=\"color: #ff0000;\"><a style=\"color: #ff0000;\" href=\"https:\/\/wbs-luebeck.de\/wbs\/wp-content\/uploads\/2022\/08\/schnupfenplan_schulen_neu.pdf\">(&#8222;Schnupfenplan&#8220; hier klicken)<\/a><\/span><\/strong><\/li>\n<li>Mit &#8222;Corona&#8220; darf man mindestens 5 Tage nicht in die Schule <span style=\"color: #ff0000;\">(<a style=\"color: #ff0000;\" href=\"https:\/\/wbs-luebeck.de\/wbs\/wp-content\/uploads\/2022\/08\/Quarantaene_Isolierung_Schaubild.pdf\">&#8222;Absonderungserlass&#8220; bitte hier klicken<\/a><a style=\"color: #ff0000;\" href=\"https:\/\/wbs-luebeck.de\/wbs\/wp-content\/uploads\/2022\/08\/schnupfenplan_schulen_neu.pdf\">)<\/a><\/span><\/li>\n<li><strong>Nur ohne Symptome<\/strong> darf man nach 5 Tagen Isolation wieder in die Schule<\/li>\n<li>Jeder positive Schnelltest muss mit einem PCR-Test best\u00e4tigt werden<\/li>\n<li>&#8222;Masken&#8220; d\u00fcrfen weiterhin getragen werden, m\u00fcssen aber nicht<\/li>\n<li>Wir l\u00fcften weiterhin und achten auf unsere CO2 Sensoren<\/li>\n<li>Selbsttests werden seitens des Ministeriums aktuell nicht zur Verf\u00fcgung gestellt<\/li>\n<li>Beurlaubungen sind in begr\u00fcndeten F\u00e4llen weiterhin m\u00f6glich.<\/li>\n<\/ul>\n<p><strong>Treffpunkte und Zug\u00e4nge:<\/strong><\/p>\n<ul>\n<li>Die Grundsch\u00fclerinnen und Grundsch\u00fcler treffen sich weiterhin drau\u00dfen an den Treffpunkten.<\/li>\n<li>Die Gemeinschaftsschulsch\u00fclerinnen und -sch\u00fcler d\u00fcrfen wieder selbstst\u00e4ndig in die Klassen gehen.<\/li>\n<\/ul>\n<p><strong>Personal<\/strong><\/p>\n<ul>\n<li>Wir starten vollz\u00e4hlig ins neue Schuljahr!<\/li>\n<li><u>Neu bei uns an der Schule sind:<br \/>\n<\/u>Fr. Blunk (Klassenleitung 6b), Hr. Hobrecht (Sonderp\u00e4dagoge), Fr. Renz (Musik), Fr. Eichmann (Kunst), Fr. Papenfu\u00df &amp; Hr. Thann (Schulbegleitung), Marcella und Fiona \u00a0(FSJ), Fr. Saka (Vertretung Sekretariat Grundschule)<\/li>\n<\/ul>\n<ul>\n<li>In der Grundschule ist der Vertretungsplan nun auch f\u00fcr Eltern zu sehen (Untis). Jede Klasse erh\u00e4lt einen Klassenzugang. Die Verl\u00e4sslichkeit der Grundschule wird eingehalten. Randstunden (z.B. F\u00f6rder) k\u00f6nnen jedoch ausfallen. <u>Bitte pr\u00fcfen Sie daher den Plan.<\/u><\/li>\n<\/ul>\n<ul>\n<li>In der Gemeinschaftsschule erh\u00e4lt jede Sch\u00fclerin \/jeder Sch\u00fcler einen pers\u00f6nlichen Zugang.<\/li>\n<\/ul>\n<p>Bitte pr\u00fcfen Sie, dass Ihr Kind oder Sie einen funktionierenden Zugang zum Vertretungsplan haben.<\/p>\n<p><strong>Krankmeldungen\/ Entschuldigungen<\/strong><\/p>\n<ul>\n<li>Bitte <u>melden<\/u> Sie Ihr Kind <u>ab<\/u>, wenn es <u>erkrankt<\/u> und nicht zu Schule kommt (Anrufbeantworter oder E-Mail).<\/li>\n<li>Die <u>Entschuldigung <\/u>wird in den <u>Planer<\/u> auf die entsprechenden Seiten geschrieben und der Lehrkraft zum Abzeichen vorgelegt. Falls Ihr Kind ein Attest vorlegt, zeichnet es die Lehrkraft ebenfalls ab. Es verbleibt aber bei dem Kind. (z.B. in der Klarsichtfolie des Planers oder bei den Eltern)<\/li>\n<\/ul>\n<p><strong>\u201eAnreise\u201c<\/strong><\/p>\n<p>Bitte denken Sie daran, Ihre Kinder nicht mit dem Auto \u00fcber den \u201eKr\u00fcmmling\u201c oder \u00fcber \u201eBeim Meilenstein\u201c zu bringen. Es entstehen immer wieder gef\u00e4hrliche Situationen f\u00fcr die Kinder und die Parkplatzsituation f\u00fcr die Mitarbeiter:innen ist noch erschwerter.<\/p>\n<p><strong>Zum Abschluss<\/strong><\/p>\n<p>Haben Sie Fragen, freuen sich oder \u00e4rgern sich \u00fcber etwas:<br \/>\nIhre Klassenleitung, die Stufenleitung, unsere Schulsozialarbeit und ich haben ein offenes Ohr. Nehmen Sie gerne Kontakt zu uns auf.<\/p>\n<p>Wir hoffen auf ein Schuljahr, in dem wenig \u201eCorona\u201c im Mittelpunkt steht, sondern viele sch\u00f6ne gemeinsame Momente.<br \/>\nSchauen Sie zudem gerne regelm\u00e4\u00dfig auf unsere Homepage. Dort ver\u00f6ffentlichen wir viel Aktuelles aus dem Schulalltag.<\/p>\n<p>Es gr\u00fc\u00dft Sie und Euch herzlichst<\/p>\n<p>Alexandra Hase-Rodriguez<br \/>\nSchulleiterin<\/p>\n<p><strong><em>Zur Erinnerung: Unterrichtsfreie Tage<\/em><\/strong><\/p>\n<ul>\n<li><em>SET Grundschule &amp; Gemeinschaftsschule: 31.01.23 &amp;\u00a022.05.2023<\/em><\/li>\n<li><em>SET nur Grundschule:\u00a026.09.2023<\/em><\/li>\n<li><\/li>\n<li><em>SET nur Gemeinschaftsschule:\u00a020.03.2023<\/em><\/li>\n<li><em>Bewegliche Ferientage:\u00a030.01.23\u00a0&amp;\u00a002.05.23<\/em><\/li>\n<\/ul>\n<\/div><div class=\"fusion-clearfix\"><\/div><\/div><\/div><\/div><\/div><div class=\"fusion-fullwidth fullwidth-box fusion-builder-row-2 nonhundred-percent-fullwidth non-hundred-percent-height-scrolling\" style=\"--awb-border-radius-top-left:0px;--awb-border-radius-top-right:0px;--awb-border-radius-bottom-right:0px;--awb-border-radius-bottom-left:0px;--awb-margin-bottom:30px;--awb-flex-wrap:wrap;\" ><div class=\"fusion-builder-row fusion-row\"><div class=\"fusion-layout-column fusion_builder_column fusion-builder-column-1 fusion_builder_column_1_1 1_1 fusion-one-full fusion-column-first fusion-column-last\" style=\"--awb-bg-size:cover;\"><div class=\"fusion-column-wrapper fusion-column-has-shadow fusion-flex-column-wrapper-legacy\"><div class=\"fusion-section-separator section-separator triangle fusion-section-separator-1\" style=\"--awb-border-top:0px solid #e0dede;--awb-spacer-height:0px;--awb-svg-margin-left:0;--awb-svg-margin-right:0;--awb-icon-color:#ffffff;\"><div class=\"fusion-section-separator-svg\"><div class=\"divider-candy-arrow top\" style=\"bottom:0px;border-bottom-color: #f5f5f1;\"><\/div><div class=\"divider-candy top\" style=\"top:-20px;border-bottom:1px solid #e0dede;border-left:1px solid #e0dede;\"><\/div><\/div><div class=\"fusion-section-separator-spacer\"><div class=\"fusion-section-separator-spacer-height\"><\/div><\/div><\/div><div class=\"awb-gallery-wrapper awb-gallery-wrapper-1 button-span-no\"><div style=\"margin:-5px;--awb-bordersize:0px;\" class=\"fusion-gallery fusion-gallery-container fusion-grid-3 fusion-columns-total-1 fusion-gallery-layout-grid fusion-gallery-1\"><div style=\"padding:5px;\" class=\"fusion-grid-column fusion-gallery-column fusion-gallery-column-3 hover-type-zoomin\"><div class=\"fusion-gallery-image\"><a href=\"https:\/\/wbs-luebeck.de\/wbs\/wp-content\/uploads\/2022\/08\/Erlass-Absonderung.jpg\" rel=\"noreferrer\" data-rel=\"iLightbox[gallery_image_1]\" class=\"fusion-lightbox\" target=\"_self\"><img decoding=\"async\" src=\"https:\/\/wbs-luebeck.de\/wbs\/wp-content\/uploads\/2022\/08\/Erlass-Absonderung.jpg\" width=\"331\" height=\"271\" alt=\"\" title=\"Erlass Absonderung\" aria-label=\"Erlass Absonderung\" class=\"img-responsive wp-image-6790\" srcset=\"https:\/\/wbs-luebeck.de\/wbs\/wp-content\/uploads\/2022\/08\/Erlass-Absonderung-200x164.jpg 200w, https:\/\/wbs-luebeck.de\/wbs\/wp-content\/uploads\/2022\/08\/Erlass-Absonderung.jpg 331w\" sizes=\"(min-width: 2200px) 100vw, (min-width: 784px) 397px, (min-width: 712px) 595px, (min-width: 640px) 712px, \" \/><\/a><\/div><\/div><\/div><\/div><div class=\"fusion-clearfix\"><\/div><\/div><\/div><\/div><\/div><\/p>\n","protected":false},"excerpt":{"rendered":"","protected":false},"author":2,"featured_media":6783,"comment_status":"closed","ping_status":"open","sticky":false,"template":"","format":"standard","meta":{"_acf_changed":false,"footnotes":""},"categories":[83],"tags":[],"acf":[],"_links":{"self":[{"href":"https:\/\/wbs-luebeck.de\/wbs\/wp-json\/wp\/v2\/posts\/6782"}],"collection":[{"href":"https:\/\/wbs-luebeck.de\/wbs\/wp-json\/wp\/v2\/posts"}],"about":[{"href":"https:\/\/wbs-luebeck.de\/wbs\/wp-json\/wp\/v2\/types\/post"}],"author":[{"embeddable":true,"href":"https:\/\/wbs-luebeck.de\/wbs\/wp-json\/wp\/v2\/users\/2"}],"replies":[{"embeddable":true,"href":"https:\/\/wbs-luebeck.de\/wbs\/wp-json\/wp\/v2\/comments?post=6782"}],"version-history":[{"count":10,"href":"https:\/\/wbs-luebeck.de\/wbs\/wp-json\/wp\/v2\/posts\/6782\/revisions"}],"predecessor-version":[{"id":7105,"href":"https:\/\/wbs-luebeck.de\/wbs\/wp-json\/wp\/v2\/posts\/6782\/revisions\/7105"}],"wp:featuredmedia":[{"embeddable":true,"href":"https:\/\/wbs-luebeck.de\/wbs\/wp-json\/wp\/v2\/media\/6783"}],"wp:attachment":[{"href":"https:\/\/wbs-luebeck.de\/wbs\/wp-json\/wp\/v2\/media?parent=6782"}],"wp:term":[{"taxonomy":"category","embeddable":true,"href":"https:\/\/wbs-luebeck.de\/wbs\/wp-json\/wp\/v2\/categories?post=6782"},{"taxonomy":"post_tag","embeddable":true,"href":"https:\/\/wbs-luebeck.de\/wbs\/wp-json\/wp\/v2\/tags?post=6782"}],"curies":[{"name":"wp","href":"https:\/\/api.w.org\/{rel}","templated":true}]}}