{"id":6734,"date":"2022-07-03T19:39:50","date_gmt":"2022-07-03T18:39:50","guid":{"rendered":"https:\/\/wbs-luebeck.de\/wbs\/?p=6734"},"modified":"2022-07-03T19:43:46","modified_gmt":"2022-07-03T18:43:46","slug":"das-wars-schuljahr-21-22-2","status":"publish","type":"post","link":"https:\/\/wbs-luebeck.de\/wbs\/das-wars-schuljahr-21-22-2\/","title":{"rendered":"Das war&#8217;s : Schuljahr 21\/22"},"content":{"rendered":"<p><div class=\"fusion-fullwidth fullwidth-box fusion-builder-row-1 nonhundred-percent-fullwidth non-hundred-percent-height-scrolling\" style=\"--awb-border-sizes-top:0px;--awb-border-sizes-bottom:0px;--awb-border-sizes-left:0px;--awb-border-sizes-right:0px;--awb-border-radius-top-left:0px;--awb-border-radius-top-right:0px;--awb-border-radius-bottom-right:0px;--awb-border-radius-bottom-left:0px;--awb-padding-right:0px;--awb-padding-bottom:0px;--awb-padding-left:0px;--awb-margin-top:-90px;--awb-background-color:#ffffff;--awb-flex-wrap:wrap;\" ><div class=\"fusion-builder-row fusion-row\"><div class=\"fusion-layout-column fusion_builder_column fusion-builder-column-0 fusion_builder_column_1_1 1_1 fusion-one-full fusion-column-first fusion-column-last\" style=\"--awb-padding-top:40px;--awb-padding-right:4%;--awb-padding-bottom:20px;--awb-padding-left:4%;--awb-bg-color:rgba(255,255,255,0);--awb-bg-color-hover:rgba(255,255,255,0);--awb-bg-size:cover;--awb-box-shadow:0px -5px 15px 0px rgba(0,0,0,0.03);;--awb-border-color:#3bc863;--awb-border-top:0;--awb-border-style:solid;--awb-margin-top:0px;--awb-margin-bottom:0px;\"><div class=\"fusion-column-wrapper fusion-column-has-shadow fusion-flex-column-wrapper-legacy\"><div class=\"fusion-text fusion-text-1\" style=\"--awb-text-transform:none;\"><p>Liebe Schulgemeinde,<br \/>\nwir starten in die Sommerferien &#8211;\u00a0das Schuljahr 2021\/2022 liegt nun hinter uns.<\/p>\n<p>Auch wenn \u201eCorona\u201c das Schulleben immer noch nicht ganz einfach macht, blicken wir mit viel Zuversicht nach vorne und erinnern uns gerne z. B. an die Zirkus-Woche der Grundschule, Klassenfahrten, die Musical Auff\u00fchrungen in beiden Schularten, die Taufe unseres Wanderkutters, das Fu\u00dfballturnier oder an die Abschluss- und Rausschmissfeiern mit viel Freude und Musik. Veranstaltungen, die so wichtig f\u00fcr uns Schulen sind und die wir zaghaft wieder haben aufleben lassen.<\/p>\n<p>Wir w\u00fcnschen unseren Abschlusssch\u00fclerinnen und Abschlusssch\u00fclern sowie allen 4. Kl\u00e4sslerinnen und 4. Kl\u00e4ssern alles Gute f\u00fcr den weiteren schulischen bzw. beruflichen Werdegang!<\/p>\n<p><strong>Wichtige Informationen f\u00fcr die Sommerferien &amp; das neue Schuljahr:<\/strong><\/p>\n<ul>\n<li><strong>\u00d6ffnungszeiten Sekretariat:<\/strong><br \/>\n1. Ferienwoche = 04.-07.07.2022 (Mo. &#8211; Do.) jeweils von 9:00 bis 12:00 Uhr<br \/>\n2. Ferienwoche = 11.-14.07.2022 (Mo. &#8211; Do.) = nach telefonischer Absprache<br \/>\n3.+4.+5. Ferienwoche = geschlossen<br \/>\n6. Ferienwoche = 08.-11.08.2022 (Mo. &#8211; Do.) = jeweils von 9:00 bis 12:00 Uhr<br \/>\nBitte beachten Sie, dass alle Freitage das B\u00fcro geschlossen ist.<\/li>\n<\/ul>\n<ul>\n<li>Wir haben <strong>unsere Unterrichtszeiten etwas angepasst.<\/strong> Die neuen Zeiten finden Sie <span style=\"color: #ff0000;\"><a style=\"color: #ff0000;\" href=\"https:\/\/wbs-luebeck.de\/wbs\/wp-content\/uploads\/2022\/07\/Unterrichtszeiten-ab-15.08.2022.jpg\">hier<\/a><\/span><\/li>\n<li>Der<strong> neue WPU ab Klasse 7<\/strong> \u00a0&#8222;Wir wertsch\u00e4tzen unsere Welt&#8220; startet<\/li>\n<li>Die <strong>Fr\u00fchbetreuung der Grundschule<\/strong> startet ab kommenden Schuljahr erst um <strong>7:45 Uhr<\/strong><\/li>\n<li><strong>Wir sehen uns am Montag, den 15. August 2022 alle zur 2. Stunde wieder<\/strong><br \/>\n(Schulschluss am Montag: Jahrgang 2: 12:45, ab Jahrgang 3: 13:35 Uhr)<\/li>\n<\/ul>\n<p>Einen gro\u00dfen Dank sende ich unserer WBS-\u201eMannschaft\u201c und allen Eltern, die die Kinder in der nicht ganz einfachen Zeit so gut unterst\u00fctzen und begleiten.<\/p>\n<p>Bleiben Sie gesund!<\/p>\n<p>Es gr\u00fc\u00dft Sie herzlich<\/p>\n<p>Ihre<\/p>\n<p>Alexandra Hase-Rodriguez<\/p>\n<\/div><div class=\"fusion-clearfix\"><\/div><\/div><\/div><\/div><\/div><div class=\"fusion-fullwidth fullwidth-box fusion-builder-row-2 nonhundred-percent-fullwidth non-hundred-percent-height-scrolling\" style=\"--awb-border-radius-top-left:0px;--awb-border-radius-top-right:0px;--awb-border-radius-bottom-right:0px;--awb-border-radius-bottom-left:0px;--awb-margin-bottom:30px;--awb-flex-wrap:wrap;\" ><div class=\"fusion-builder-row fusion-row\"><div class=\"fusion-layout-column fusion_builder_column fusion-builder-column-1 fusion_builder_column_1_1 1_1 fusion-one-full fusion-column-first fusion-column-last\" style=\"--awb-bg-size:cover;\"><div class=\"fusion-column-wrapper fusion-column-has-shadow fusion-flex-column-wrapper-legacy\"><div class=\"fusion-section-separator section-separator triangle fusion-section-separator-1\" style=\"--awb-border-top:0px solid #e0dede;--awb-spacer-height:0px;--awb-svg-margin-left:0;--awb-svg-margin-right:0;--awb-icon-color:#ffffff;\"><div class=\"fusion-section-separator-svg\"><div class=\"divider-candy-arrow top\" style=\"bottom:0px;border-bottom-color: #f5f5f1;\"><\/div><div class=\"divider-candy top\" style=\"top:-20px;border-bottom:1px solid #e0dede;border-left:1px solid #e0dede;\"><\/div><\/div><div class=\"fusion-section-separator-spacer\"><div class=\"fusion-section-separator-spacer-height\"><\/div><\/div><\/div><div class=\"awb-gallery-wrapper awb-gallery-wrapper-1 button-span-no\"><div style=\"margin:-5px;--awb-bordersize:0px;\" class=\"fusion-gallery fusion-gallery-container fusion-grid-3 fusion-columns-total-3 fusion-gallery-layout-grid fusion-gallery-1\"><div style=\"padding:5px;\" class=\"fusion-grid-column fusion-gallery-column fusion-gallery-column-3 hover-type-zoomin\"><div class=\"fusion-gallery-image\"><a href=\"https:\/\/wbs-luebeck.de\/wbs\/wp-content\/uploads\/2022\/07\/Dose.jpg\" rel=\"noreferrer\" data-rel=\"iLightbox[gallery_image_1]\" class=\"fusion-lightbox\" target=\"_self\"><img decoding=\"async\" src=\"https:\/\/wbs-luebeck.de\/wbs\/wp-content\/uploads\/2022\/07\/Dose.jpg\" width=\"1000\" height=\"750\" alt=\"\" title=\"Dose\" aria-label=\"Dose\" class=\"img-responsive wp-image-6689\" srcset=\"https:\/\/wbs-luebeck.de\/wbs\/wp-content\/uploads\/2022\/07\/Dose-200x150.jpg 200w, https:\/\/wbs-luebeck.de\/wbs\/wp-content\/uploads\/2022\/07\/Dose-400x300.jpg 400w, https:\/\/wbs-luebeck.de\/wbs\/wp-content\/uploads\/2022\/07\/Dose-600x450.jpg 600w, https:\/\/wbs-luebeck.de\/wbs\/wp-content\/uploads\/2022\/07\/Dose-800x600.jpg 800w, https:\/\/wbs-luebeck.de\/wbs\/wp-content\/uploads\/2022\/07\/Dose.jpg 1000w\" sizes=\"(min-width: 2200px) 100vw, (min-width: 784px) 397px, (min-width: 712px) 595px, (min-width: 640px) 712px, \" \/><\/a><\/div><\/div><div style=\"padding:5px;\" class=\"fusion-grid-column fusion-gallery-column fusion-gallery-column-3 hover-type-zoomin\"><div class=\"fusion-gallery-image\"><a href=\"https:\/\/wbs-luebeck.de\/wbs\/wp-content\/uploads\/2022\/07\/21-22-geschafft.jpg\" rel=\"noreferrer\" data-rel=\"iLightbox[gallery_image_1]\" class=\"fusion-lightbox\" target=\"_self\"><img decoding=\"async\" src=\"https:\/\/wbs-luebeck.de\/wbs\/wp-content\/uploads\/2022\/07\/21-22-geschafft.jpg\" width=\"1000\" height=\"667\" alt=\"\" title=\"21-22 geschafft\" aria-label=\"21-22 geschafft\" class=\"img-responsive wp-image-6688\" srcset=\"https:\/\/wbs-luebeck.de\/wbs\/wp-content\/uploads\/2022\/07\/21-22-geschafft-200x133.jpg 200w, https:\/\/wbs-luebeck.de\/wbs\/wp-content\/uploads\/2022\/07\/21-22-geschafft-400x267.jpg 400w, https:\/\/wbs-luebeck.de\/wbs\/wp-content\/uploads\/2022\/07\/21-22-geschafft-600x400.jpg 600w, https:\/\/wbs-luebeck.de\/wbs\/wp-content\/uploads\/2022\/07\/21-22-geschafft-800x534.jpg 800w, https:\/\/wbs-luebeck.de\/wbs\/wp-content\/uploads\/2022\/07\/21-22-geschafft.jpg 1000w\" sizes=\"(min-width: 2200px) 100vw, (min-width: 784px) 397px, (min-width: 712px) 595px, (min-width: 640px) 712px, \" \/><\/a><\/div><\/div><div style=\"padding:5px;\" class=\"fusion-grid-column fusion-gallery-column fusion-gallery-column-3 hover-type-zoomin\"><div class=\"fusion-gallery-image\"><a href=\"https:\/\/wbs-luebeck.de\/wbs\/wp-content\/uploads\/2022\/07\/Unterrichtszeiten-ab-15.08.2022.jpg\" rel=\"noreferrer\" data-rel=\"iLightbox[gallery_image_1]\" class=\"fusion-lightbox\" target=\"_self\"><img decoding=\"async\" src=\"https:\/\/wbs-luebeck.de\/wbs\/wp-content\/uploads\/2022\/07\/Unterrichtszeiten-ab-15.08.2022.jpg\" width=\"1000\" height=\"694\" alt=\"\" title=\"Unterrichtszeiten ab 15.08.2022\" aria-label=\"Unterrichtszeiten ab 15.08.2022\" class=\"img-responsive wp-image-6687\" srcset=\"https:\/\/wbs-luebeck.de\/wbs\/wp-content\/uploads\/2022\/07\/Unterrichtszeiten-ab-15.08.2022-200x139.jpg 200w, https:\/\/wbs-luebeck.de\/wbs\/wp-content\/uploads\/2022\/07\/Unterrichtszeiten-ab-15.08.2022-400x278.jpg 400w, https:\/\/wbs-luebeck.de\/wbs\/wp-content\/uploads\/2022\/07\/Unterrichtszeiten-ab-15.08.2022-600x416.jpg 600w, https:\/\/wbs-luebeck.de\/wbs\/wp-content\/uploads\/2022\/07\/Unterrichtszeiten-ab-15.08.2022-800x555.jpg 800w, https:\/\/wbs-luebeck.de\/wbs\/wp-content\/uploads\/2022\/07\/Unterrichtszeiten-ab-15.08.2022.jpg 1000w\" sizes=\"(min-width: 2200px) 100vw, (min-width: 784px) 397px, (min-width: 712px) 595px, (min-width: 640px) 712px, \" \/><\/a><\/div><\/div><div class=\"clearfix\"><\/div><\/div><\/div><div class=\"fusion-clearfix\"><\/div><\/div><\/div><\/div><\/div><\/p>\n","protected":false},"excerpt":{"rendered":"","protected":false},"author":2,"featured_media":6688,"comment_status":"closed","ping_status":"open","sticky":false,"template":"","format":"gallery","meta":{"_acf_changed":false,"footnotes":""},"categories":[83],"tags":[],"acf":[],"_links":{"self":[{"href":"https:\/\/wbs-luebeck.de\/wbs\/wp-json\/wp\/v2\/posts\/6734"}],"collection":[{"href":"https:\/\/wbs-luebeck.de\/wbs\/wp-json\/wp\/v2\/posts"}],"about":[{"href":"https:\/\/wbs-luebeck.de\/wbs\/wp-json\/wp\/v2\/types\/post"}],"author":[{"embeddable":true,"href":"https:\/\/wbs-luebeck.de\/wbs\/wp-json\/wp\/v2\/users\/2"}],"replies":[{"embeddable":true,"href":"https:\/\/wbs-luebeck.de\/wbs\/wp-json\/wp\/v2\/comments?post=6734"}],"version-history":[{"count":1,"href":"https:\/\/wbs-luebeck.de\/wbs\/wp-json\/wp\/v2\/posts\/6734\/revisions"}],"predecessor-version":[{"id":6735,"href":"https:\/\/wbs-luebeck.de\/wbs\/wp-json\/wp\/v2\/posts\/6734\/revisions\/6735"}],"wp:featuredmedia":[{"embeddable":true,"href":"https:\/\/wbs-luebeck.de\/wbs\/wp-json\/wp\/v2\/media\/6688"}],"wp:attachment":[{"href":"https:\/\/wbs-luebeck.de\/wbs\/wp-json\/wp\/v2\/media?parent=6734"}],"wp:term":[{"taxonomy":"category","embeddable":true,"href":"https:\/\/wbs-luebeck.de\/wbs\/wp-json\/wp\/v2\/categories?post=6734"},{"taxonomy":"post_tag","embeddable":true,"href":"https:\/\/wbs-luebeck.de\/wbs\/wp-json\/wp\/v2\/tags?post=6734"}],"curies":[{"name":"wp","href":"https:\/\/api.w.org\/{rel}","templated":true}]}}