{"id":6271,"date":"2022-03-18T21:26:24","date_gmt":"2022-03-18T20:26:24","guid":{"rendered":"https:\/\/wbs-luebeck.de\/wbs\/?p=6271"},"modified":"2022-04-01T16:46:35","modified_gmt":"2022-04-01T15:46:35","slug":"stolze-besitzer-eines-jugendwanderkutters","status":"publish","type":"post","link":"https:\/\/wbs-luebeck.de\/wbs\/stolze-besitzer-eines-jugendwanderkutters\/","title":{"rendered":"Stolze Besitzer eines Jugendwanderkutters &#038; eines Liegeplatzes"},"content":{"rendered":"<p><div class=\"fusion-fullwidth fullwidth-box fusion-builder-row-1 nonhundred-percent-fullwidth non-hundred-percent-height-scrolling\" style=\"--awb-border-sizes-top:0px;--awb-border-sizes-bottom:0px;--awb-border-sizes-left:0px;--awb-border-sizes-right:0px;--awb-border-radius-top-left:0px;--awb-border-radius-top-right:0px;--awb-border-radius-bottom-right:0px;--awb-border-radius-bottom-left:0px;--awb-padding-right:0px;--awb-padding-bottom:0px;--awb-padding-left:0px;--awb-margin-top:-90px;--awb-background-color:#ffffff;--awb-flex-wrap:wrap;\" ><div class=\"fusion-builder-row fusion-row\"><div class=\"fusion-layout-column fusion_builder_column fusion-builder-column-0 fusion_builder_column_1_1 1_1 fusion-one-full fusion-column-first fusion-column-last\" style=\"--awb-padding-top:40px;--awb-padding-right:4%;--awb-padding-bottom:20px;--awb-padding-left:4%;--awb-bg-color:rgba(255,255,255,0);--awb-bg-color-hover:rgba(255,255,255,0);--awb-bg-size:cover;--awb-box-shadow:0px -5px 15px 0px rgba(0,0,0,0.03);;--awb-border-color:#3bc863;--awb-border-top:0;--awb-border-style:solid;--awb-margin-top:0px;--awb-margin-bottom:0px;\"><div class=\"fusion-column-wrapper fusion-column-has-shadow fusion-flex-column-wrapper-legacy\"><div class=\"fusion-text fusion-text-1\" style=\"--awb-text-transform:none;\"><p>&#8212;Update: Dank der Unterst\u00fctzung aller Unterst\u00fctzer haben wir es geschafft! F\u00fcr unseren Kutter haben wir einen Liegeplatz erhalten! Erster Platz-erste Reihe! Danke, L\u00fcbeck Port Authority! Und einen alten Fischerschuppen auf der Netzwiese gab es auch noch dazu! Sp\u00e4testens am Ansegelgottesdienst am 7. Mai geht unser Kutter ins Wasser! Welch ein gro\u00dfartiges Projekt! Im &#8222;Trockendock&#8220; auf dem Friedhof legen alle inzwischen Hand an: Sch\u00fclerinnen und Sch\u00fcler \u00a0helfen, dass der Kutter an der richtigen Stelle steht und auch sein Zelt hat. Nun wartet unser Kutter nur noch auf seinen neuen Namen, neue Farbe und sein Holz-Trockendock! Schlutup, das ist richtig toll!<\/p>\n<p>Kurz vor Weihnachten war es soweit: Unser Erzieher und &#8222;Wasserp\u00e4dagoge&#8220; Bastian Marin holte unseren eigenen Jugendwanderkutter aus Dresden ab. Ein Projekt, das mit einer Unterhaltung zwischen Herrn Marin und Frau Hase-Rodriguez auf dem Sportplatz startete, in ein Konzept \u00fcberf\u00fchrt wurde und auf viel Zustimmung und Unterst\u00fctzer traf. Anl\u00e4sslich des 20j\u00e4hrigen Jubil\u00e4ums der Michael-Haukohl-Stiftung wurde uns nun der &#8222;T\u00fcmmler&#8220; erm\u00f6glicht. Im Sondernewsletter der Stiftung hei\u00dft es wie folgt:<br \/>\n<em>Gibt es anl\u00e4sslich des 20j\u00e4hrigen Jubil\u00e4ums ein besonderes Projekt?<\/em><br \/>\n<em>Michael Haukohl: Wir haben uns tats\u00e4chlich etwas Besonderes \u00fcberlegt, das von unserer bisher verfolgten Linie abweicht und einen Grundsatz der Michael-Haukohl-Stiftung sprichw\u00f6rtlich \u00fcber Bord wirft. Wir werden f\u00fcr die Willy-Brandt-Schule die Anschaffung eines Segelschiffes, eines sogenannten Jugendwanderkutters, finanzieren. Das Schiff soll in verschiedenen Bereichen des Schullebens integriert werden und ein zus\u00e4tzlicher Lernort werden. Im Rahmen von AGs sind theoretischer Unterricht, Ausfahrten sowie handwerkliche T\u00e4tigkeiten m\u00f6glich. Zudem soll das Schiff Anlaufpunkt f\u00fcr Sch\u00fcler werden, die sich sozial oder psychisch in einer schwierigen Lage befinden. Die Schule hat ein vielversprechendes Konzept erstellt, au\u00dferdem steht ein qualifiziertes und motiviertes Team zur Begleitung dieses Projekts zur Verf\u00fcgung. Wir sind gespannt auf den weiteren Fortgang der Planungen.<\/em><\/p>\n<p>Gemeinsam mit unserem F\u00f6rderverein, unserer Schulsozialarbeit, dem &#8222;Kinderhafen&#8220;, der St. Andreas Gemeinde, dem Gemeinn\u00fctzigen Verein und der Michael-Haukohl-Stiftung werden wir hoffentlich im Fr\u00fchjahr die ersten Angebote und Touren starten k\u00f6nnen. Wir freuen uns auf ein besonderes Projekt f\u00fcr unsere Sch\u00fclerinnen und Sch\u00fcler und f\u00fcr Schlutup!<\/p>\n<\/div><div class=\"fusion-clearfix\"><\/div><\/div><\/div><\/div><\/div><div class=\"fusion-fullwidth fullwidth-box fusion-builder-row-2 nonhundred-percent-fullwidth non-hundred-percent-height-scrolling\" style=\"--awb-border-radius-top-left:0px;--awb-border-radius-top-right:0px;--awb-border-radius-bottom-right:0px;--awb-border-radius-bottom-left:0px;--awb-margin-bottom:30px;--awb-flex-wrap:wrap;\" ><div class=\"fusion-builder-row fusion-row\"><div class=\"fusion-layout-column fusion_builder_column fusion-builder-column-1 fusion_builder_column_1_1 1_1 fusion-one-full fusion-column-first fusion-column-last\" style=\"--awb-bg-size:cover;\"><div class=\"fusion-column-wrapper fusion-column-has-shadow fusion-flex-column-wrapper-legacy\"><div class=\"fusion-section-separator section-separator triangle fusion-section-separator-1\" style=\"--awb-border-top:0px solid #e0dede;--awb-spacer-height:0px;--awb-svg-margin-left:0;--awb-svg-margin-right:0;--awb-icon-color:#ffffff;\"><div class=\"fusion-section-separator-svg\"><div class=\"divider-candy-arrow top\" style=\"bottom:0px;border-bottom-color: #f5f5f1;\"><\/div><div class=\"divider-candy top\" style=\"top:-20px;border-bottom:1px solid #e0dede;border-left:1px solid #e0dede;\"><\/div><\/div><div class=\"fusion-section-separator-spacer\"><div class=\"fusion-section-separator-spacer-height\"><\/div><\/div><\/div><div class=\"awb-gallery-wrapper awb-gallery-wrapper-1 button-span-no\"><div style=\"margin:-5px;--awb-bordersize:0px;\" class=\"fusion-gallery fusion-gallery-container fusion-grid-3 fusion-columns-total-4 fusion-gallery-layout-grid fusion-gallery-1\"><div style=\"padding:5px;\" class=\"fusion-grid-column fusion-gallery-column fusion-gallery-column-3 hover-type-zoomin\"><div class=\"fusion-gallery-image\"><a href=\"https:\/\/wbs-luebeck.de\/wbs\/wp-content\/uploads\/2022\/03\/Liegeplatz.jpg\" rel=\"noreferrer\" data-rel=\"iLightbox[gallery_image_1]\" class=\"fusion-lightbox\" target=\"_self\"><img decoding=\"async\" src=\"https:\/\/wbs-luebeck.de\/wbs\/wp-content\/uploads\/2022\/03\/Liegeplatz.jpg\" width=\"1000\" height=\"635\" alt=\"\" title=\"Liegeplatz\" aria-label=\"Liegeplatz\" class=\"img-responsive wp-image-6439\" srcset=\"https:\/\/wbs-luebeck.de\/wbs\/wp-content\/uploads\/2022\/03\/Liegeplatz-200x127.jpg 200w, https:\/\/wbs-luebeck.de\/wbs\/wp-content\/uploads\/2022\/03\/Liegeplatz-400x254.jpg 400w, https:\/\/wbs-luebeck.de\/wbs\/wp-content\/uploads\/2022\/03\/Liegeplatz-600x381.jpg 600w, https:\/\/wbs-luebeck.de\/wbs\/wp-content\/uploads\/2022\/03\/Liegeplatz-800x508.jpg 800w, https:\/\/wbs-luebeck.de\/wbs\/wp-content\/uploads\/2022\/03\/Liegeplatz.jpg 1000w\" sizes=\"(min-width: 2200px) 100vw, (min-width: 784px) 397px, (min-width: 712px) 595px, (min-width: 640px) 712px, \" \/><\/a><\/div><\/div><div style=\"padding:5px;\" class=\"fusion-grid-column fusion-gallery-column fusion-gallery-column-3 hover-type-zoomin\"><div class=\"fusion-gallery-image\"><a href=\"https:\/\/wbs-luebeck.de\/wbs\/wp-content\/uploads\/2022\/03\/Unser-Kutter.jpg\" rel=\"noreferrer\" data-rel=\"iLightbox[gallery_image_1]\" class=\"fusion-lightbox\" target=\"_self\"><img decoding=\"async\" src=\"https:\/\/wbs-luebeck.de\/wbs\/wp-content\/uploads\/2022\/03\/Unser-Kutter.jpg\" width=\"1000\" height=\"667\" alt=\"\" title=\"Unser Kutter\" aria-label=\"Unser Kutter\" class=\"img-responsive wp-image-6494\" srcset=\"https:\/\/wbs-luebeck.de\/wbs\/wp-content\/uploads\/2022\/03\/Unser-Kutter-200x133.jpg 200w, https:\/\/wbs-luebeck.de\/wbs\/wp-content\/uploads\/2022\/03\/Unser-Kutter-400x267.jpg 400w, https:\/\/wbs-luebeck.de\/wbs\/wp-content\/uploads\/2022\/03\/Unser-Kutter-600x400.jpg 600w, https:\/\/wbs-luebeck.de\/wbs\/wp-content\/uploads\/2022\/03\/Unser-Kutter-800x534.jpg 800w, https:\/\/wbs-luebeck.de\/wbs\/wp-content\/uploads\/2022\/03\/Unser-Kutter.jpg 1000w\" sizes=\"(min-width: 2200px) 100vw, (min-width: 784px) 397px, (min-width: 712px) 595px, (min-width: 640px) 712px, \" \/><\/a><\/div><\/div><div style=\"padding:5px;\" class=\"fusion-grid-column fusion-gallery-column fusion-gallery-column-3 hover-type-zoomin\"><div class=\"fusion-gallery-image\"><a href=\"https:\/\/wbs-luebeck.de\/wbs\/wp-content\/uploads\/2022\/03\/Skizze-Kutter.jpg\" rel=\"noreferrer\" data-rel=\"iLightbox[gallery_image_1]\" class=\"fusion-lightbox\" target=\"_self\"><img decoding=\"async\" src=\"https:\/\/wbs-luebeck.de\/wbs\/wp-content\/uploads\/2022\/03\/Skizze-Kutter.jpg\" width=\"1000\" height=\"998\" alt=\"\" title=\"Skizze Kutter\" aria-label=\"Skizze Kutter\" class=\"img-responsive wp-image-6495\" srcset=\"https:\/\/wbs-luebeck.de\/wbs\/wp-content\/uploads\/2022\/03\/Skizze-Kutter-200x200.jpg 200w, https:\/\/wbs-luebeck.de\/wbs\/wp-content\/uploads\/2022\/03\/Skizze-Kutter-400x399.jpg 400w, https:\/\/wbs-luebeck.de\/wbs\/wp-content\/uploads\/2022\/03\/Skizze-Kutter-600x599.jpg 600w, https:\/\/wbs-luebeck.de\/wbs\/wp-content\/uploads\/2022\/03\/Skizze-Kutter-800x798.jpg 800w, https:\/\/wbs-luebeck.de\/wbs\/wp-content\/uploads\/2022\/03\/Skizze-Kutter.jpg 1000w\" sizes=\"(min-width: 2200px) 100vw, (min-width: 784px) 397px, (min-width: 712px) 595px, (min-width: 640px) 712px, \" \/><\/a><\/div><\/div><div class=\"clearfix\"><\/div><div style=\"padding:5px;\" class=\"fusion-grid-column fusion-gallery-column fusion-gallery-column-3 hover-type-zoomin\"><div class=\"fusion-gallery-image\"><a href=\"https:\/\/wbs-luebeck.de\/wbs\/wp-content\/uploads\/2022\/01\/Kutter.jpg\" rel=\"noreferrer\" data-rel=\"iLightbox[gallery_image_1]\" class=\"fusion-lightbox\" target=\"_self\"><img decoding=\"async\" src=\"https:\/\/wbs-luebeck.de\/wbs\/wp-content\/uploads\/2022\/01\/Kutter.jpg\" width=\"1000\" height=\"667\" alt=\"\" title=\"Kutter\" aria-label=\"Kutter\" class=\"img-responsive wp-image-6275\" srcset=\"https:\/\/wbs-luebeck.de\/wbs\/wp-content\/uploads\/2022\/01\/Kutter-200x133.jpg 200w, https:\/\/wbs-luebeck.de\/wbs\/wp-content\/uploads\/2022\/01\/Kutter-400x267.jpg 400w, https:\/\/wbs-luebeck.de\/wbs\/wp-content\/uploads\/2022\/01\/Kutter-600x400.jpg 600w, https:\/\/wbs-luebeck.de\/wbs\/wp-content\/uploads\/2022\/01\/Kutter-800x534.jpg 800w, https:\/\/wbs-luebeck.de\/wbs\/wp-content\/uploads\/2022\/01\/Kutter.jpg 1000w\" sizes=\"(min-width: 2200px) 100vw, (min-width: 784px) 397px, (min-width: 712px) 595px, (min-width: 640px) 712px, \" \/><\/a><\/div><\/div><\/div><\/div><div class=\"fusion-clearfix\"><\/div><\/div><\/div><\/div><\/div><\/p>\n","protected":false},"excerpt":{"rendered":"","protected":false},"author":2,"featured_media":6494,"comment_status":"closed","ping_status":"open","sticky":false,"template":"","format":"standard","meta":{"_acf_changed":false,"footnotes":""},"categories":[83],"tags":[],"acf":[],"_links":{"self":[{"href":"https:\/\/wbs-luebeck.de\/wbs\/wp-json\/wp\/v2\/posts\/6271"}],"collection":[{"href":"https:\/\/wbs-luebeck.de\/wbs\/wp-json\/wp\/v2\/posts"}],"about":[{"href":"https:\/\/wbs-luebeck.de\/wbs\/wp-json\/wp\/v2\/types\/post"}],"author":[{"embeddable":true,"href":"https:\/\/wbs-luebeck.de\/wbs\/wp-json\/wp\/v2\/users\/2"}],"replies":[{"embeddable":true,"href":"https:\/\/wbs-luebeck.de\/wbs\/wp-json\/wp\/v2\/comments?post=6271"}],"version-history":[{"count":5,"href":"https:\/\/wbs-luebeck.de\/wbs\/wp-json\/wp\/v2\/posts\/6271\/revisions"}],"predecessor-version":[{"id":6496,"href":"https:\/\/wbs-luebeck.de\/wbs\/wp-json\/wp\/v2\/posts\/6271\/revisions\/6496"}],"wp:featuredmedia":[{"embeddable":true,"href":"https:\/\/wbs-luebeck.de\/wbs\/wp-json\/wp\/v2\/media\/6494"}],"wp:attachment":[{"href":"https:\/\/wbs-luebeck.de\/wbs\/wp-json\/wp\/v2\/media?parent=6271"}],"wp:term":[{"taxonomy":"category","embeddable":true,"href":"https:\/\/wbs-luebeck.de\/wbs\/wp-json\/wp\/v2\/categories?post=6271"},{"taxonomy":"post_tag","embeddable":true,"href":"https:\/\/wbs-luebeck.de\/wbs\/wp-json\/wp\/v2\/tags?post=6271"}],"curies":[{"name":"wp","href":"https:\/\/api.w.org\/{rel}","templated":true}]}}