{"id":6100,"date":"2021-10-01T19:30:14","date_gmt":"2021-10-01T18:30:14","guid":{"rendered":"https:\/\/wbs-luebeck.de\/wbs\/?p=6100"},"modified":"2021-11-01T21:07:01","modified_gmt":"2021-11-01T20:07:01","slug":"einschulung-2022-2023","status":"publish","type":"post","link":"https:\/\/wbs-luebeck.de\/wbs\/einschulung-2022-2023\/","title":{"rendered":"Einschulung 2022\/2023 &#8211; aktualisiert 20.10.2021"},"content":{"rendered":"<p><div class=\"fusion-fullwidth fullwidth-box fusion-builder-row-1 nonhundred-percent-fullwidth non-hundred-percent-height-scrolling\" style=\"--awb-border-radius-top-left:0px;--awb-border-radius-top-right:0px;--awb-border-radius-bottom-right:0px;--awb-border-radius-bottom-left:0px;--awb-padding-right:0px;--awb-padding-bottom:0px;--awb-padding-left:0px;--awb-margin-top:-90px;--awb-background-color:#ffffff;--awb-border-sizes-top:0px;--awb-border-sizes-bottom:0px;--awb-flex-wrap:wrap;\" ><div class=\"fusion-builder-row fusion-row\"><div class=\"fusion-layout-column fusion_builder_column fusion-builder-column-0 fusion_builder_column_1_1 1_1 fusion-one-full fusion-column-first fusion-column-last\" style=\"--awb-padding-top:40px;--awb-padding-right:4%;--awb-padding-bottom:20px;--awb-padding-left:4%;--awb-bg-color:rgba(255,255,255,0);--awb-bg-color-hover:rgba(255,255,255,0);--awb-bg-size:cover;--awb-box-shadow:0px -5px 15px 0px rgba(0,0,0,0.03);;--awb-border-color:#3bc863;--awb-border-style:solid;--awb-margin-top:0px;--awb-margin-bottom:0px;\"><div class=\"fusion-column-wrapper fusion-column-has-shadow fusion-flex-column-wrapper-legacy\"><div class=\"fusion-text fusion-text-1\"><p><em>Update: Wenn Sie Ihr Kind zum Infotag am 23.10 mitbringen m\u00f6chten, k\u00f6nnen Sie dieses tun. Eine Betreuung durch Lehrkr\u00e4fte bieten wir wie jedes Jahr an.<\/em><\/p>\n<p>Liebe Eltern unserer zuk\u00fcnftigen 1. Klassen,<\/p>\n<p>ab Montag, 18.10.2021 beginnt bei uns die Anmeldephase f\u00fcr unsere zuk\u00fcnftigen &#8222;Erstis&#8220;. Wir freuen uns sehr, Sie und Ihr Kind kennenzulernen.<\/p>\n<p><strong>Anmeldung<\/strong><br \/>\nSie haben alle einen Brief erhalten, der Sie \u00fcber den Termin und die n\u00f6tigen Unterlagen informierte. Falls Sie neu nach Schlutup gezogen sind oder kein Schreiben erhalten haben sollten, melden Sie sich gerne bei uns. Bitte denken Sie auch f\u00fcr das Anmeldegespr\u00e4ch an Ihren 3G-Nachweis. Wir freuen uns, wenn auch ihr Kind einen Schnelltest gemacht hat. Hier reicht uns die Selbstauskunft, f\u00fcr Erwachsene d\u00fcrfen wir leider nur ein offizielles Testergebnis anerkennen, das nicht \u00e4lter als 48 Stunden sein sollte.<br \/>\nSie und Ihr Kind m\u00fcssen bitte im Schulgeb\u00e4ude eine Mund-Nasen-Bedeckung tragen. Hat Ihr Kind damit Probleme, sprechen Sie uns gerne an.<\/p>\n<p><strong>Informationsveranstaltung<br \/>\n<\/strong>Am Samstag, den 23. Oktober 2021 findet um 11 Uhr eine Informationsveranstaltung in der Mensa Meilenstein (Zugang \u00fcber den Schulhof Kr\u00fcmmling) statt. Im Anschluss k\u00f6nnen die R\u00e4ume der Grundschule besichtigt werden. Damit wir mit Abstand sitzen k\u00f6nnen, bitten wir nur um einen Sorgeberechtigten pro Kind. Auch hier muss wieder eine Mund-Nasen-Bedeckung getragen und der 3G Nachweis am Eingang vorgelegt werden.<\/p>\n<p>Haben Sie noch Fragen, melden Sie sich gerne bei uns. Unsere Grundschulsekret\u00e4rin Frau N\u00f6thling beantwortet montags, mittwochs und freitags gerne Ihre Fragen. Oder senden Sie uns eine E-Mail.<\/p>\n<p>Haben Sie schon unseren neuen Film \u00fcber die Grundschule gesehen? Wenn nicht, Sie finden ihn <span style=\"color: #ff0000;\"><a style=\"color: #ff0000;\" href=\"https:\/\/wbs-luebeck.de\/wbs\/wbs-film-premiere-unsere-grundschule\/\">hier<\/a><\/span>.<\/p>\n<p>Ihre Alexandra Hase-Rodriguez &amp; Carola L\u00fcnenb\u00fcrger<\/p>\n<\/div><div class=\"fusion-clearfix\"><\/div><\/div><\/div><\/div><\/div><div class=\"fusion-fullwidth fullwidth-box fusion-builder-row-2 nonhundred-percent-fullwidth non-hundred-percent-height-scrolling\" style=\"--awb-border-radius-top-left:0px;--awb-border-radius-top-right:0px;--awb-border-radius-bottom-right:0px;--awb-border-radius-bottom-left:0px;--awb-margin-bottom:30px;--awb-flex-wrap:wrap;\" ><div class=\"fusion-builder-row fusion-row\"><div class=\"fusion-layout-column fusion_builder_column fusion-builder-column-1 fusion_builder_column_1_1 1_1 fusion-one-full fusion-column-first fusion-column-last\" style=\"--awb-bg-size:cover;\"><div class=\"fusion-column-wrapper fusion-column-has-shadow fusion-flex-column-wrapper-legacy\"><div class=\"fusion-section-separator section-separator triangle fusion-section-separator-1\" style=\"--awb-border-top:0px solid #e0dede;--awb-spacer-height:0px;--awb-svg-margin-left:0;--awb-svg-margin-right:0;--awb-icon-color:#ffffff;\"><div class=\"fusion-section-separator-svg\"><div class=\"divider-candy-arrow top\" style=\"bottom:0px;border-bottom-color: #f5f5f1;\"><\/div><div class=\"divider-candy top\" style=\"top:-20px;border-bottom:1px solid #e0dede;border-left:1px solid #e0dede;\"><\/div><\/div><div class=\"fusion-section-separator-spacer\"><div class=\"fusion-section-separator-spacer-height\"><\/div><\/div><\/div><div class=\"fusion-clearfix\"><\/div><\/div><\/div><\/div><\/div><div class=\"fusion-fullwidth fullwidth-box fusion-builder-row-3 nonhundred-percent-fullwidth non-hundred-percent-height-scrolling\" style=\"--awb-border-radius-top-left:0px;--awb-border-radius-top-right:0px;--awb-border-radius-bottom-right:0px;--awb-border-radius-bottom-left:0px;--awb-flex-wrap:wrap;\" ><div class=\"fusion-builder-row fusion-row\"><div class=\"fusion-layout-column fusion_builder_column fusion-builder-column-2 fusion_builder_column_1_1 1_1 fusion-one-full fusion-column-first fusion-column-last\" style=\"--awb-bg-size:cover;\"><div class=\"fusion-column-wrapper fusion-column-has-shadow fusion-flex-column-wrapper-legacy\"><div class=\"awb-gallery-wrapper awb-gallery-wrapper-1 button-span-no\"><div style=\"margin:-5px;--awb-bordersize:0px;\" class=\"fusion-gallery fusion-gallery-container fusion-grid-3 fusion-columns-total-0 fusion-gallery-layout-grid fusion-gallery-1\"><\/div><\/div><div class=\"fusion-clearfix\"><\/div><\/div><\/div><\/div><\/div><\/p>\n","protected":false},"excerpt":{"rendered":"","protected":false},"author":2,"featured_media":6101,"comment_status":"closed","ping_status":"open","sticky":false,"template":"","format":"standard","meta":{"_acf_changed":false,"footnotes":""},"categories":[83],"tags":[],"acf":[],"_links":{"self":[{"href":"https:\/\/wbs-luebeck.de\/wbs\/wp-json\/wp\/v2\/posts\/6100"}],"collection":[{"href":"https:\/\/wbs-luebeck.de\/wbs\/wp-json\/wp\/v2\/posts"}],"about":[{"href":"https:\/\/wbs-luebeck.de\/wbs\/wp-json\/wp\/v2\/types\/post"}],"author":[{"embeddable":true,"href":"https:\/\/wbs-luebeck.de\/wbs\/wp-json\/wp\/v2\/users\/2"}],"replies":[{"embeddable":true,"href":"https:\/\/wbs-luebeck.de\/wbs\/wp-json\/wp\/v2\/comments?post=6100"}],"version-history":[{"count":5,"href":"https:\/\/wbs-luebeck.de\/wbs\/wp-json\/wp\/v2\/posts\/6100\/revisions"}],"predecessor-version":[{"id":6123,"href":"https:\/\/wbs-luebeck.de\/wbs\/wp-json\/wp\/v2\/posts\/6100\/revisions\/6123"}],"wp:featuredmedia":[{"embeddable":true,"href":"https:\/\/wbs-luebeck.de\/wbs\/wp-json\/wp\/v2\/media\/6101"}],"wp:attachment":[{"href":"https:\/\/wbs-luebeck.de\/wbs\/wp-json\/wp\/v2\/media?parent=6100"}],"wp:term":[{"taxonomy":"category","embeddable":true,"href":"https:\/\/wbs-luebeck.de\/wbs\/wp-json\/wp\/v2\/categories?post=6100"},{"taxonomy":"post_tag","embeddable":true,"href":"https:\/\/wbs-luebeck.de\/wbs\/wp-json\/wp\/v2\/tags?post=6100"}],"curies":[{"name":"wp","href":"https:\/\/api.w.org\/{rel}","templated":true}]}}