{"id":6024,"date":"2021-09-17T13:18:42","date_gmt":"2021-09-17T12:18:42","guid":{"rendered":"https:\/\/wbs-luebeck.de\/wbs\/?p=6024"},"modified":"2021-10-02T13:25:12","modified_gmt":"2021-10-02T12:25:12","slug":"staffeltag-2021","status":"publish","type":"post","link":"https:\/\/wbs-luebeck.de\/wbs\/staffeltag-2021\/","title":{"rendered":"Staffeltag 2021 &#8211; wir waren dabei"},"content":{"rendered":"<p><div class=\"fusion-fullwidth fullwidth-box fusion-builder-row-1 nonhundred-percent-fullwidth non-hundred-percent-height-scrolling\" style=\"--awb-border-radius-top-left:0px;--awb-border-radius-top-right:0px;--awb-border-radius-bottom-right:0px;--awb-border-radius-bottom-left:0px;--awb-padding-right:0px;--awb-padding-bottom:0px;--awb-padding-left:0px;--awb-margin-top:-90px;--awb-background-color:#ffffff;--awb-border-sizes-top:0px;--awb-border-sizes-bottom:0px;--awb-flex-wrap:wrap;\" ><div class=\"fusion-builder-row fusion-row\"><div class=\"fusion-layout-column fusion_builder_column fusion-builder-column-0 fusion_builder_column_1_1 1_1 fusion-one-full fusion-column-first fusion-column-last\" style=\"--awb-padding-top:40px;--awb-padding-right:4%;--awb-padding-bottom:20px;--awb-padding-left:4%;--awb-bg-color:rgba(255,255,255,0);--awb-bg-color-hover:rgba(255,255,255,0);--awb-bg-size:cover;--awb-box-shadow:0px -5px 15px 0px rgba(0,0,0,0.03);;--awb-border-color:#3bc863;--awb-border-style:solid;--awb-margin-top:0px;--awb-margin-bottom:0px;\"><div class=\"fusion-column-wrapper fusion-column-has-shadow fusion-flex-column-wrapper-legacy\"><div class=\"fusion-text fusion-text-1\"><p>Anfang des Jahres stimmte die Lehrerschaft ab: Wollen wir in allen Jahrg\u00e4ngen Staffelmannschaften aufstellen? Ein klares Ja! Wenn der Lauf stattfinden darf, dann auch mit uns. F\u00fcr die Grundschule w\u00e4re es die Premiere, die Gemeinschaftsschule war schon mal dabei. Frau Krull und Herr Storm \u00fcbernahmen das Training der Staffeln der Gemeinschaftsschule; Frau Krull, Herr Lau und Herr Somodi die der Grundschule. Alle waren super motiviert, nur Schnupfenpl\u00e4ne und die ersten Erk\u00e4ltungsviren machten es uns ein bisschen schwer. Die Stammmannschaften mussten bis zu Letzt immer noch umgestellt werden.<br \/>\nMit einem Sonderbus des Stadtverkehrs f\u00fcr die Grundschule, mit Plakaten und mit verschiedenen Delegationen zum Anfeuern machten wir uns auf den Weg. Auch wenn nicht so viele wie sonst ins Stadion durften, schnupperten alle &#8222;Staffel-Luft&#8220;. Es reichte dieses Jahr noch nicht f\u00fcr die vorderen Pl\u00e4tze aber mit viel Lust und Trainingswillen f\u00fcrs n\u00e4chste Jahr ging es wieder nach Schlutup. Herr Somodi erlebte zum ersten Mal als Nicht-L\u00fcbecker den Staffellauf &#8211; noch vor Ort schrieb er die Trainingspl\u00e4ne f\u00fcrs n\u00e4chstes Jahr :-). Der L\u00fcbecker Staffellauf steckt an!<\/p>\n<p>Ein GROSSE Dankesch\u00f6n an alle L\u00e4uferinnen und L\u00e4ufer, an alle Trainer und an alle, die vor Ort, zu Hause oder in der Schule angefeuert haben.<\/p>\n<\/div><div class=\"fusion-clearfix\"><\/div><\/div><\/div><\/div><\/div><div class=\"fusion-fullwidth fullwidth-box fusion-builder-row-2 nonhundred-percent-fullwidth non-hundred-percent-height-scrolling\" style=\"--awb-border-radius-top-left:0px;--awb-border-radius-top-right:0px;--awb-border-radius-bottom-right:0px;--awb-border-radius-bottom-left:0px;--awb-margin-bottom:30px;--awb-flex-wrap:wrap;\" ><div class=\"fusion-builder-row fusion-row\"><div class=\"fusion-layout-column fusion_builder_column fusion-builder-column-1 fusion_builder_column_1_1 1_1 fusion-one-full fusion-column-first fusion-column-last\" style=\"--awb-bg-size:cover;\"><div class=\"fusion-column-wrapper fusion-column-has-shadow fusion-flex-column-wrapper-legacy\"><div class=\"fusion-section-separator section-separator triangle fusion-section-separator-1\" style=\"--awb-border-top:0px solid #e0dede;--awb-spacer-height:0px;--awb-svg-margin-left:0;--awb-svg-margin-right:0;--awb-icon-color:#ffffff;\"><div class=\"fusion-section-separator-svg\"><div class=\"divider-candy-arrow top\" style=\"bottom:0px;border-bottom-color: #f5f5f1;\"><\/div><div class=\"divider-candy top\" style=\"top:-20px;border-bottom:1px solid #e0dede;border-left:1px solid #e0dede;\"><\/div><\/div><div class=\"fusion-section-separator-spacer\"><div class=\"fusion-section-separator-spacer-height\"><\/div><\/div><\/div><div class=\"fusion-clearfix\"><\/div><\/div><\/div><\/div><\/div><div class=\"fusion-fullwidth fullwidth-box fusion-builder-row-3 nonhundred-percent-fullwidth non-hundred-percent-height-scrolling\" style=\"--awb-border-radius-top-left:0px;--awb-border-radius-top-right:0px;--awb-border-radius-bottom-right:0px;--awb-border-radius-bottom-left:0px;--awb-flex-wrap:wrap;\" ><div class=\"fusion-builder-row fusion-row\"><div class=\"fusion-layout-column fusion_builder_column fusion-builder-column-2 fusion_builder_column_1_1 1_1 fusion-one-full fusion-column-first fusion-column-last\" style=\"--awb-bg-size:cover;\"><div class=\"fusion-column-wrapper fusion-column-has-shadow fusion-flex-column-wrapper-legacy\"><div class=\"awb-gallery-wrapper awb-gallery-wrapper-1 button-span-no\"><div style=\"margin:-5px;--awb-bordersize:0px;\" class=\"fusion-gallery fusion-gallery-container fusion-grid-3 fusion-columns-total-5 fusion-gallery-layout-grid fusion-gallery-1\"><div style=\"padding:5px;\" class=\"fusion-grid-column fusion-gallery-column fusion-gallery-column-3 hover-type-zoomin\"><div class=\"fusion-gallery-image\"><a href=\"https:\/\/wbs-luebeck.de\/wbs\/wp-content\/uploads\/2021\/10\/Staffeltag4.jpg\" rel=\"noreferrer\" data-rel=\"iLightbox[gallery_image_1]\" class=\"fusion-lightbox\" target=\"_self\"><img decoding=\"async\" src=\"https:\/\/wbs-luebeck.de\/wbs\/wp-content\/uploads\/2021\/10\/Staffeltag4.jpg\" width=\"1000\" height=\"750\" alt=\"\" title=\"Staffeltag4\" aria-label=\"Staffeltag4\" class=\"img-responsive wp-image-6029\" srcset=\"https:\/\/wbs-luebeck.de\/wbs\/wp-content\/uploads\/2021\/10\/Staffeltag4-200x150.jpg 200w, https:\/\/wbs-luebeck.de\/wbs\/wp-content\/uploads\/2021\/10\/Staffeltag4-400x300.jpg 400w, https:\/\/wbs-luebeck.de\/wbs\/wp-content\/uploads\/2021\/10\/Staffeltag4-600x450.jpg 600w, https:\/\/wbs-luebeck.de\/wbs\/wp-content\/uploads\/2021\/10\/Staffeltag4-800x600.jpg 800w, https:\/\/wbs-luebeck.de\/wbs\/wp-content\/uploads\/2021\/10\/Staffeltag4.jpg 1000w\" sizes=\"(min-width: 2200px) 100vw, (min-width: 784px) 397px, (min-width: 712px) 595px, (min-width: 640px) 712px, \" \/><\/a><\/div><\/div><div style=\"padding:5px;\" class=\"fusion-grid-column fusion-gallery-column fusion-gallery-column-3 hover-type-zoomin\"><div class=\"fusion-gallery-image\"><a href=\"https:\/\/wbs-luebeck.de\/wbs\/wp-content\/uploads\/2021\/10\/Staffeltag-Premiere-Somodi.jpg\" rel=\"noreferrer\" data-rel=\"iLightbox[gallery_image_1]\" class=\"fusion-lightbox\" target=\"_self\"><img decoding=\"async\" src=\"https:\/\/wbs-luebeck.de\/wbs\/wp-content\/uploads\/2021\/10\/Staffeltag-Premiere-Somodi.jpg\" width=\"1000\" height=\"1333\" alt=\"\" title=\"Staffeltag &#8211; Premiere Somodi\" aria-label=\"Staffeltag &#8211; Premiere Somodi\" class=\"img-responsive wp-image-6030\" srcset=\"https:\/\/wbs-luebeck.de\/wbs\/wp-content\/uploads\/2021\/10\/Staffeltag-Premiere-Somodi-200x267.jpg 200w, https:\/\/wbs-luebeck.de\/wbs\/wp-content\/uploads\/2021\/10\/Staffeltag-Premiere-Somodi-400x533.jpg 400w, https:\/\/wbs-luebeck.de\/wbs\/wp-content\/uploads\/2021\/10\/Staffeltag-Premiere-Somodi-600x800.jpg 600w, https:\/\/wbs-luebeck.de\/wbs\/wp-content\/uploads\/2021\/10\/Staffeltag-Premiere-Somodi-800x1066.jpg 800w, https:\/\/wbs-luebeck.de\/wbs\/wp-content\/uploads\/2021\/10\/Staffeltag-Premiere-Somodi.jpg 1000w\" sizes=\"(min-width: 2200px) 100vw, (min-width: 784px) 397px, (min-width: 712px) 595px, (min-width: 640px) 712px, \" \/><\/a><\/div><\/div><div style=\"padding:5px;\" class=\"fusion-grid-column fusion-gallery-column fusion-gallery-column-3 hover-type-zoomin\"><div class=\"fusion-gallery-image\"><a href=\"https:\/\/wbs-luebeck.de\/wbs\/wp-content\/uploads\/2021\/10\/Staffeltag2.jpg\" rel=\"noreferrer\" data-rel=\"iLightbox[gallery_image_1]\" class=\"fusion-lightbox\" target=\"_self\"><img decoding=\"async\" src=\"https:\/\/wbs-luebeck.de\/wbs\/wp-content\/uploads\/2021\/10\/Staffeltag2.jpg\" width=\"1000\" height=\"750\" alt=\"\" title=\"Staffeltag2\" aria-label=\"Staffeltag2\" class=\"img-responsive wp-image-6031\" srcset=\"https:\/\/wbs-luebeck.de\/wbs\/wp-content\/uploads\/2021\/10\/Staffeltag2-200x150.jpg 200w, https:\/\/wbs-luebeck.de\/wbs\/wp-content\/uploads\/2021\/10\/Staffeltag2-400x300.jpg 400w, https:\/\/wbs-luebeck.de\/wbs\/wp-content\/uploads\/2021\/10\/Staffeltag2-600x450.jpg 600w, https:\/\/wbs-luebeck.de\/wbs\/wp-content\/uploads\/2021\/10\/Staffeltag2-800x600.jpg 800w, https:\/\/wbs-luebeck.de\/wbs\/wp-content\/uploads\/2021\/10\/Staffeltag2.jpg 1000w\" sizes=\"(min-width: 2200px) 100vw, (min-width: 784px) 397px, (min-width: 712px) 595px, (min-width: 640px) 712px, \" \/><\/a><\/div><\/div><div class=\"clearfix\"><\/div><div style=\"padding:5px;\" class=\"fusion-grid-column fusion-gallery-column fusion-gallery-column-3 hover-type-zoomin\"><div class=\"fusion-gallery-image\"><a href=\"https:\/\/wbs-luebeck.de\/wbs\/wp-content\/uploads\/2021\/10\/Staffeltag4.jpg\" rel=\"noreferrer\" data-rel=\"iLightbox[gallery_image_1]\" class=\"fusion-lightbox\" target=\"_self\"><img decoding=\"async\" src=\"https:\/\/wbs-luebeck.de\/wbs\/wp-content\/uploads\/2021\/10\/Staffeltag4.jpg\" width=\"1000\" height=\"750\" alt=\"\" title=\"Staffeltag4\" aria-label=\"Staffeltag4\" class=\"img-responsive wp-image-6029\" srcset=\"https:\/\/wbs-luebeck.de\/wbs\/wp-content\/uploads\/2021\/10\/Staffeltag4-200x150.jpg 200w, https:\/\/wbs-luebeck.de\/wbs\/wp-content\/uploads\/2021\/10\/Staffeltag4-400x300.jpg 400w, https:\/\/wbs-luebeck.de\/wbs\/wp-content\/uploads\/2021\/10\/Staffeltag4-600x450.jpg 600w, https:\/\/wbs-luebeck.de\/wbs\/wp-content\/uploads\/2021\/10\/Staffeltag4-800x600.jpg 800w, https:\/\/wbs-luebeck.de\/wbs\/wp-content\/uploads\/2021\/10\/Staffeltag4.jpg 1000w\" sizes=\"(min-width: 2200px) 100vw, (min-width: 784px) 397px, (min-width: 712px) 595px, (min-width: 640px) 712px, \" \/><\/a><\/div><\/div><div style=\"padding:5px;\" class=\"fusion-grid-column fusion-gallery-column fusion-gallery-column-3 hover-type-zoomin\"><div class=\"fusion-gallery-image\"><a href=\"https:\/\/wbs-luebeck.de\/wbs\/wp-content\/uploads\/2021\/10\/Staffeltag5.jpg\" rel=\"noreferrer\" data-rel=\"iLightbox[gallery_image_1]\" class=\"fusion-lightbox\" target=\"_self\"><img decoding=\"async\" src=\"https:\/\/wbs-luebeck.de\/wbs\/wp-content\/uploads\/2021\/10\/Staffeltag5.jpg\" width=\"1000\" height=\"1815\" alt=\"\" title=\"Staffeltag5\" aria-label=\"Staffeltag5\" class=\"img-responsive wp-image-6028\" srcset=\"https:\/\/wbs-luebeck.de\/wbs\/wp-content\/uploads\/2021\/10\/Staffeltag5-200x363.jpg 200w, https:\/\/wbs-luebeck.de\/wbs\/wp-content\/uploads\/2021\/10\/Staffeltag5-400x726.jpg 400w, https:\/\/wbs-luebeck.de\/wbs\/wp-content\/uploads\/2021\/10\/Staffeltag5-600x1089.jpg 600w, https:\/\/wbs-luebeck.de\/wbs\/wp-content\/uploads\/2021\/10\/Staffeltag5-800x1452.jpg 800w, https:\/\/wbs-luebeck.de\/wbs\/wp-content\/uploads\/2021\/10\/Staffeltag5.jpg 1000w\" sizes=\"(min-width: 2200px) 100vw, (min-width: 784px) 397px, (min-width: 712px) 595px, (min-width: 640px) 712px, \" \/><\/a><\/div><\/div><\/div><\/div><div class=\"fusion-clearfix\"><\/div><\/div><\/div><\/div><\/div><\/p>\n","protected":false},"excerpt":{"rendered":"","protected":false},"author":2,"featured_media":6025,"comment_status":"closed","ping_status":"open","sticky":false,"template":"","format":"standard","meta":{"_acf_changed":false,"footnotes":""},"categories":[83],"tags":[],"acf":[],"_links":{"self":[{"href":"https:\/\/wbs-luebeck.de\/wbs\/wp-json\/wp\/v2\/posts\/6024"}],"collection":[{"href":"https:\/\/wbs-luebeck.de\/wbs\/wp-json\/wp\/v2\/posts"}],"about":[{"href":"https:\/\/wbs-luebeck.de\/wbs\/wp-json\/wp\/v2\/types\/post"}],"author":[{"embeddable":true,"href":"https:\/\/wbs-luebeck.de\/wbs\/wp-json\/wp\/v2\/users\/2"}],"replies":[{"embeddable":true,"href":"https:\/\/wbs-luebeck.de\/wbs\/wp-json\/wp\/v2\/comments?post=6024"}],"version-history":[{"count":7,"href":"https:\/\/wbs-luebeck.de\/wbs\/wp-json\/wp\/v2\/posts\/6024\/revisions"}],"predecessor-version":[{"id":6039,"href":"https:\/\/wbs-luebeck.de\/wbs\/wp-json\/wp\/v2\/posts\/6024\/revisions\/6039"}],"wp:featuredmedia":[{"embeddable":true,"href":"https:\/\/wbs-luebeck.de\/wbs\/wp-json\/wp\/v2\/media\/6025"}],"wp:attachment":[{"href":"https:\/\/wbs-luebeck.de\/wbs\/wp-json\/wp\/v2\/media?parent=6024"}],"wp:term":[{"taxonomy":"category","embeddable":true,"href":"https:\/\/wbs-luebeck.de\/wbs\/wp-json\/wp\/v2\/categories?post=6024"},{"taxonomy":"post_tag","embeddable":true,"href":"https:\/\/wbs-luebeck.de\/wbs\/wp-json\/wp\/v2\/tags?post=6024"}],"curies":[{"name":"wp","href":"https:\/\/api.w.org\/{rel}","templated":true}]}}