{"id":5867,"date":"2021-07-28T15:26:10","date_gmt":"2021-07-28T14:26:10","guid":{"rendered":"https:\/\/wbs-luebeck.de\/wbs\/?p=5867"},"modified":"2021-08-15T20:50:36","modified_gmt":"2021-08-15T19:50:36","slug":"es-geht-los-schuljahr-2021-2022","status":"publish","type":"post","link":"https:\/\/wbs-luebeck.de\/wbs\/es-geht-los-schuljahr-2021-2022\/","title":{"rendered":"Es geht los: Schuljahr 2021-2022"},"content":{"rendered":"<p><div class=\"fusion-fullwidth fullwidth-box fusion-builder-row-1 nonhundred-percent-fullwidth non-hundred-percent-height-scrolling\" style=\"--awb-border-radius-top-left:0px;--awb-border-radius-top-right:0px;--awb-border-radius-bottom-right:0px;--awb-border-radius-bottom-left:0px;--awb-padding-right:0px;--awb-padding-bottom:0px;--awb-padding-left:0px;--awb-margin-top:-90px;--awb-background-color:#ffffff;--awb-border-sizes-top:0px;--awb-border-sizes-bottom:0px;--awb-flex-wrap:wrap;\" ><div class=\"fusion-builder-row fusion-row\"><div class=\"fusion-layout-column fusion_builder_column fusion-builder-column-0 fusion_builder_column_1_1 1_1 fusion-one-full fusion-column-first fusion-column-last\" style=\"--awb-padding-top:40px;--awb-padding-right:4%;--awb-padding-bottom:20px;--awb-padding-left:4%;--awb-bg-color:rgba(255,255,255,0);--awb-bg-color-hover:rgba(255,255,255,0);--awb-bg-size:cover;--awb-box-shadow:0px -5px 15px 0px rgba(0,0,0,0.03);;--awb-border-color:#3bc863;--awb-border-style:solid;--awb-margin-top:0px;--awb-margin-bottom:0px;\"><div class=\"fusion-column-wrapper fusion-column-has-shadow fusion-flex-column-wrapper-legacy\"><div class=\"fusion-text fusion-text-1\"><p>So sch\u00f6n wie unsere Mammut-Familie in einem frischen Rot erstrahlt &#8211; ein gro\u00dfes Dankesch\u00f6n geht hier an unseren Hausmeister Herrn Selke &#8211; , so gut erholt starten auch wir in unser neues Schuljahr.<\/p>\n<p>Es \u00fcberrascht uns ja inzwischen nicht mehr so sehr &#8211; wir sind immer noch im &#8222;Corona-Modus&#8220;. Wir m\u00fcssen noch eine Weile durchhalten, bis wir wieder unbefangen in die Schule gehen k\u00f6nnen. Die neusten Informationen des Ministeriums haben uns nun auch erreicht.<\/p>\n<p>F\u00fcr den 1. Schultag ist Folgendes wichtig:<\/p>\n<ul>\n<li><strong>Der Unterricht beginnt am Montag, 2. August 2021, mit der 2. Stunde\u00a0<\/strong>(Grundschule: angemeldete Kinder der Schulbetreuung k\u00f6nnen zuvor nat\u00fcrlich die Fr\u00fchbetreuung nutzen).<\/li>\n<li>Wir starten mit den <strong>\u00fcblichen \u201eCorona-Schnelltests\u201c in Halbgruppen<\/strong>. Eine Befreiung von der Testpflicht ist nur dann m\u00f6glich, wenn die Person zu den Genesenen z\u00e4hlt, deren Infektion nicht l\u00e4nger als 6 Monate zur\u00fcckliegt oder einen zweifachen Impfschutz vorweist, der mindestens 14 Tage zur\u00fcckliegt. Diese Personen d\u00fcrfen sich aber auch weiterhin vor Ort testen.<br \/>\nEine Einverst\u00e4ndniserkl\u00e4rung zur Testung ben\u00f6tigen wir immer noch. Die Erkl\u00e4rung aus dem letzten Schuljahr reicht aber aus.<\/li>\n<li>Es besteht f\u00fcr alle Kinder und Jugendliche wieder \u201e<strong>Pr\u00e4senzpflicht\u201c<\/strong>. \u00a0Auf der <span style=\"color: #ff0000;\"><a style=\"color: #ff0000;\" href=\"https:\/\/www.schleswig-holstein.de\/DE\/Schwerpunkte\/Coronavirus\/Schulen_Hochschulen\/Schuljahr21_22\/hygienekonzept_21_22.html\">Internetseite des Ministeriums<\/a><\/span> wird eine etwaige Beurlaubung folgt erkl\u00e4rt:<\/li>\n<\/ul>\n<p style=\"padding-left: 40px;\"><em>Eine Beurlaubung von Sch\u00fclerinnen und Sch\u00fclern kommt f\u00fcr Sch\u00fclerinnen und Sch\u00fcler in Betracht, die entweder selbst ein klar erh\u00f6htes Risiko f\u00fcr einen schweren Verlauf haben oder bei denen dies bei mit ihnen in h\u00e4uslicher Gemeinschaft lebenden Angeh\u00f6rigen der Fall ist. Es wird hier immer der Einzelfall entschieden und abgewogen. Eine Rolle spielt zum Beispiel auch, wie hoch das Infektionsgeschehen vor Ort ist und wie viel Unterricht bereits verpasst wurde. Eine Beurlaubung kann nur dann ausgesprochen werden, wenn gleichzeitig ein Konzept f\u00fcr ein Lernen in Distanz abgesprochen wird, das die realistisch vorhandenen zeitlichen Ressourcen von Lehrkr\u00e4ften bei ansonsten regul\u00e4rem Pr\u00e4senzunterricht ber\u00fccksichtigt, und erfolgt jeweils f\u00fcr l\u00e4ngstens einen Monat. N\u00e4here Vorgaben werden sich aus der \u00fcberarbeiteten Handreichung zum Umgang mit vulnerablen Sch\u00fclerinnen und Sch\u00fclern ergeben, die in K\u00fcrze an dieser Stelle verlinkt sein wird. Die Beurlaubung gilt nicht mehr automatisch als erteilt, sondern muss beantragt und bewilligt werden. Ohne Beurlaubung muss am Pr\u00e4senzunterricht teilgenommen werden.<\/em><\/p>\n<p style=\"padding-left: 40px;\"><strong>Bitte nehmen Sie schnellstm\u00f6glich Kontakt zu mir und Ihrer Klassenleitung auf, sofern auf Ihr Kind die o.g. Kriterien zutreffen. Wir ben\u00f6tigen einen schriftlichen Antrag mit Begr\u00fcndung. Gemeinsam mit der Schulsozialarbeit und der Klassenleitung pr\u00fcfen wir diesen dann.\u00a0<\/strong><\/p>\n<ul>\n<li>In den Innenr\u00e4umen wird weiterhin eine MNB getragen, auf dem Au\u00dfengel\u00e4nde nicht.<\/li>\n<li>Die Kohortenregelung soll laut Schulcorona-Information aufgehoben werden. Hier werden wir jedoch vorsichtiger vorgehen und diese noch nicht umf\u00e4nglich aufl\u00f6sen.<\/li>\n<li>Neue Sch\u00fcler:innen: Wir haben neben unseren neuen \u201eErstis\u201c und den neuen 5. Klassen auch viele andere neue Sch\u00fcler:innen, die wir herzlich bei uns willkommen hei\u00dfen. Die Klassenleitungen werden sich, sofern noch nicht geschehen, im Laufe der letzten Ferienwoche bei Ihnen melden.<\/li>\n<\/ul>\n<p><strong>Falls Sie erst diese Woche aus einem Risikogebiet einreisen, vergessen Sie bitte nicht, die aktuellen Vorgaben hinsichtlich Quarant\u00e4ne und Testung zu beachten.<\/strong><\/p>\n<p><strong>Bei Fragen kontaktieren Sie gerne Ihre Klassenleitung oder Frau Hase-Rodriguez<\/strong><\/p>\n<p>Einen guten und gesunden Start ins neue Schuljahr w\u00fcnscht Ihnen das Team der WBS!<\/p>\n<p>Falls Sie erst diese Woche aus einem Risikogebiet einreisen, vergessen Sie bitte nicht, die aktuellen Vorgaben hinsichtlich Quarant\u00e4ne und Testung zu beachten.<\/p>\n<\/div><div class=\"fusion-clearfix\"><\/div><\/div><\/div><\/div><\/div><div class=\"fusion-fullwidth fullwidth-box fusion-builder-row-2 nonhundred-percent-fullwidth non-hundred-percent-height-scrolling\" style=\"--awb-border-radius-top-left:0px;--awb-border-radius-top-right:0px;--awb-border-radius-bottom-right:0px;--awb-border-radius-bottom-left:0px;--awb-margin-bottom:30px;--awb-flex-wrap:wrap;\" ><div class=\"fusion-builder-row fusion-row\"><div class=\"fusion-layout-column fusion_builder_column fusion-builder-column-1 fusion_builder_column_1_1 1_1 fusion-one-full fusion-column-first fusion-column-last\" style=\"--awb-bg-size:cover;\"><div class=\"fusion-column-wrapper fusion-column-has-shadow fusion-flex-column-wrapper-legacy\"><div class=\"fusion-section-separator section-separator triangle fusion-section-separator-1\" style=\"--awb-border-top:0px solid #e0dede;--awb-spacer-height:0px;--awb-svg-margin-left:0;--awb-svg-margin-right:0;--awb-icon-color:#ffffff;\"><div class=\"fusion-section-separator-svg\"><div class=\"divider-candy-arrow top\" style=\"bottom:0px;border-bottom-color: #f5f5f1;\"><\/div><div class=\"divider-candy top\" style=\"top:-20px;border-bottom:1px solid #e0dede;border-left:1px solid #e0dede;\"><\/div><\/div><div class=\"fusion-section-separator-spacer\"><div class=\"fusion-section-separator-spacer-height\"><\/div><\/div><\/div><div class=\"fusion-clearfix\"><\/div><\/div><\/div><\/div><\/div><div class=\"fusion-fullwidth fullwidth-box fusion-builder-row-3 nonhundred-percent-fullwidth non-hundred-percent-height-scrolling\" style=\"--awb-border-radius-top-left:0px;--awb-border-radius-top-right:0px;--awb-border-radius-bottom-right:0px;--awb-border-radius-bottom-left:0px;--awb-flex-wrap:wrap;\" ><div class=\"fusion-builder-row fusion-row\"><div class=\"fusion-layout-column fusion_builder_column fusion-builder-column-2 fusion_builder_column_1_1 1_1 fusion-one-full fusion-column-first fusion-column-last\" style=\"--awb-bg-size:cover;\"><div class=\"fusion-column-wrapper fusion-column-has-shadow fusion-flex-column-wrapper-legacy\"><div class=\"awb-gallery-wrapper awb-gallery-wrapper-1 button-span-no\"><div style=\"margin:-5px;--awb-bordersize:0px;\" class=\"fusion-gallery fusion-gallery-container fusion-grid-3 fusion-columns-total-0 fusion-gallery-layout-grid fusion-gallery-1\"><\/div><\/div><div class=\"fusion-clearfix\"><\/div><\/div><\/div><\/div><\/div><\/p>\n","protected":false},"excerpt":{"rendered":"","protected":false},"author":2,"featured_media":5868,"comment_status":"closed","ping_status":"open","sticky":false,"template":"","format":"standard","meta":{"_acf_changed":false,"footnotes":""},"categories":[83],"tags":[],"acf":[],"_links":{"self":[{"href":"https:\/\/wbs-luebeck.de\/wbs\/wp-json\/wp\/v2\/posts\/5867"}],"collection":[{"href":"https:\/\/wbs-luebeck.de\/wbs\/wp-json\/wp\/v2\/posts"}],"about":[{"href":"https:\/\/wbs-luebeck.de\/wbs\/wp-json\/wp\/v2\/types\/post"}],"author":[{"embeddable":true,"href":"https:\/\/wbs-luebeck.de\/wbs\/wp-json\/wp\/v2\/users\/2"}],"replies":[{"embeddable":true,"href":"https:\/\/wbs-luebeck.de\/wbs\/wp-json\/wp\/v2\/comments?post=5867"}],"version-history":[{"count":5,"href":"https:\/\/wbs-luebeck.de\/wbs\/wp-json\/wp\/v2\/posts\/5867\/revisions"}],"predecessor-version":[{"id":5926,"href":"https:\/\/wbs-luebeck.de\/wbs\/wp-json\/wp\/v2\/posts\/5867\/revisions\/5926"}],"wp:featuredmedia":[{"embeddable":true,"href":"https:\/\/wbs-luebeck.de\/wbs\/wp-json\/wp\/v2\/media\/5868"}],"wp:attachment":[{"href":"https:\/\/wbs-luebeck.de\/wbs\/wp-json\/wp\/v2\/media?parent=5867"}],"wp:term":[{"taxonomy":"category","embeddable":true,"href":"https:\/\/wbs-luebeck.de\/wbs\/wp-json\/wp\/v2\/categories?post=5867"},{"taxonomy":"post_tag","embeddable":true,"href":"https:\/\/wbs-luebeck.de\/wbs\/wp-json\/wp\/v2\/tags?post=5867"}],"curies":[{"name":"wp","href":"https:\/\/api.w.org\/{rel}","templated":true}]}}