{"id":5431,"date":"2022-03-18T21:00:37","date_gmt":"2022-03-18T20:00:37","guid":{"rendered":"https:\/\/wbs-luebeck.de\/wbs\/?p=5431"},"modified":"2022-06-19T20:04:07","modified_gmt":"2022-06-19T19:04:07","slug":"aktuelle-infos-rund-um-corona-aktualisiert-19-maerz","status":"publish","type":"post","link":"https:\/\/wbs-luebeck.de\/wbs\/aktuelle-infos-rund-um-corona-aktualisiert-19-maerz\/","title":{"rendered":"Aktuelle Infos rund um &#8222;Corona&#8220; &#038; Schulalltag (aktualisiert Mai 2022)"},"content":{"rendered":"<p><div class=\"fusion-fullwidth fullwidth-box fusion-builder-row-1 nonhundred-percent-fullwidth non-hundred-percent-height-scrolling\" style=\"--awb-border-sizes-top:0px;--awb-border-sizes-bottom:0px;--awb-border-sizes-left:0px;--awb-border-sizes-right:0px;--awb-border-radius-top-left:0px;--awb-border-radius-top-right:0px;--awb-border-radius-bottom-right:0px;--awb-border-radius-bottom-left:0px;--awb-padding-right:0px;--awb-padding-bottom:0px;--awb-padding-left:0px;--awb-margin-top:-90px;--awb-background-color:#ffffff;--awb-flex-wrap:wrap;\" ><div class=\"fusion-builder-row fusion-row\"><div class=\"fusion-layout-column fusion_builder_column fusion-builder-column-0 fusion_builder_column_1_1 1_1 fusion-one-full fusion-column-first fusion-column-last\" style=\"--awb-padding-top:40px;--awb-padding-right:4%;--awb-padding-bottom:20px;--awb-padding-left:4%;--awb-bg-color:rgba(255,255,255,0);--awb-bg-color-hover:rgba(255,255,255,0);--awb-bg-size:cover;--awb-box-shadow:0px -5px 15px 0px rgba(0,0,0,0.03);;--awb-border-color:#3bc863;--awb-border-top:0;--awb-border-style:solid;--awb-margin-top:0px;--awb-margin-bottom:0px;\"><div class=\"fusion-column-wrapper fusion-column-has-shadow fusion-flex-column-wrapper-legacy\"><div class=\"fusion-text fusion-text-1\" style=\"--awb-text-transform:none;\"><p>Liebe Besucherinnen und Besucher unserer Homepage,<\/p>\n<p>auf dieser Seite versuchen wir immer zeitnah alle neuen Informationen rund um das &#8222;Schuljahr unter Pandemie-Bedingungen&#8220; zu ver\u00f6ffentlichen. Vieles \u00e4ndert sich und vieles muss immer wieder angepasst werden. Bitte besuchen Sie diese Seite regelm\u00e4\u00dfig. Konnten wir noch nicht alle Fragen beantworten, wenden Sie sich gerne an Ihre Klassenleitung oder an mich (haserodrigueza@luebeck.schule).<br \/>\nBleiben Sie &#8211; bleibt Ihr alle gesund!<\/p>\n<p>Alexandra Hase-Rodriguez &#8211; Schulleiterin<\/p>\n<p>Aktuelle Informationen des Ministeriums finden Sie <span style=\"color: #ff0000;\"><a style=\"color: #ff0000;\" href=\"https:\/\/www.schleswig-holstein.de\/DE\/Schwerpunkte\/Coronavirus\/Schulen_Hochschulen\/corona_schule.html\">hier.<\/a><\/span><\/p>\n<p>Die Seite der Hansestadt L\u00fcbeck zu den aktuellen Quarant\u00e4ne-Regeln finden Sie <span style=\"color: #ff0000;\"><a style=\"color: #ff0000;\" href=\"https:\/\/luebeck.de\/de\/rathaus\/verwaltung\/gesundheitsamt\/infektionsschutz\/quarantaene.html\">hier<\/a><\/span>.<\/p>\n<p>Den Hygieneleitfaden f\u00fcr das Schuljahr 2021\/2022 finden Sie <span style=\"color: #ff0000;\"><a style=\"color: #ff0000;\" href=\"https:\/\/www.schleswig-holstein.de\/DE\/Schwerpunkte\/Coronavirus\/Schulen_Hochschulen\/Schuljahr21_22\/hygienekonzept_21_22.html\">hier<\/a><\/span>.<\/p>\n<p style=\"text-align: center;\">&#8212;&#8212;&#8212;&#8212;&#8212;&#8212;&#8212;&#8212;&#8212;&#8212;&#8212;<\/p>\n<\/div><ul style=\"--awb-line-height:27.2px;--awb-icon-width:27.2px;--awb-icon-height:27.2px;--awb-icon-margin:11.2px;--awb-content-margin:38.4px;\" class=\"fusion-checklist fusion-checklist-1 fusion-checklist-default fusion-checklist-divider type-icons\"><li class=\"fusion-li-item\" style=\"\"><span class=\"icon-wrapper circle-no\"><i class=\"fusion-li-icon fa-arrow-circle-right fas\" aria-hidden=\"true\"><\/i><\/span><div class=\"fusion-li-item-content\">\n<p>Quarant\u00e4ne Isolation f\u00fcr Infizierte:<\/p>\n<p><em>D<\/em><em>ie Anordnung zur Absonderung bei nachweislich infizierten Personen endet\u00a0<strong>automatisch nach f\u00fcnf Tagen<\/strong> endet. Einer gesonderten Verf\u00fcgung des zust\u00e4ndigen Gesundheitsamtes oder eines abschlie\u00dfenden negativen Tests bedarf es hierf\u00fcr nicht. Ein solcher Test wird jedoch empfohlen\u201c.<\/em><\/p>\n<p>Also gilt nun eine auf f\u00fcnf Tage verk\u00fcrzte Absonderungspflicht f\u00fcr alle positiv getesteten Personen. F\u00fcr Haushaltsangeh\u00f6rige, die nicht selbst positiv getestet sind, gilt keine Absonderungspflicht mehr. Bitte beachten Sie das im Umgang mit allen Schulangeh\u00f6rigen.<\/p>\n<\/div><\/li><li class=\"fusion-li-item\" style=\"\"><span class=\"icon-wrapper circle-no\"><i class=\"fusion-li-icon fa-arrow-circle-right fas\" aria-hidden=\"true\"><\/i><\/span><div class=\"fusion-li-item-content\">\n<p>Die Schulferien stehen in den Startl\u00f6chern und wir freuen uns auf den Fr\u00fchling.<\/p>\n<ul>\n<li>Unser\u00a0<strong>Jugendwanderkutter<\/strong>\u00a0hat inzwischen einen\u00a0<strong>Liegeplatz in Schlutup<\/strong>\u00a0erhalten,\u00a0<strong>sucht aber noch nach einem Namen<\/strong>. Die Taufe findet im Rahmen des Schlutuper-Ansegelgottesdienstes am 7. Mail um 11 Uhr statt:<\/li>\n<\/ul>\n<p style=\"padding-left: 80px;\"><u>Sch\u00fclerinnen, Sch\u00fcler, Eltern, Lehrkr\u00e4fte, p\u00e4dagogisches Team: Alle k\u00f6nnen bei der Namensuche mitwirken:<\/u><\/p>\n<p style=\"padding-left: 80px;\">Verschiedene Vorschl\u00e4ge sind schon eingegangen:<\/p>\n<p style=\"padding-left: 80px;\">Die \u201eHerbert\u201c ( eigentlicher Name von Willy Brandt)?<\/p>\n<p style=\"padding-left: 80px;\">Die \u201eFrahm\u201c (eigentlicher Nachname von Willy Brandt)?<\/p>\n<p style=\"padding-left: 80px;\">Die Backup?<\/p>\n<p style=\"padding-left: 80px;\">Die Spirit?<\/p>\n<p style=\"padding-left: 80px;\">Die Grace?<\/p>\n<p style=\"padding-left: 80px;\">Die Champ?<\/p>\n<p style=\"padding-left: 80px;\">Die Hoppetosse?<\/p>\n<p style=\"padding-left: 80px;\">Die Freundschaft?<\/p>\n<p style=\"padding-left: 80px;\"><strong>Wer hat noch eine andere Idee f\u00fcr einen Namen?<\/strong>\u00a0Die Sch\u00fclervertretung und die Beteiligten stimmen sich nach den Ferien ab. Weitere passende Namen gerne an\u00a0<a href=\"mailto:haserodrigueza@luebeck.schule\">haserodrigueza@luebeck.schule<\/a>\u00a0senden.<br \/>\nWer unseren Kutter bestaunen m\u00f6chte: Er steht aktuell auf dem unteren Teil des Friedhofs und wurde in dieser Woche mit Sch\u00fclerhilfe von altem Lack befreit.<\/p>\n<ul>\n<li><strong><u>Sicherer Start nach den Osterferien<\/u><\/strong><br \/>\nAm Dienstag, den 19.04 starten wir nach Plan mit dem Unterricht. Alle Sch\u00fclerinnen und Sch\u00fcler sollen nach M\u00f6glichkeit am Tag zuvor (Ostermontag) einen Corona-Selbsttest durchf\u00fchren. Wir starten den Dienstag in den Klassen zus\u00e4tzlich mit einer freiwilligen Testung. Im Anschluss erhalten alle Kinder wieder ein Paket mit Selbsttests f\u00fcr die h\u00e4usliche Testung.<\/li>\n<\/ul>\n<p style=\"padding-left: 80px;\"><u>Nach aktuellen Stand haben wir ab dem 02.04.2022 keine Maskenpflicht mehr in Schule, aber man darf nat\u00fcrlich noch eine Maske tragen. <\/u>Laut Ministerium wird die Lage beobachtet und ggf Anpassungen formuliert.<br \/>\nIn der Anlage finden Sie neue Corona-Schul Information.<\/p>\n<ul>\n<li><strong><u>F\u00fcr die Gemeinschaftsschule<\/u><\/strong>\n<ul>\n<li>Bitte bei Untis schauen: Es gibt in einigen Klassen Stundenplan\u00e4nderungen<\/li>\n<li>Nach den Ferien startet das Zollhaus donnerstags ab 15 Uhr ein M\u00e4dchen-Cafe in den R\u00e4umlichkeiten der Oase<\/li>\n<li>Die Mittagspause geht wieder 50 Minuten.<\/li>\n<li>Save the date: Eltern des 7. Jahrgangs: Freitag, 6. Mai 2022, 17 Uhr: Musical Auff\u00fchrung (Musical@School: Profis studieren eine Woche mit dem Jahrgang ein Musical ein!) Weitere Infos folgen.<\/li>\n<\/ul>\n<\/li>\n<\/ul>\n<ul>\n<li><strong><u>F\u00fcr die Grundschule<\/u><\/strong><\/li>\n<\/ul>\n<p style=\"padding-left: 40px;\">o\u00a0\u00a0\u00a0 Der Eltern Zugang f\u00fcr die Untis App deckt nur den Vertretungsplan der Gemeinschaftsschule ab<\/p>\n<ul>\n<li><strong><u>F\u00fcr alle:<\/u><\/strong><\/li>\n<\/ul>\n<p style=\"padding-left: 40px;\">Auf\u00a0<a href=\"http:\/\/www.wbs-luebeck.de\/\">www.wbs-luebeck.de<\/a>\u00a0finden Sie sch\u00f6ne Bilder \u00fcber unsere Ausstellung im Willy-Brandt-Haus, den Kutter, das bisherige Engagement unserer Sch\u00fclerschaft f\u00fcr den Frieden und bald auch den ersten kurzen Film \u00fcber die Zirkuswoche.<\/p>\n<p><strong>Wie immer vor den Ferien gilt:<\/strong><br \/>\nFalls sich \u00c4nderungen ergeben, ver\u00f6ffentlichen wir diese auf unserer Homepage.<\/p>\n<p>Das Team der WBS verabschiedet sich ab Freitag in die Osterferien. F\u00fcr dringende Anliegen bin ich unter\u00a0<a href=\"mailto:haserodrigueza@luebeck.schule\">haserodrigueza@luebeck.schule<\/a>\u00a0zu erreichen.<\/p>\n<\/div><\/li><li class=\"fusion-li-item\" style=\"\"><span class=\"icon-wrapper circle-no\"><i class=\"fusion-li-icon fa-arrow-circle-right fas\" aria-hidden=\"true\"><\/i><\/span><div class=\"fusion-li-item-content\">\n<p>&#8212; Update 19.03.2022:<br \/>\nAb dem 21.03.2022 werden die Corona-Tests nur noch freiwillig durchgef\u00fchrt werden. Alle Sch\u00fclerinnen und Sch\u00fcler erhalten eine eigene Packung Tests mit nach Hause. Wir besprechen am Montag, bzw. am Dienstag (Gems) noch mal die freiwillige Testung, testen aber noch einmal gemeinsam vor Ort.<\/p>\n<p>Ab dem 02. April wird auch die Maskenpflicht ausgesetzt. D.h. f\u00fcr alle Grundschulkinder, die an der Ferienbetreuung teilnehmen: Die Maske \u00a0muss nur noch freiwillig getragen werden.<\/p>\n<p>Damit wir relativ sicher nach den Ferien starten k\u00f6nnen, soll ein Schnelltest am Ostersonntag durchgef\u00fchrt werden.<\/p>\n<p>Eltern ben\u00f6tigen keinen 3G Nachweis mehr f\u00fcr Termine in der Schule. Bitte achten Sie aber darauf, dass Sie und Ihr Kind nur symptomfrei in die Schule kommen! Vielen Dank.<\/p>\n<\/div><\/li><li class=\"fusion-li-item\" style=\"\"><span class=\"icon-wrapper circle-no\"><i class=\"fusion-li-icon fa-arrow-circle-right fas\" aria-hidden=\"true\"><\/i><\/span><div class=\"fusion-li-item-content\">\n<p>Update 17.01.2022:<\/p>\n<p>Kein Zugang mehr ohne Schnelltest aus dem Testzentrum, der maximal zwei Tage alt ist!<br \/>\nDas sind nun die neuen Zugangsvoraussetzungen f\u00fcr Besucher &#8211; unabh\u00e4ngig vom Impf-oder Genesenstatus. F\u00fcr berufliche T\u00e4tigkeiten bei uns gilt gilt aber zudem immer noch 3G. Der Testnachweis von Ungeimpften darf bei Dienstantritt maximal 24 Stunden alt sein und muss unter Aufsicht durchgef\u00fchrt worden sein.<\/p>\n<p>Noch haben wir den \u00dcberblick &#8211; auch wenn es f\u00fcr Sie und uns schwierig geworden ist.<\/p>\n<\/div><\/li><li class=\"fusion-li-item\" style=\"\"><span class=\"icon-wrapper circle-no\"><i class=\"fusion-li-icon fa-arrow-circle-right fas\" aria-hidden=\"true\"><\/i><\/span><div class=\"fusion-li-item-content\">\n<p>&#8212;Update 13.01.2022<br \/>\nDas aktuelle Infektionsgeschehen h\u00e4lt unsere Schule leider auch auf Trapp:<br \/>\nBitte denken Sie daran:<\/p>\n<ul>\n<li>Melden Sie sich sofort bei uns, sobald ihr Kind positiv getestet wurde oder in Quarant\u00e4ne als Kontaktperson muss<\/li>\n<li>Haben Sie oder ihr Kind &#8222;Corona&#8220; m\u00fcssen Sie ihre Kontaktpersonen sofort informieren. Bitte hier pr\u00fcfen, wer in Quarant\u00e4ne muss. Warten Sie nicht auf einen Anruf des Gesundheitsamts<\/li>\n<li>Wenn eines Ihrer Kind einen positiven Schnelltest hat, muss dieser mit einem PCR Test \u00fcberpr\u00fcft werden. Bitte schicken Sie die Geschwisterkinder bis zum Testergebnis nicht in die Schule. Wir vermeiden so unn\u00f6tige Quarant\u00e4nen anderer Kinder, wenn der Schnelltest positiv best\u00e4tigt wird \u00a0und sich das Geschwisterkind in der Regel auch zu Hause angesteckt hat.<\/li>\n<li>Quarant\u00e4neanweisung f\u00fcr schulinterne Kontaktpersonen eines infizierten Schulkindes werden durch die Schulleitung getroffen.<\/li>\n<\/ul>\n<\/div><\/li><li class=\"fusion-li-item\" style=\"\"><span class=\"icon-wrapper circle-no\"><i class=\"fusion-li-icon fa-angle-right fas\" aria-hidden=\"true\"><\/i><\/span><div class=\"fusion-li-item-content\">\n<p>&#8212; Update 7. Januar 2022<\/p>\n<p>Liebe Schulgemeinde,\u00a0mit den besten Neujahrsgr\u00fc\u00dfen melden wir uns aus den Weihnachtsferien zur\u00fcck. Uns alle verbindet sicherlich der Wunsch, dass das Jahr 2022 das Jahr wird, in dem unsere schier unendliche \u201ePandemie-Geduld\u201c belohnt wird.\u00a0<strong><br \/>\n<\/strong>Bis dahin stehen uns jedoch noch ein paar Herausforderungen bevor, die wir hoffentlich gemeinsam gut meistern werden.<\/p>\n<p><strong>\u201eCorona aktuell\u201c<\/strong><\/p>\n<p>Wir starten am\u00a0Montag\u00a0unseren Schulbetrieb mit sehr hohen Inzidenzwerten und einer scheinbar sehr ansteckenden Omikron-Variante.<\/p>\n<ul>\n<li>Bitte pr\u00fcfen Sie, ob Sie in den Weihnachtsferien ggf. aus einem Hochrisikogebiet eingereist sind und Ihr Kind ggf. in Quarant\u00e4ne muss.<\/li>\n<li>Unsere Ministerin Prien bittet Sie darum, dass Ihr Kind schon am Sonntagabend einen Schnelltest durchf\u00fchrt oder ein Schnelltestzentrum besucht.<\/li>\n<\/ul>\n<p>Wir greifen ab Montag auf folgende bekannte Ma\u00dfnahmen zur\u00fcck (siehe u. a. Corona Schulinformation 2022-001):<\/p>\n<p>1. In den ersten <strong>zwei Schulwochen<\/strong> treffen wir uns wie immer drau\u00dfen und werden die <strong>Selbsttestungen\u00a0<\/strong>wieder in <strong>Halbgruppen<\/strong> durchf\u00fchren.<br \/>\n<strong>Treffpunkte:<\/strong><\/p>\n<ul>\n<li>Jahrgang 1, 2 &amp; Daz GS: \u00dcbliche Treffpunkte auf dem Schulhof<\/li>\n<li>Jahrgang 3&amp;4: Sportplatz<\/li>\n<li>Jahrg\u00e4nge 5-10: Schulhof Meilenstein bzw. Kirchstra\u00dfe, Montag der 10.01. alle Jahrg\u00e4nge Schulhof Meilenstein<\/li>\n<\/ul>\n<p><strong>Wir bitten zudem alle darum, am ersten Schultag auch drau\u00dfen die MNB zu tragen, bis sich alle getestet haben.<\/strong><\/p>\n<p><strong>Kontaktreduzierungen<\/strong><\/p>\n<ul>\n<li><u>Kohortenregelung\u00a0Grundschule<\/u><br \/>\nDie Kohorte 1\/2\/DaZ und Kohorte 3\/4 werden auch auf dem Schulhof wieder in den Pausen getrennt. Jahrgang 1&amp;2 nutzt wieder den Haupteingang, 3&amp;4 den Eingang auf dem Schulhof. DaZ trifft sich vor dem DaZ-Pavillon.<\/li>\n<li><u>Kohortenregelung\u00a0Gemeinschaftsschule<\/u><br \/>\nDie Kohorten werden auch auf dem Schulhof wieder in den Pausen getrennt. Jahrgang 5&amp;6 nutzt wieder den Schulhof Oase, 7&amp;8 den Schulhof Pavillon. 9&amp;10 Schulhof H\u00e4ngematte &amp; obere Tischtennisplatte<\/li>\n<li><u>Aussetzen zus\u00e4tzlicher Angebote in den ersten zwei Wochen<br \/>\n<\/u><strong>Grundschule<\/strong>: Schach, Obstgarten, Zumba, Leseclub entf\u00e4llt. Jeki findet voraussichtlich statt. Die Wahlpflichtkurse in Klasse 3 &amp; 4 werden als Klassenstunden durchgef\u00fchrt. F\u00f6rder- und LRS-Unterricht entf\u00e4llt. Schulkindbetreuung findet regul\u00e4r statt.<br \/>\n<strong>Gemeinschaftsschule:<\/strong> Es entfallen alle AGs, die Mittagspause wird auf 20 Minuten verk\u00fcrzt. Jahrgang 5 isst in der Mittagspause, Jahrgang 6 kann im Anschluss an den Unterricht in der Oase essen. Die \u00c4lteren k\u00f6nnen weiterhin in der 2. gro\u00dfen Pause essen.<\/li>\n<\/ul>\n<p><strong>Musikunterricht in den ersten zwei Wochen<br \/>\n<\/strong>Es wird nicht gesungen oder auf Blasinstrumenten musiziert.<\/p>\n<p><strong>Sport- \/ Schwimmunterricht in den ersten zwei Wochen<br \/>\n<\/strong>Die Fachanforderungen sind ausgesetzt. Es finden <strong>Bewegungsangebote vorzugsweise drau\u00dfen statt.<\/strong> Falls in der Halle Bewegungszeiten stattfinden, soll auf Abstand geachtet werden, wenn die MNB nicht getragen wird. Die Umkleidekabinen werden nicht genutzt. Es findet kein Schwimmunterricht statt.<\/p>\n<p><strong>Fr\u00fchst\u00fccks- und Trinkpausen<br \/>\n<\/strong>Die Kinder essen und trinken nur drau\u00dfen. Die Lehrkr\u00e4fte bauen die Fr\u00fchst\u00fcckspause in der Grundschule in den Tagesablauf mit ein. Nur in Ausnahmef\u00e4llen kann kurz im Klassenraum getrunken oder gegessen werden.<\/p>\n<p><strong>L\u00fcften<br \/>\n<\/strong>Das L\u00fcften bleibt ein wichtiger Baustein in unserem Hygienekonzept.<\/p>\n<p><strong>MNB Pflicht<br \/>\n<\/strong>Die Pflicht zum Tragen der \u201eMaske\u201c bleibt im <strong>gesamten Schulgeb\u00e4ude<\/strong> bestehen.<br \/>\nDa wir auf den Laufwegen Kontakte nicht ausschlie\u00dfen k\u00f6nnen, bleibt die MNB bis zum Erreichen des Treffpunkts, Pausenplatzes oder Verlassen des Schulgel\u00e4ndes auf.<br \/>\nBitte achten Sie darauf, dass Ihre Kinder frische und gutsitzende Masken dabeihaben.<\/p>\n<p><strong>Selbsttestungen in den ersten zwei Wochen<br \/>\n<\/strong>Wir testen nun mindestens dreimal in der Woche (montags, mittwochs, freitags). Es sollen sich alle unabh\u00e4ngig vom Impf\u2013 oder Genesenenstatus testen.<br \/>\nDer Testnachweis darf nicht \u00e4lter als zwei Tage sein. Das gilt auch f\u00fcr die h\u00e4uslichen Tests oder Tests aus dem Schnelltestzentrum.<\/p>\n<p><strong>Eltern<br \/>\n<\/strong>F\u00fcr alle Gespr\u00e4che oder Elternabende in Schule ben\u00f6tigen Sie einen 3G Nachweis. Schulfeste und Auff\u00fchrungen verlangen den 2G Nachweis. Wer uns freiwillig hilft (z. B. Basteltage, Oase, Ausfl\u00fcge) erh\u00e4lt von uns eine zus\u00e4tzliche Testm\u00f6glichkeit. Es gilt dann 2G plus.<\/p>\n<p><strong>Quarant\u00e4ne oder Infektionen<br \/>\n<\/strong>Bitte nehmen Sie unverz\u00fcglich Kontakt zu uns auf , wenn Ihr Kind in Quarant\u00e4ne muss oder infiziert ist.<\/p>\n<p><strong>Distanzlernen<br \/>\n<\/strong>Nach den aktuellen Regelungen kann es vorkommen, dass einzelne Lerngruppen ins Distanzlernen wechseln m\u00fcssen, wenn z. B. mehr als die H\u00e4lfte der Lerngruppe nicht vor Ort ist oder ein Drittel der Lehrkr\u00e4fte ausfallen. F\u00fcr die Jahrg\u00e4nge 1-6 wird eine Notbetreuung vorgehalten.<br \/>\nBitte pr\u00fcfen Sie, ob Ihr Kind:<\/p>\n<p><u>In der Grundschule<\/u>: \u00a0 \u00a0 \u00a0 \u00a0 \u00a0 \u00a0 \u00a0 \u00a0 \u00a0 \u00a0 \u00a0 \u00a0 \u00a0 \u00a0 \u00a0 \u00a0 \u00a0 \u00a0 \u00a0 \u00a0 \u00a0 \u00a0 \u00a0 \u00a0 \u00a0 \u00a0 \u00a0\u00a0<u>In der Gemeinschaftsschule:<\/u><\/p>\n<p>&#8211; seine Corona-Mappe zu Hause hat?\u00a0\u00a0\u00a0\u00a0\u00a0\u00a0\u00a0\u00a0\u00a0\u00a0\u00a0\u00a0\u00a0\u00a0\u00a0\u00a0\u00a0\u00a0\u00a0\u00a0\u00a0\u00a0 &#8211; Zugang zu einem digitalen Endger\u00e4t besitzt?<\/p>\n<p>&#8211; Zugang zu einem digitalen Endger\u00e4t besitzt? \u00a0\u00a0\u00a0\u00a0\u00a0\u00a0\u00a0 &#8211; Zugang zum OX-Schulportal hat?<\/p>\n<p>&#8211; Zugang zum OX-Schulportal hat?\u00a0\u00a0\u00a0\u00a0\u00a0\u00a0\u00a0\u00a0\u00a0\u00a0\u00a0\u00a0\u00a0\u00a0\u00a0\u00a0\u00a0\u00a0\u00a0\u00a0\u00a0\u00a0\u00a0\u00a0\u00a0\u00a0\u00a0 &#8211; Zugang zur Anton-App hat?<\/p>\n<p>&#8211; Zugang zur Anton-App hat?<\/p>\n<p><strong>Wenn nicht, bitte an die Klassenleitung wenden. <\/strong><strong>Sollten Sie ein digitales Endger\u00e4t ausleihen wollen, bitte ich Sie, sich bei Frau V\u00f6lkert zu melden. 0451\/122-8461<\/strong><\/p>\n<p>Wie immer gilt:<br \/>\nNehmen Sie Kontakt zu uns auf, wenn Sie Fragen haben, Beratungen ben\u00f6tigen oder in Sorge sind.<br \/>\nHerzliche Gr\u00fc\u00dfe<br \/>\nIhre\u00a0Alexandra Hase-Rodriguez<\/p>\n<\/div><\/li><li class=\"fusion-li-item\" style=\"\"><span class=\"icon-wrapper circle-no\"><i class=\"fusion-li-icon fa-angle-right fas\" aria-hidden=\"true\"><\/i><\/span><div class=\"fusion-li-item-content\">\n<p>&#8212;Update 17.11.2021<br \/>\nAb Montag, 22.11.2021 m\u00fcssen alle Sch\u00fclerinnen, Sch\u00fcler, Lehrkr\u00e4fte und Mitarbeitende auch in Innenr\u00e4umen am Platz wieder eine MNB tragen. Das Bildungsministerium setzte heute die dringende Empfehlung ab, dieses auch schon ab Donnerstag, 18.11.2021 zu tun.<br \/>\nAlle Ungeimpften m\u00fcssen weiterhin am schulischen Testkonzept teilnehmen, alle anderen sollen daran teilnehmen. Bitte haben Sie \u00a0Verst\u00e4ndnis daf\u00fcr, dass auch wir zu gr\u00f6\u00dftm\u00f6glicher Vorsicht raten. Sind Sie in Sorge oder haben Fragen, melden Sie sich gerne bei uns.<\/p>\n<\/div><\/li><li class=\"fusion-li-item\" style=\"\"><span class=\"icon-wrapper circle-no\"><i class=\"fusion-li-icon fa-arrow-circle-right fas\" aria-hidden=\"true\"><\/i><\/span><div class=\"fusion-li-item-content\">\n<p>&#8212;Update &#8211; 28.10.2021<\/p>\n<p>Wie Sie der Presse vielleicht schon entnommen haben, muss ab Montag, 1.11.2021 <strong><u>im Unterricht am Platz<\/u><\/strong> keine MNB mehr getragen werden m\u00fcssen.<br \/>\nSo wie dieses sicherlich von vielen Kindern und Eltern begr\u00fc\u00dft wird, so sind auch viele besorgt. Insbesondere in der Altersgruppe bis 12, f\u00fcr die noch kein Impfangebot in der Breite angeboten wird.<br \/>\nAlle Sch\u00fclerinnen und Sch\u00fcler sowie auch alle Mitarbeiterinnen und Mitarbeiter haben unser vollstes Verst\u00e4ndnis, wenn sie die \u201eMaske\u201c auch weiterhin tragen m\u00f6chten.<\/p>\n<p>Im Falle eines PCR best\u00e4tigten Falls in einer Lerngruppe oder vorsorglich auch bei einem positiven Schnelltest gilt ab dem 1.11 \u00a0\u2013 flankierend zu der individuellen Einsch\u00e4tzung des Gesundheitsamts \u2013 f\u00fcr 5 Tage eine MNB-Pflicht sowie eine Pflicht zum t\u00e4glichen Selbsttest in diesen Lerngruppen.<\/p>\n<p>Haben Sie hierzu noch Fragen, melden Sie sich gerne bei uns.<\/p>\n<\/div><\/li><li class=\"fusion-li-item\" style=\"\"><span class=\"icon-wrapper circle-no\"><i class=\"fusion-li-icon fa-arrow-circle-right fas\" aria-hidden=\"true\"><\/i><\/span><div class=\"fusion-li-item-content\">\n<p>Update 16.10.2021<\/p>\n<p>Liebe Schulgemeinde, die Herbstferien neigen sich den Ende und am Montag geht es wieder mit dem Unterricht nach Stundenplan los. Unsere Regierung hat beschlossen, dass die MNB-Pflicht im Schulgeb\u00e4ude und das zweimalige Testen in der Woche zun\u00e4chst bis zum 1. November bleiben wird.<br \/>\nUm einen reibungslosen und hoffentlich sicheren Schulbetrieb zu erm\u00f6glichen, bitten wir Sie, an Folgendes zu denken:<\/p>\n<ul>\n<li>an die <strong>3 G Regel f\u00fcr alle Personen \u00fcber 12 Jahren, falls Sie in den Herbstferien au\u00dferhalb Deutschlands die Ferien verbracht haben<\/strong>. Dieses gilt nicht nur f\u00fcr Hochrisiko- oder Virusvariantengebiete. Die Information in Kurzform des Bundesgesundheitsministeriums finden Sie<span style=\"color: #ff0000;\"><a style=\"color: #ff0000;\" href=\"https:\/\/www.bundesgesundheitsministerium.de\/fileadmin\/Dateien\/3_Downloads\/C\/Coronavirus\/FAQs_Reise\/Corona-Einreiseregeln_Kurzuebersicht.pdf\"> hier.<\/a><\/span><\/li>\n<li>an den <strong>&#8222;Schnupfenplan&#8220;, den Erkrankungsplan<\/strong>. Sch\u00fclerinnen oder Sch\u00fcler mit Erk\u00e4ltungsanzeichen, Kopfschmerzen oder auch Magen-Darmbeschwerden m\u00fcssen zur Abkl\u00e4rung und bis zur Symptomfreiheit zu Hause bleiben. Die Pl\u00e4ne finden Sie in unserem Downloadbereich.<\/li>\n<li>an <strong>Ihren 3G Nachweis,<\/strong> wenn Sie das Schulgeb\u00e4ude betreten und Kontakt zum Schulpersonal haben oder Sch\u00fclerinnen oder Sch\u00fclern begegnen k\u00f6nnten. Der Auszug aus den <span style=\"color: #ff0000;\"><a style=\"color: #ff0000;\" href=\"https:\/\/www.schleswig-holstein.de\/DE\/Schwerpunkte\/Coronavirus\/Schulen_Hochschulen\/Testen\/wirtesten.html\">FaQ des Ministeriums<\/a><\/span> sagt hierzu\u00a0&#8222;<em>Die Testpflicht besteht also zum Beispiel beim Besuch von Schulunterricht, f\u00fcr Veranstaltungen im schulischen Ganztag, f\u00fcr ein Gespr\u00e4ch von Eltern mit dem Schulpersonal, f\u00fcr eine Klassenkonferenz, f\u00fcr eine Elternbeiratssitzung, bei einer im schulischen Zusammenhang organisierten <abbr class=\"has-tip tip-bottom\" title=\"\" data-tooltip=\"\" aria-haspopup=\"true\" data-selector=\"tooltip-kuu3hb9w9\" aria-describedby=\"tooltip-kuu3hb9w9\">AG<\/abbr> oder bei Reparaturen, Reinigungsarbeiten, Bauarbeiten und \u00e4hnlichen Verrichtungen, wenn die Arbeit zu den Kernzeiten des Schulbetriebs ausgef\u00fchrt wird und nicht ausgeschlossen werden kann, dass es einen Kontakt zu Sch\u00fclerinnen, Sch\u00fclern und Schulpersonal gibt.&#8220;<\/em><\/li>\n<\/ul>\n<\/div><\/li><li class=\"fusion-li-item\" style=\"\"><span class=\"icon-wrapper circle-no\"><i class=\"fusion-li-icon fa-arrow-right fas\" aria-hidden=\"true\"><\/i><\/span><div class=\"fusion-li-item-content\">\n<p>&#8212;Update 20.08.2021:<\/p>\n<ul>\n<li>Jede Sch\u00fclerin und jeder Sch\u00fcler erh\u00e4lt am Montag eine <strong>einmalige<\/strong> Bescheinigung, die bescheinigt, dass an dem schulischen Testkonzept teilgenommen wird. Diese ist nicht nur f\u00fcr die Sportvereine n\u00f6tig, sondern auch f\u00fcr z.B. Restaurantbesuche. Dieses gilt nat\u00fcrlich nur f\u00fcr Sch\u00fcler:innen, die am Pr\u00e4senzunterricht der Schule teilnehmen.<\/li>\n<li>Die neue Corona Verordnung regelt, dass weiterhin an der MNB- und Test-Pflicht festgehalten wird.<\/li>\n<li>Wir werden weiterhin unsere Kohortenregelung beibehalten. Im Falle einer Infektion hat sich diese Ma\u00dfnahme bew\u00e4hrt.<\/li>\n<li>Der &#8222;Erkrankungsplan&#8220; gilt weiterhin. Bitte schicken Sie Ihre Kinder nicht krank in die Schule. Allergien o.\u00e4. kl\u00e4ren Sie bitte mit der Klassenleitung.<\/li>\n<\/ul>\n<\/div><\/li><li class=\"fusion-li-item\" style=\"\"><span class=\"icon-wrapper circle-no\"><i class=\"fusion-li-icon fa-arrow-circle-right fas\" aria-hidden=\"true\"><\/i><\/span><div class=\"fusion-li-item-content\">\n<p>Start ins neue Schuljahr<br \/>\nZun\u00e4chst bleibt alles wie bisher: Kohorten, Testungen und Achtsamkeit. Die MNB muss aktuell nur noch im Innenbereich getragen werden.<\/p>\n<\/div><\/li><li class=\"fusion-li-item\" style=\"\"><span class=\"icon-wrapper circle-no\"><i class=\"fusion-li-icon fa-arrow-right fas\" aria-hidden=\"true\"><\/i><\/span><div class=\"fusion-li-item-content\">\n<p>&#8222;Masken-Erleichterung&#8220; &#8211; die Inzidenz sinkt und die Sch\u00fcler:innen m\u00fcssen drau\u00dfen und im Sportunterricht aktuell innerhalb ihrer Kohorten keine Mund-Nasen-Bedeckungen mehr tragen. Lehrkr\u00e4fte, die an ihrem Einsatzort angekommen und 1,50m Abstand zu allen halten k\u00f6nnen, d\u00fcrfen ebenfalls &#8222;Maskenpause&#8220; einlegen.<\/p>\n<\/div><\/li><li class=\"fusion-li-item\" style=\"\"><span class=\"icon-wrapper circle-no\"><i class=\"fusion-li-icon fa-arrow-right fas\" aria-hidden=\"true\"><\/i><\/span><div class=\"fusion-li-item-content\">\n<p>07.06.2021- Fehlzeiten im Schuljahr: Die entschuldigten Fehlzeiten sollen auf den Zeugnissen in diesem Schuljahr nicht ausgewiesen werden. Es sei denn, die Eltern m\u00f6chte dieses. Das ist der aktuelle Stand vom 7. Juni. Bitte wenden Sie sich an uns, wenn sich hieraus Fragen ergeben,<\/p>\n<\/div><\/li><li class=\"fusion-li-item\" style=\"\"><span class=\"icon-wrapper circle-no\"><i class=\"fusion-li-icon fa-arrow-right fas\" aria-hidden=\"true\"><\/i><\/span><div class=\"fusion-li-item-content\">\n<p>Die Beurlaubung vom Pr\u00e4senzunterricht &#8222;aus wichtigem Grund&#8220; wurde bis zum Ende des Schuljahres verl\u00e4ngert. <a href=\"https:\/\/wbs-luebeck.de\/wbs\/wp-content\/uploads\/2021\/05\/Erlass_Beurlaubung_aus_wichtigem_Grund_15_Schulgesetz_10052021.pdf\"><span style=\"color: #ff0000;\">(Hier geht es zum Schreiben des Ministeriums)<\/span><\/a><br \/>\nBitte kontaktieren Sie Frau Hase-Rodriguez und die Klassenleitung, wenn Sie von der Beurlaubung Gebrauch machen m\u00f6chten.<\/p>\n<\/div><\/li><li class=\"fusion-li-item\" style=\"\"><span class=\"icon-wrapper circle-no\"><i class=\"fusion-li-icon fa-arrow-right fas\" aria-hidden=\"true\"><\/i><\/span><div class=\"fusion-li-item-content\">\n<p>7. Mai 2021: Da in L\u00fcbeck die Inzidenz wieder leicht \u00fcber 50 gestiegen ist, bleiben wir auch die n\u00e4chste Woche im Wechselunterricht ab Klasse 7.<br \/>\nDie aktuellen Corona-Informationen des Bildungsministeriums finden Sie <span style=\"color: #ff0000;\"><a style=\"color: #ff0000;\" href=\"https:\/\/wbs-luebeck.de\/wbs\/wp-content\/uploads\/2021\/05\/032_Corona_Schulinformation_05052021_NEU.pdf\">hier<\/a><\/span>.<br \/>\nDie Klassen 6b und 5a befinden sich voraussichtlich die n\u00e4chste Woche im Distanzlernen. F\u00fcr alle anderen Gemeinschaftsschulklassen gilt &#8211; wie immer &#8211; bei Unis zu schauen, ob ggf Stunden entfallen m\u00fcssen.<\/p>\n<\/div><\/li><li class=\"fusion-li-item\" style=\"\"><span class=\"icon-wrapper circle-no\"><i class=\"fusion-li-icon fa-arrow-right fas\" aria-hidden=\"true\"><\/i><\/span><div class=\"fusion-li-item-content\">\n<p>21.04.2021 Beurlaubung bedeutet nicht umf\u00e4ngliches Distanzlernen:<br \/>\nDas Ministerium hat allen Eltern die M\u00f6glichkeit gegeben, ihr Kind aus &#8222;wichtigem Grund&#8220; aktuell vom Unterricht zu beurlauben. Die aktuelle Zeit ist dynamisch und wir alle sehnen uns das Ende her. Bitte bedenken Sie aber, dass die Materialversorgung w\u00e4hrend einer Beurlaubung nicht analog zum &#8222;Distanzlernkonzept&#8220; erfolgen kann. Wir unterst\u00fctzen Ihr Kind bei der Materialversorgung, eine Mitwirkung seitens der Familien ist aber eine Voraussetzung f\u00fcr eine Unterst\u00fctzung. Unseren Lehrkr\u00e4fte stehen keine zus\u00e4tzlichen Stunden zur Verf\u00fcgung und das Ministerium z\u00e4hlt die beurlaubten Kindern nicht zu den Distanzlernenden. Auch wenn aktuell die Gesundheit f\u00fcr viele an erster Stelle, bleiben wir nat\u00fcrlich auch in Sorge um den Anschluss der beurlaubten Kinder. Auch hier gilt: Nehmen Sie Kontakt zu uns auf. Wir unterst\u00fctzen und beraten Sie und Ihr Kind!<\/p>\n<\/div><\/li><li class=\"fusion-li-item\" style=\"\"><span class=\"icon-wrapper circle-no\"><i class=\"fusion-li-icon fa-arrow-right fas\" aria-hidden=\"true\"><\/i><\/span><div class=\"fusion-li-item-content\">\n<p>20.04.2021: Selbsttestungen an der WBS:<\/p>\n<p>Wir sind gut in die Schulzeit gestartet und haben den \u201eTestmarathon\u201c gemeinsam bew\u00e4ltigen k\u00f6nnen. Unsere Sch\u00fcler:innen, Lehrkr\u00e4fte, Sekret\u00e4rinnen und Mitarbeiter:innen haben ihr Bestes gegeben!<\/p>\n<p>Nach den ersten Erfahrungen planen wir die Testungen in der n\u00e4chsten Zeit wie folgt:<\/p>\n<ul>\n<li>Auch wenn wir in voller Klassenst\u00e4rke gleichzeitig testen d\u00fcrften, bevorzugen wir eine Teilung der Gruppe. In den Jahrg\u00e4ngen 1-6 wartet ein Teil unter Aufsicht auf dem Schulhof, der andere Teil wird getestet. Anschlie\u00dfend tauschen wir die Gruppen.<\/li>\n<li>Testtage\n<ul>\n<li>Jahrgang 1 &amp; 4: Montag &amp; Mittwoch<\/li>\n<li>Jahrgang 2 &amp; 3: Montag &amp; Donnerstag<\/li>\n<li>DAZ Grundschule: Montag &amp; Mittwoch<\/li>\n<li>Jahrgang 5 &amp; 6: Montag &amp; Mittwoch<\/li>\n<li>Jahrgang 7-10 (tageweiser Wechselunterricht) : Montag &amp; Mittwoch, bzw. Dienstag &amp; Donnerstag<\/li>\n<li>DAZ Gems nach Absprache<\/li>\n<\/ul>\n<\/li>\n<\/ul>\n<ul>\n<li>Kinder, die die Einverst\u00e4ndniserkl\u00e4rung zur Testungen abgegeben haben, nehmen an den Testungen teil.<\/li>\n<li>Wenn Sie Ihr Kind selber zu Hause testen, tun Sie es bitte am Morgen des Klassen-Test-Tags. So bleibt Ihr Kind im Test-Rhythmus der Klasse und wir k\u00f6nnen an den anderen Unterrichtstagen z\u00fcgig mit dem Unterricht starten, da Nachweise und Listen nicht mehr abgeglichen werden m\u00fcssen.<\/li>\n<li>Wenn Ihr Kind zu sp\u00e4t kommt, k\u00f6nnen wir es nur innerhalb der eigentlichen Klassen-Test-Stunde noch testen. Eine Teilnahme am Pr\u00e4senzunterricht ist daher unter Umst\u00e4nden nicht m\u00f6glich.<\/li>\n<li>Einzelf\u00e4lle sprechen Sie bitte mit Ihrer Klassenleitung ab.<\/li>\n<\/ul>\n<p>F\u00fcr alle Eltern, die an Gespr\u00e4chen oder Konferenzen teilnehmen, gilt ebenfalls die Nachweispflicht, dass ein Test (der nicht l\u00e4nger als drei Tage zur\u00fcckliegt) durchgef\u00fchrt wurde. (z.B. Test erfolgte am Montag, ein Termin bei uns kann am\u00a0 Montag, Dienstag und Mittwoch stattfinden)<\/p>\n<p>Wie immer gilt: Falls Sie Fragen haben, kontaktieren Sie uns gerne. Die Zeit bleibt dynamisch!<\/p>\n<\/div><\/li><li class=\"fusion-li-item\" style=\"\"><span class=\"icon-wrapper circle-no\"><i class=\"fusion-li-icon fa-arrow-right fas\" aria-hidden=\"true\"><\/i><\/span><div class=\"fusion-li-item-content\">\n<p>15.04.2021- aktualisierte Informationen zum Schulstart<br \/>\nIn der aktuellen Schul-Corona Information Nr. 27 des Ministeriums wurde der Schulstart f\u00fcr u.a. L\u00fcbeck von Hr. Kraft wie folgt nun erkl\u00e4rt:<\/p>\n<ul>\n<li><em>\u201eJahrgangsstufen 1 bis 6: Pr\u00e4senzunterricht im Corona-Regelbetrieb<\/em><\/li>\n<li><em>Jahrgangsstufen 7 bis 13: Wechselunterricht und Betreuungsangebote (gem. \u00a7 7 Abs. 3 SchulencoronaVO f\u00fcr Einzelf\u00e4lle mit besonderem Bedarf) auch innerhalb des Ganztags- und Betreuungsangebots<\/em><\/li>\n<li><em>Abschlussklassen und Q1: Pr\u00e4senzangebote unter Hygienebedingungen (f\u00fcr Abschlussklassen gem. \u00a7 7 Abs.2 SchulencoronaVO mit Mindestabstand von 1,5 m)<\/em><\/li>\n<li><em>Pr\u00fcfungen in Pr\u00e4senz unter Hygienebedingungen. <\/em><\/li>\n<li><em>Gleiches gilt in den Jahrgangsstufen 9 bis 13 f\u00fcr schriftliche Leistungsnachweise, soweit diese f\u00fcr die<\/em><em>Bildung von unmittelbar abschlussrelevanten Noten in Zeugnissen zum Ende des Schuljahres 2020\/21 erforderlich sind (vgl. \u00a7 7 SchulencoronaVO).<\/em><\/li>\n<li><em>Pr\u00e4senzm\u00f6glichkeiten (Lernr\u00e4ume) f\u00fcr einzelne Sch\u00fclerinnen und Sch\u00fcler werden eingerichtet, wenn es aus Sicht des Kindeswohls erforderlich ist<br \/>\n<\/em><em><br \/>\n<\/em><em>Damit gelten grunds\u00e4tzlich die Regelungen der Stufe II des Corona-Reaktionsplans unter Ber\u00fccksichtigung des dynamischen Faktors. Das redaktionelle Versehen durch Nennung\u00a0der falschen Stufenangabe in der gestrigen Corona-Schulinformation 026 bitte ich zu entschuldigen<\/em>.\u201c <span style=\"color: #ff0000;\"><a style=\"color: #ff0000;\" href=\"https:\/\/wbs-luebeck.de\/wbs\/wp-content\/uploads\/2021\/04\/027_Corona_Schulinformation_14042021.pdf\">(Die vollst\u00e4ndige Schul-Information finden Sie hier)<\/a><\/span><\/li>\n<\/ul>\n<p>D.h.<\/p>\n<p><strong>Jahrgang 1-6 in voller Pr\u00e4senz<\/strong> (ohne AG und jahrgangs\u00fcbergreifende Angebote), Schulkindbetreuung findet regul\u00e4r statt, in der Gemeinschaftsschule kann Mittagessen bestellt werden (entweder Mitnahme oder nach Absprache Verzehr vor Ort in der Oase)<\/p>\n<p><strong>Jahrgang 7-10 \u00a0in tageweisem Wechselunterricht<\/strong> (Nennung der Tage und Gruppeneinteilung erfolgt \u00fcber die Klassenleitung), Jg. 9 bereitet sich zudem noch auf die Projektpr\u00fcfungen vor.<\/p>\n<p><strong>Jahrgang 8 befindet sich im Praktikum\u00a0<\/strong><\/p>\n<p>Zur Erinnerung:<\/p>\n<p><strong>Schulstart am Montag, 19.04.2021:<\/strong><\/p>\n<p>Klassen 1-3: 1. Schulstunde<\/p>\n<p>Klassen 4-6 &amp; Daz Grundschule: 2. Schulstunde<\/p>\n<p>Klassen 7-10: 3. Schulstunde,<\/p>\n<p>Daz Gemeinschaftsschule: 3. Schulstunde oder nach Absprache<\/p>\n<p><strong>Bitte denken Sie daran, dass am 1. Schultag die neue Einverst\u00e4ndniserkl\u00e4rung zu den Selbsttests oder die qualifizierte Auskunft vorliegen muss. Ansonsten ist keine Teilnahme am Pr\u00e4senzunterricht m\u00f6glich. Kontaktieren Sie uns gerne, wenn dieses ein Problem f\u00fcr Ihr Kind ist. Wir versuchen gemeinsam eine L\u00f6sung zu finden.<\/strong><\/p>\n<\/div><\/li><li class=\"fusion-li-item\" style=\"\"><span class=\"icon-wrapper circle-no\"><i class=\"fusion-li-icon fa-arrow-right fas\" aria-hidden=\"true\"><\/i><\/span><div class=\"fusion-li-item-content\">\n<p>14.04.2021: Die Ferien n\u00e4hern sich dem Ende und wir versuchen den Schulstart am Montag, 19.04.2021 zu planen. Ich hoffe, Ihnen und Euch allen geht es gut.<\/p>\n<p>Die aktuellen Schul-Corona-Informationen haben wir heute erhalten, es ergaben sich jedoch noch Fragen, die wir \u00fcbers Ministerium kl\u00e4ren lassen. Hier geht es darum, ob die Jahrg\u00e4nge ab Klasse 7 im Wechsel oder in der Distanz unterrichtet werden. Hier kl\u00e4rt sich noch, ob wir uns in Stufe 2 oder 3 des &#8222;Corona-Reaktionsplans&#8220; befinden. <span style=\"color: #ff0000;\"><a style=\"color: #ff0000;\" href=\"https:\/\/wbs-luebeck.de\/wbs\/wp-content\/uploads\/2021\/04\/13042021_Elternanschreiben_Teststrategie.pdf\">Aktuelles Anschreiben des Ministeriums (unter Vorbehalt)<\/a><\/span><br \/>\nF\u00fcr die Klassen 1-6 steht der Pr\u00e4senzunterricht in Klassenst\u00e4rke auf jeden Fall fest.<\/p>\n<p>Dar\u00fcber hinaus gilt ab Montag, 19.04.2021 folgendes:<\/p>\n<p><strong>Verpflichtende Selbsttests f\u00fcr alle Sch\u00fcler:innen, Lehrkr\u00e4fte und Mitarbeiter (Montag und Mittwoch\/Donnerstag) <span style=\"color: #ff0000;\"><a style=\"color: #ff0000;\" href=\"https:\/\/www.schleswig-holstein.de\/DE\/Schwerpunkte\/Coronavirus\/Schulen_Hochschulen\/Testen\/einverstaendniserklaerung.html\">(In anderen Sprachen)<\/a><\/span><\/strong><\/p>\n<ul>\n<li><u><span style=\"color: #ff0000;\"><a style=\"color: #ff0000;\" href=\"https:\/\/wbs-luebeck.de\/wbs\/wp-content\/uploads\/2021\/04\/Einverstaendniserklaerung-Selbsttest.pdf\">die\u00a0<strong>neue<\/strong>\u00a0Einverst\u00e4ndniserkl\u00e4rung<\/a><\/span> muss zur 1. Schulstunde am Montag vorliegen<\/u><br \/>\n<strong>ODER<\/strong><\/li>\n<li><u><span style=\"color: #ff0000;\"><a style=\"color: #ff0000;\" href=\"https:\/\/wbs-luebeck.de\/wbs\/wp-content\/uploads\/2021\/04\/Qualifizierte_Selbstauskunft_negative_PoC-Antigentest.pdf\">&#8222;die Qualifizierte Selbstauskunft \u00fcber das Vorliegen eines negativen PoC-Antigentest zum Nachweis des SARS-CoV-2 Virus&#8220;<\/a><\/span> wird Montagmorgen (und erneut Mittwoch-\/Donnerstagmorgen) bei der Lehrkraft abgegeben<\/u>. Wird dieser Weg gew\u00e4hlt, m\u00fcssen die Tests von den Sorgeberechtigten gekauft werden bzw. \u00fcber ein Schnelltestzentrum best\u00e4tigt werden.<\/li>\n<li><strong><u>Ohne &#8222;Test&#8220; kann man nicht am Pr\u00e4senzunterricht teilnehmen.\u00a0<\/u><\/strong>Wir werden in kleinen Gruppen am 1. Schultag die Tests anleiten und die Kinder und Jugendlichen dabei begleiten.<\/li>\n<li><strong><u>Wenn Sie keine Druckm\u00f6glichkeit haben, k\u00f6nnen Sie die Formulare morgen, Donnerstag 15. April 2021, zwischen 8 Uhr und 12 Uhr im Sekretariat der Grundschule bei Frau N\u00f6thling abholen<\/u><\/strong><\/li>\n<\/ul>\n<p><strong>Quarant\u00e4ne-Vorgaben bei Reisen ins Ausland<\/strong><strong><br \/>\n<\/strong>Falls Sie in den Ferien im Ausland (<span style=\"color: #ff0000;\"><a style=\"color: #ff0000;\" href=\"https:\/\/www.rki.de\/DE\/Content\/InfAZ\/N\/Neuartiges_Coronavirus\/Risikogebiete_neu.html\">Risikogebiete<\/a><\/span>) waren, sind Sie verantwortlich daf\u00fcr, dass die <span style=\"color: #ff0000;\"><a style=\"color: #ff0000;\" href=\"https:\/\/www.schleswig-holstein.de\/DE\/Schwerpunkte\/Coronavirus\/FAQ\/Fragen_und_Antworten\/Gesundheit_Hygiene\/reiserueckkehrer_ausland_s.html\">Quarant\u00e4ne-Vorgaben<\/a> <\/span>eingehalten wurden. <span style=\"color: #ff0000;\"><a style=\"color: #ff0000;\" href=\"https:\/\/wbs-luebeck.de\/wbs\/wp-content\/uploads\/2021\/04\/Quarantaene-Reiserueckkehrer.pdf\">(Schreiben des Ministeriums)\u00a0<\/a><\/span><\/p>\n<p><strong>Beurlaubungsm\u00f6glichkeit<\/strong><br \/>\nSie k\u00f6nnen Ihr Kind vom Pr\u00e4senzunterricht vom 19.04.-14.05.2021 beurlauben. Bitte informieren Sie schriftlich Ihre Klassenleitung und mich dar\u00fcber. Wir unterst\u00fctzen Ihr Kind bei der Unterrichtsmaterialbeschaffung, es handelt sich jedoch dabei nicht um ein &#8222;Distanzlernen&#8220; gem\u00e4\u00df Distanzlernkonzept. Ergeben sich hieraus Fragen, kontaktieren Sie mich gerne. <span style=\"color: #ff0000;\"><a style=\"color: #ff0000;\" href=\"https:\/\/wbs-luebeck.de\/wbs\/wp-content\/uploads\/2021\/04\/Beurlaubung.pdf\">(Schreiben des Ministeriums)<\/a><\/span><\/p>\n<p><strong>Ausblick:<\/strong><\/p>\n<p>Sie erhalten bis zum Wochenende noch folgende Informationen:<\/p>\n<ul>\n<li>neuer Stundenplan (GS erh\u00e4lt \u00c4nderungen \u00fcber Klassenleitung; Gems \u00fcber Untis-App)<\/li>\n<li>Gruppeneinteilung\/ Tage f\u00fcr ggf. Wechselunterricht ab Klasse 7 \u00fcber die Klassenleitung<\/li>\n<li>Voraussichtlicher Schulstart am 19.04.2021<br \/>\nKlassen 1-3: 1. Schulstunde<br \/>\nKlassen 4-6 &amp; Daz Grundschule: 2. Schulstunde<br \/>\nKlassen 7-10: 3. Schulstunde<br \/>\nDaz Gemeinschaftsschule: 3. Schulstunde oder nach Absprache<\/li>\n<\/ul>\n<p>Ich w\u00fcnsche uns allen einen guten und gesunden Start in das letzte Viertel des Schuljahres.<\/p>\n<p>Haben Sie noch Fragen, k\u00f6nnen Sie sich wie immer bei mir melden. (haserodrigueza@luebeck.schule)<br \/>\nIhre Alexandra Hase-Rodriguez<\/p>\n<\/div><\/li><li class=\"fusion-li-item\" style=\"\"><span class=\"icon-wrapper circle-no\"><i class=\"fusion-li-icon awb-icon-check\" aria-hidden=\"true\"><\/i><\/span><div class=\"fusion-li-item-content\">\n<p>31.03.2021 Ferienstart!<br \/>\nDas Team der WBS verabschiedet sich in die Osterferien. Lediglich die Schulkindbetreuung h\u00e4lt noch die Stellung und bietet die Ferienbetreuung f\u00fcr die angemeldeten Grundschulkinder an! Wir senden an dieser Stelle auch unser Oster-DANKE an das Team rund um Frau Mikos! Wenn sich vieles stets um Schule dreht, gibt es hier noch unser kleines Team, dass sich nachmittags um \u00fcber die H\u00e4lfte der Grundschulkinder k\u00fcmmert! Sch\u00f6n, dass wir Euch haben!<\/p>\n<p>Wie wir nach den Ferien genau starten werden, k\u00f6nnen wir aktuell noch nicht sagen. Die heutige <span style=\"color: #ff0000;\">Schul-Corona-Verordnung<\/span> setzt eine Testpflicht f\u00fcr den 1. Schultag an. Weitere Informationen (auch \u00fcber die Reiser\u00fcckkehrerbest\u00e4tigung) sollen wir im Laufe der Ferien erhalten. Wir gehen davon aus, dass wir Sie sp\u00e4testens am 15. April \u00fcber den Schulstart am 19. April informieren k\u00f6nnen.<\/p>\n<p><span style=\"color: #ff0000;\"><a style=\"color: #ff0000;\" href=\"https:\/\/wbs-luebeck.de\/wbs\/wp-content\/uploads\/2021\/03\/Oster-Danke.pdf\">Unseren aktuellen Osterbrief finden Sie hier.<\/a><\/span><br \/>\nGenie\u00dfen Sie die Osterzeit und bleiben Sie alle gesund!<\/p>\n<p>Ihr Team der WBS<\/p>\n<\/div><\/li><li class=\"fusion-li-item\" style=\"\"><span class=\"icon-wrapper circle-no\"><i class=\"fusion-li-icon fa-angle-right fas\" aria-hidden=\"true\"><\/i><\/span><div class=\"fusion-li-item-content\">\n<p>25.03.2021 Neue Schul-Corona Info- Ministerium bittet um Bekanntmachung (u.a. Selbsttestung). Die Anlagen sind im Downloadbereich zu finden. <span style=\"color: #ff0000;\"><a style=\"color: #ff0000;\" href=\"https:\/\/wbs-luebeck.de\/wbs\/wp-content\/uploads\/2021\/03\/024_Corona_Schulinformation_24032021.pdf\">Bitte hier klicken<\/a><\/span><\/p>\n<\/div><\/li><li class=\"fusion-li-item\" style=\"\"><span class=\"icon-wrapper circle-no\"><i class=\"fusion-li-icon fa-angle-right fas\" aria-hidden=\"true\"><\/i><\/span><div class=\"fusion-li-item-content\">\n<p>Corona Selbsttestung:<br \/>\n<a style=\"color: #ff0000;\" href=\"https:\/\/wbs-luebeck.de\/wbs\/wp-content\/uploads\/2021\/03\/Elternbrief_19.03.2021.pdf\">Hier finden Sie unsere aktuellen Schreiben zu den geplanten Selbsttests.<\/a><br \/>\nDie Einverst\u00e4ndniserkl\u00e4rung, die Anleitung und das Schreiben &#8222;Was passiert nach einem positiven Schnelltests&#8220; finden Sie im <span style=\"color: #ff0000;\"><a style=\"color: #ff0000;\" href=\"https:\/\/wbs-luebeck.de\/wbs\/downloads\/\">Downloadbereich. \u00a0<\/a><\/span>Zum <span style=\"color: #ff0000;\"><a style=\"color: #ff0000;\" href=\"https:\/\/www.roche.de\/patienten-betroffene\/informationen-zu-krankheiten\/covid-19\/sars-cov-2-rapid-antigen-test-patienten-n\/#anchor-handhabung\">Anleitungs-Film geht es hier:<\/a><\/span><\/p>\n<\/div><\/li><li class=\"fusion-li-item\" style=\"\"><span class=\"icon-wrapper circle-no\"><i class=\"fusion-li-icon fa-angle-right fas\" aria-hidden=\"true\"><\/i><\/span><div class=\"fusion-li-item-content\">\n<p><em>Wie muss ich mich verhalten, wenn ich einen positiven Test erhalte oder Kontaktperson 1. Grades bin?? <span style=\"color: #ff0000;\"><a style=\"color: #ff0000;\" href=\"https:\/\/wbs-luebeck.de\/wbs\/wp-content\/uploads\/2021\/03\/Allgemeinverfuegung-Massnahmen-zur-Bekaempfung-Coronavirus_Absonderung_14.03.2021.pdf\">Hier geht es zur aktuellen Allgemeinverf\u00fcgung der Hansestadt.<\/a><\/span><\/em><\/p>\n<\/div><\/li><li class=\"fusion-li-item\" style=\"\"><span class=\"icon-wrapper circle-no\"><i class=\"fusion-li-icon fa-angle-right fas\" aria-hidden=\"true\"><\/i><\/span><div class=\"fusion-li-item-content\">\n<p>Den neuen Stundenplan f\u00fcr die Gemeinschaftsschule findet man bei Untis. Die Grundschule hat ihn \u00fcber die Klassenleitungen erhalten! Ab Montag sehen wir nun alle Sch\u00fcler:innen der WBS nach und nach wieder. Wir freuen uns so sehr auf Euch!<\/p>\n<\/div><\/li><li class=\"fusion-li-item\" style=\"\"><span class=\"icon-wrapper circle-no\"><i class=\"fusion-li-icon fa-angle-right fas\" aria-hidden=\"true\"><\/i><\/span><div class=\"fusion-li-item-content\">\n<p>Ab dem 15.03.2021 gibt es wieder neue \u00c4nderungen. <span style=\"color: #ff0000;\"><a style=\"color: #ff0000;\" href=\"https:\/\/wbs-luebeck.de\/wbs\/wp-content\/uploads\/2021\/03\/08.03.2021-Elternbrief-gesamt.pdf.pdf\">Unser aktuelles Schreiben finden Sie hier.<\/a><\/span><\/p>\n<\/div><\/li><li class=\"fusion-li-item\" style=\"\"><span class=\"icon-wrapper circle-no\"><i class=\"fusion-li-icon fa-angle-right fas\" aria-hidden=\"true\"><\/i><\/span><div class=\"fusion-li-item-content\">\n<p>Familien, die \u00fcber kein h\u00e4usliches Internet verf\u00fcgen oder mehrere schulpflichtige Kinder im Distanzlernen haben, keine Tablets f\u00fcr alle Kinder bekommen konnten und staatliche Leistungen erhalten, k\u00f6nnen sich bei uns melden. Sie k\u00f6nnen einen Antrag auf finanzielle Unterst\u00fctzung beim Jobcenter stellen und ben\u00f6tigen dann eine Best\u00e4tigung von uns. <span style=\"color: #ff0000;\"><a style=\"color: #ff0000;\" href=\"https:\/\/wbs-luebeck.de\/wbs\/downloads\/\">Die Antragsformulare finden Sie hier.<\/a><\/span><\/p>\n<\/div><\/li><li class=\"fusion-li-item\" style=\"\"><span class=\"icon-wrapper circle-no\"><i class=\"fusion-li-icon fa-angle-right fas\" aria-hidden=\"true\"><\/i><\/span><div class=\"fusion-li-item-content\">\n<p><em>Dieses Jahr l\u00e4uft es etwas anders. <a href=\"https:\/\/wbs-luebeck.de\/wbs\/download\/freiwilliges-wiederholen-zum-schuljahr-2021_2021\/\"><span style=\"color: #ff0000;\">Alle Informationen zum freiwilligen Wiederholen einer Klasse finden Sie hier. Hier finden Sie die aktuelle \u00dcbersicht, in welcher Art die Antragstellung erfolgen muss.<\/span> <\/a>Nehmen Sie gerne Kontakt zu uns auf. Wir beraten Sie!<\/em><\/p>\n<\/div><\/li><li class=\"fusion-li-item\" style=\"\"><span class=\"icon-wrapper circle-no\"><i class=\"fusion-li-icon awb-icon-check\" aria-hidden=\"true\"><\/i><\/span><div class=\"fusion-li-item-content\">\n<p>Ab dem 8.3 startet auch Jahrgang 5 &amp; 6 in den Wechselunterricht. Das Schreiben zur Organisation des Wechselunterrichts erhalten Sie \u00fcber Ihre\u00a0Klassenleitung.<br \/>\nDie M\u00f6glichkeit der Beurlaubung in allen Jahrgangsstufen wurde bis zum 31. 03.2021 verl\u00e4ngert. Nehmen Sie Kontakt auf, wenn eine Beurlaubung aufgrund der Pandemie f\u00fcr Sie ggf n\u00f6tig wird.<\/p>\n<\/div><\/li><li class=\"fusion-li-item\" style=\"\"><span class=\"icon-wrapper circle-no\"><i class=\"fusion-li-icon fa-angle-right fas\" aria-hidden=\"true\"><\/i><\/span><div class=\"fusion-li-item-content\">\n<p>Unser aktuelles Schreiben f\u00fcr den aktualisierten Wechselunterricht finden Sie <span style=\"color: #ff0000;\"><a style=\"color: #ff0000;\" href=\"https:\/\/wbs-luebeck.de\/wbs\/wp-content\/uploads\/2021\/02\/24.02.2021-Grundschule.pdf\">hier.\u00a0<\/a>\u00a0<\/span><\/p>\n<\/div><\/li><li class=\"fusion-li-item\" style=\"\"><span class=\"icon-wrapper circle-no\"><i class=\"fusion-li-icon fa-angle-right fas\" aria-hidden=\"true\"><\/i><\/span><div class=\"fusion-li-item-content\">\n<p>Update 24.02.2021 Anbei finden Sie das <span style=\"color: #ff0000;\"><a style=\"color: #ff0000;\" href=\"https:\/\/wbs-luebeck.de\/wbs\/wp-content\/uploads\/2021\/02\/Homepage-Feb-2021-Rueckerstattungen.pdf\">Schreiben unserer Schulkindbetreuung zur Beitragserstattung<\/a><\/span><\/p>\n<\/div><\/li><li class=\"fusion-li-item\" style=\"\"><span class=\"icon-wrapper circle-no\"><i class=\"fusion-li-icon awb-icon-check\" aria-hidden=\"true\"><\/i><\/span><div class=\"fusion-li-item-content\">\n<p>Update 19.02: Alle Sch\u00fcler:inne m\u00fcssen ab Montag mindestens medizinische Masken (sogenannte \u201eOP-Masken) oder eine Maske ohne Ausatemventil der Standards FFP2, FFP3, N95, KN95, P2, DS2 und KF94\u00a0in\u00a0der Schule tragen, Bitte testen Sie zu Hause den guten Sitz. \u00dcber Knoten in de B\u00e4ndern, verbessern Sie den festen Sitz. F\u00fcr den Notfall halten wir ausreichend OP-Masken f\u00fcr Ihre Kinder bereit.<\/p>\n<\/div><\/li><li class=\"fusion-li-item\" style=\"\"><span class=\"icon-wrapper circle-no\"><i class=\"fusion-li-icon fa-angle-right fas\" aria-hidden=\"true\"><\/i><\/span><div class=\"fusion-li-item-content\">\n<p>Update 17.02: Hier finden Sie unser <span style=\"color: #ff0000;\"><a style=\"color: #ff0000;\" href=\"https:\/\/wbs-luebeck.de\/wbs\/wp-content\/uploads\/2021\/02\/Schreiben-Eltern-_Distanzlernen-aktualisiert2021-1.pdf\">aktualisiertes Distanzlernkonzept<\/a><\/span><\/p>\n<\/div><\/li><li class=\"fusion-li-item\" style=\"\"><span class=\"icon-wrapper circle-no\"><i class=\"fusion-li-icon fa-angle-right fas\" aria-hidden=\"true\"><\/i><\/span><div class=\"fusion-li-item-content\">\n<p>Update 17.02 : Der neue \u201ePlan zum Umgang mit Krankheiten und Erk\u00e4ltungen\u201c ist da: Bitte ber\u00fccksichtigen Sie, dass bei vielen Symptomen eine 48 st\u00fcndige Symptomfreiheit oder eine 48 st\u00fcndige Beobachtungszeit vorgesehen ist, bevor Ihr Kind wieder in die Schule darf. Hier geht es zum\u00a0\u00a0<span style=\"color: #ff0000;\"><a style=\"color: #ff0000;\" href=\"https:\/\/wbs-luebeck.de\/wbs\/wp-content\/uploads\/2021\/02\/Schnupfenplan_grundschule_15.02.2021pdf.pdf\"> Plan f\u00fcr die Grundschule<\/a>,<\/span> hier geht es zum\u00a0<span style=\"color: #ff0000;\"><a style=\"color: #ff0000;\" href=\"https:\/\/wbs-luebeck.de\/wbs\/wp-content\/uploads\/2021\/02\/schnupfenplan-Gemeinschaftsschule-15.02.2021.pdf\">Plan f\u00fcr die Gemeinschaftsschule<\/a>.<\/span><\/p>\n<\/div><\/li><li class=\"fusion-li-item\" style=\"\"><span class=\"icon-wrapper circle-no\"><i class=\"fusion-li-icon awb-icon-check\" aria-hidden=\"true\"><\/i><\/span><div class=\"fusion-li-item-content\">\n<p>Update 16.02:\u00a0Bis zum 28. Februar 2021 findet f\u00fcr alle weiterhin \u201eDistanzlernen\u201c statt<\/p>\n<ul>\n<li>Ab 1. M\u00e4rz 2021 starten die Grundschulklassen in den Wechselbetrieb<\/li>\n<li>Die Abschlussklassen erhalten weiterhin Pr\u00e4senzunterrichtsangebote unter strengen Hygienevorgaben (insbesondere Mindestabstandsregel und MNB- Pflicht)<\/li>\n<li>F\u00fcr die Klassen 1-6 gibt es weiterhin ein Notbetreuungsangebot<\/li>\n<li>Eine Beurlaubung vom Pr\u00e4senzunterricht in den Jahrgangsstufen 1-4 ist m\u00f6glich <span style=\"color: #ff0000;\">(<a style=\"color: #ff0000;\" href=\"https:\/\/wbs-luebeck.de\/wbs\/wp-content\/uploads\/2021\/02\/Erlass_Beurlaubung_aus_wichtigem_Grund_15_Schulgesetz_15022021.pdf\">siehe hierzu bei Bedarf das anliegende Schreiben)<\/a><\/span><\/li>\n<li>Das verpflichtende Tragen einer MNB gilt unabh\u00e4ngig vom Inzidenzwert<\/li>\n<li>Weitere Informationen zur genauen Ausgestaltung des Wechselunterrichts sollen wir im Laufe dieser Woche erhalten<\/li>\n<\/ul>\n<\/div><\/li><li class=\"fusion-li-item\" style=\"\"><span class=\"icon-wrapper circle-no\"><i class=\"fusion-li-icon awb-icon-check\" aria-hidden=\"true\"><\/i><\/span><div class=\"fusion-li-item-content\">\n<p>Update12.02: Neuigkeiten rund um die Abschlusspr\u00fcfungen \u2013 Es sind doch\u00a0drei Pr\u00fcfungen m\u00f6glich.\u00a0<span style=\"color: #ff0000;\"><a style=\"color: #ff0000;\" href=\"https:\/\/wbs-luebeck.de\/wbs\/wp-content\/uploads\/2021\/02\/12.02.21-Besondere-Regelungen-ESA-MSA-2021-an-Gemeinschaftsschulen.pdf.pdf\">Hier geht es zu dem Schreiben des Ministerium<\/a><\/span><\/p>\n<\/div><\/li><li class=\"fusion-li-item\" style=\"\"><span class=\"icon-wrapper circle-no\"><i class=\"fusion-li-icon fa-angle-right fas\" aria-hidden=\"true\"><\/i><\/span><div class=\"fusion-li-item-content\">\n<p><span style=\"color: #000000;\">Update: 05.02 Hier finden Sie die <span style=\"color: #ff0000;\"><a style=\"color: #ff0000;\" href=\"https:\/\/wbs-luebeck.de\/wbs\/downloads\/\">neuen Schreiben zur Notbetreuung<\/a><\/span><\/span><\/p>\n<\/div><\/li><li class=\"fusion-li-item\" style=\"\"><span class=\"icon-wrapper circle-no\"><i class=\"fusion-li-icon fa-angle-right fas\" aria-hidden=\"true\"><\/i><\/span><div class=\"fusion-li-item-content\">\n<p>Update: 28.01. Die Klassenleitungen haben unsere Abschlusspr\u00fcflinge schon informiert. Es gibt Anpassungen bei der Anzahl der Pr\u00fcfungen. <span style=\"color: #ff0000;\"><a style=\"color: #ff0000;\" href=\"https:\/\/wbs-luebeck.de\/wbs\/wp-content\/uploads\/2021\/02\/Corona-Information-des-MBWK-28.01.2021.pdf\">Das aktuelle Schreiben gibt es hier.<\/a><\/span><\/p>\n<\/div><\/li><li class=\"fusion-li-item\" style=\"\"><span class=\"icon-wrapper circle-no\"><i class=\"fusion-li-icon fa-angle-right fas\" aria-hidden=\"true\"><\/i><\/span><div class=\"fusion-li-item-content\">\n<p>Update: 28.01.2021 Die Zeugnisausgabe steht an! Vielen Dank an alle Sch\u00fcler:innen, Eltern und Lehrkr\u00e4fte, die uns darin unterst\u00fctzen, dass jedes Kind sein Zeugnis pers\u00f6nliche erhalten durfte. Hier geht es zum Zeugnistaxi-Bericht der L\u00fcbecker Nachrichten. <span style=\"color: #ff0000;\"><a style=\"color: #ff0000;\" href=\"https:\/\/wbs-luebeck.de\/wbs\/wp-content\/uploads\/2021\/02\/LN-18.01.2021-Seite-1.pdf\">Seite <span style=\"color: #ff0000;\">1<\/span><\/a> <a style=\"color: #ff0000;\" href=\"https:\/\/wbs-luebeck.de\/wbs\/wp-content\/uploads\/2021\/02\/LN-28.01.2021-Seite-11.pdf\">Seite 11<\/a><\/span><\/p>\n<\/div><\/li><li class=\"fusion-li-item\" style=\"\"><span class=\"icon-wrapper circle-no\"><i class=\"fusion-li-icon awb-icon-check\" aria-hidden=\"true\"><\/i><\/span><div class=\"fusion-li-item-content\">\n<p>Hier finden Sie das <span style=\"color: #ff0000;\"><a style=\"color: #ff0000;\" href=\"https:\/\/wbs-luebeck.de\/wbs\/wp-content\/uploads\/2021\/01\/Elternbrief-Homepage-280121.pdf\">Schreiben unseres Tr\u00e4gers der Schulkindbetreuung zur Beitragserstattung.<\/a><\/span><\/p>\n<\/div><\/li><li class=\"fusion-li-item\" style=\"\"><span class=\"icon-wrapper circle-no\"><i class=\"fusion-li-icon awb-icon-check\" aria-hidden=\"true\"><\/i><\/span><div class=\"fusion-li-item-content\">\n<p>Update (28.01) Der aktuelle Stufenplan unser Landesregierung wurde heute ver\u00f6ffentlicht. <span style=\"color: #ff0000;\"><a style=\"color: #ff0000;\" href=\"https:\/\/wbs-luebeck.de\/wbs\/wp-content\/uploads\/2021\/01\/20210127_Corona-Reaktionsplan_weiterentwickelt.pdf\">Sie finden ihn hier<\/a>.<\/span> Sobald wir weitere Informationen und Planungen f\u00fcr Sie haben, geben wir Ihnen Bescheid.<\/p>\n<\/div><\/li><li class=\"fusion-li-item\" style=\"\"><span class=\"icon-wrapper circle-no\"><i class=\"fusion-li-icon awb-icon-check\" aria-hidden=\"true\"><\/i><\/span><div class=\"fusion-li-item-content\">\n<p>Update: Die beweglichen Ferientage am 1.,2. &amp; 3. Februar bleiben. F\u00fcr eine Notbetreuung ist aber gesorgt. Melden Sie sich bei uns, wenn Sie sie ben\u00f6tigen.<\/p>\n<\/div><\/li><li class=\"fusion-li-item\" style=\"\"><span class=\"icon-wrapper circle-no\"><i class=\"fusion-li-icon fa-angle-right fas\" aria-hidden=\"true\"><\/i><\/span><div class=\"fusion-li-item-content\">\n<p>Update: \u00dcber Ihre Klassenleitungen erhalten Sie die Infos f\u00fcr die Zeugnisausgabe. Wir freuen uns, dass wir allen Kinder eine individuelle Zeugnisausgabe erm\u00f6glichen k\u00f6nnen.<\/p>\n<\/div><\/li><li class=\"fusion-li-item\" style=\"\"><span class=\"icon-wrapper circle-no\"><i class=\"fusion-li-icon fa-angle-right fas\" aria-hidden=\"true\"><\/i><\/span><div class=\"fusion-li-item-content\">\n<p>Update: Unsere Abschlussjahrg\u00e4nge haben nun\u00a0\u00fcber die Klassenleitungen die neuen Pl\u00e4ne erhalten. Unsere Klassenleitungen in der Grundschule haben unsere Eltern kontaktiert,\u00a0die ggf noch ein digitales\u00a0Ger\u00e4t\u00a0ben\u00f6tigen, um mit der \u201eAnton-App\u201c zu\u00a0arbeiten. Kinder, die in der\u00a0Notbetreuung angemeldet sind, k\u00f6nnen nur nachrangig mit Tablets versorgt werden. Wir haben ja leider nur die H\u00e4lfte der beantragten Ger\u00e4te\u00a0erhalten, so dass wir nicht alle ausstatten k\u00f6nnen. In der Grundschule setzen wir nach wie vor auf die \u201eanaloge Post\u201c. Die Anton App oder ein \u201ePadlet\u201c sind nur Erg\u00e4nzungen.<br \/>\nLeider gibt es immer noch keine Bildungs-Sim-Karte\u201c . Wir werden\u00a0aber nicht\u00a0m\u00fcde, dieses\u00a0Vers\u00e4umnis an\u00a0geeigneten Stellen\u00a0anzumahnen.<\/p>\n<\/div><\/li><li class=\"fusion-li-item\" style=\"\"><span class=\"icon-wrapper circle-no\"><i class=\"fusion-li-icon fa-angle-right fas\" aria-hidden=\"true\"><\/i><\/span><div class=\"fusion-li-item-content\">\n<p>Update: Bisher liegen uns auch nur die Infos aus der Pressekonferenz und <span style=\"color: #ff0000;\"><a style=\"color: #ff0000;\" href=\"https:\/\/wbs-luebeck.de\/wbs\/wp-content\/uploads\/2021\/01\/20210106_Schulanschreiben_Ministerin_Prien.pdf\">dieses Schreiben der Ministerin an die Eltern<\/a> <\/span>vor.<br \/>\nKurz zusammengefasst:<\/p>\n<ul>\n<li>Der Pr\u00e4senzunterricht f\u00fcr die Jahrg\u00e4nge 1-8 ausgesetzt wird. Distanzlernen findet\u00a0erneut statt.<\/li>\n<li>F\u00fcr die Jahrg\u00e4nge 1-6 wird wieder eine Notbetreuung (vormittags: Schule, im Anschluss Schulkindbetreuung in der Grundschule) angeboten (berufst\u00e4tige Alleinerziehende, berufst\u00e4tige Eltern, bei denen mindestens ein Elternteil in systemrelevanten Berufen arbeitet, besonderer Unterst\u00fctzungsbedarf nach R\u00fccksprache\u00a0mit der Jugendhilfe\/Schule).\u00a0Bitte melden Sie sich bis Freitag, 12 Uhr unter haserodrigueza@luebeck.schule<\/li>\n<li>Abschlussjahrg\u00e4nge erhalten Pr\u00e4senzunterricht. In welchem Umfang kl\u00e4ren wir aktuell noch.<\/li>\n<\/ul>\n<p><span style=\"color: #ff0000;\"><a style=\"color: #ff0000;\" href=\"https:\/\/wbs-luebeck.de\/wbs\/wp-content\/uploads\/2021\/01\/06012021-Start-ins-neue-Jahr.pdf\">Hier finden Sie unseren ausf\u00fchrlicheren Brief.<\/a><\/span><\/p>\n<\/div><\/li><li class=\"fusion-li-item\" style=\"\"><span class=\"icon-wrapper circle-no\"><i class=\"fusion-li-icon fa-angle-right fas\" aria-hidden=\"true\"><\/i><\/span><div class=\"fusion-li-item-content\">\n<p>Liebe Sch\u00fclerinnen, liebe Sch\u00fcler,<br \/>\nliebe Eltern,<br \/>\nliebe Schulgemeinde,<\/p>\n<p>wir hoffen, dass Sie und ihr gut ins das neue Jahr gekommen seid. Wir alle sehnen uns sicherlich ein baldiges Schulleben ohne Corona her. Geduld und Zuversicht m\u00fcssen wir aber weiterhin in gro\u00dfer Menge noch haben. Aktuell wissen wir noch nicht, wie und ob wir ab dem 11. Januar die Schule \u00f6ffnen werden. Wir w\u00fcnschen uns sehr, dass die f\u00fcr uns getroffenen Entscheidungen, von uns allen als gut und sinnvoll befunden werden. Sobald wir weitere Informationen haben, informieren wir Sie und Euch alle.<br \/>\nEuer Team der WBS, Januar 2021<\/p>\n<\/div><\/li><li class=\"fusion-li-item\" style=\"\"><span class=\"icon-wrapper circle-no\"><i class=\"fusion-li-icon fa-arrow-right fas\" aria-hidden=\"true\"><\/i><\/span><div class=\"fusion-li-item-content\">\n<p>20.05.2021: Ab kommender Woche kommen auch die Jahrg\u00e4nge 7-10 in voller Pr\u00e4senz. Die Inzidenz liegt in L\u00fcbeck seit 5 Werktagen unter 50. Laut Corona Reaktionsplan befinden wir uns dann in Stufe 1.<\/p>\n<\/div><\/li><li class=\"fusion-li-item\" style=\"\"><span class=\"icon-wrapper circle-no\"><i class=\"fusion-li-icon awb-icon-check\" aria-hidden=\"true\"><\/i><\/span><div class=\"fusion-li-item-content\">Your Content Goes Here<\/div><\/li><\/ul><div class=\"fusion-clearfix\"><\/div><\/div><\/div><\/div><\/div><div class=\"fusion-fullwidth fullwidth-box fusion-builder-row-2 nonhundred-percent-fullwidth non-hundred-percent-height-scrolling\" style=\"--awb-border-radius-top-left:0px;--awb-border-radius-top-right:0px;--awb-border-radius-bottom-right:0px;--awb-border-radius-bottom-left:0px;--awb-margin-bottom:30px;--awb-flex-wrap:wrap;\" ><div class=\"fusion-builder-row fusion-row\"><div class=\"fusion-layout-column fusion_builder_column fusion-builder-column-1 fusion_builder_column_1_1 1_1 fusion-one-full fusion-column-first fusion-column-last\" style=\"--awb-bg-size:cover;\"><div class=\"fusion-column-wrapper fusion-column-has-shadow fusion-flex-column-wrapper-legacy\"><div class=\"fusion-section-separator section-separator triangle fusion-section-separator-1\" style=\"--awb-border-top:0px solid #e0dede;--awb-spacer-height:0px;--awb-svg-margin-left:0;--awb-svg-margin-right:0;--awb-icon-color:#ffffff;\"><div class=\"fusion-section-separator-svg\"><div class=\"divider-candy-arrow top\" style=\"bottom:0px;border-bottom-color: #f5f5f1;\"><\/div><div class=\"divider-candy top\" style=\"top:-20px;border-bottom:1px solid #e0dede;border-left:1px solid #e0dede;\"><\/div><\/div><div class=\"fusion-section-separator-spacer\"><div class=\"fusion-section-separator-spacer-height\"><\/div><\/div><\/div><div class=\"fusion-clearfix\"><\/div><\/div><\/div><\/div><\/div><div class=\"fusion-fullwidth fullwidth-box fusion-builder-row-3 nonhundred-percent-fullwidth non-hundred-percent-height-scrolling\" style=\"--awb-border-radius-top-left:0px;--awb-border-radius-top-right:0px;--awb-border-radius-bottom-right:0px;--awb-border-radius-bottom-left:0px;--awb-flex-wrap:wrap;\" ><div class=\"fusion-builder-row fusion-row\"><div class=\"fusion-layout-column fusion_builder_column fusion-builder-column-2 fusion_builder_column_1_1 1_1 fusion-one-full fusion-column-first fusion-column-last\" style=\"--awb-bg-size:cover;\"><div class=\"fusion-column-wrapper fusion-column-has-shadow fusion-flex-column-wrapper-legacy\"><div class=\"awb-gallery-wrapper awb-gallery-wrapper-1 button-span-no\"><div style=\"margin:-5px;--awb-bordersize:0px;\" class=\"fusion-gallery fusion-gallery-container fusion-grid-3 fusion-columns-total-5 fusion-gallery-layout-grid fusion-gallery-1\"><div style=\"padding:5px;\" class=\"fusion-grid-column fusion-gallery-column fusion-gallery-column-3 hover-type-zoomin\"><div class=\"fusion-gallery-image\"><a href=\"https:\/\/wbs-luebeck.de\/wbs\/wp-content\/uploads\/2021\/01\/2021-1.jpg\" rel=\"noreferrer\" data-rel=\"iLightbox[gallery_image_1]\" class=\"fusion-lightbox\" target=\"_self\"><img decoding=\"async\" src=\"https:\/\/wbs-luebeck.de\/wbs\/wp-content\/uploads\/2021\/01\/2021-1.jpg\" width=\"640\" height=\"426\" alt=\"\" title=\"2021\" aria-label=\"2021\" class=\"img-responsive wp-image-4836\" srcset=\"https:\/\/wbs-luebeck.de\/wbs\/wp-content\/uploads\/2021\/01\/2021-1-200x133.jpg 200w, https:\/\/wbs-luebeck.de\/wbs\/wp-content\/uploads\/2021\/01\/2021-1-400x266.jpg 400w, https:\/\/wbs-luebeck.de\/wbs\/wp-content\/uploads\/2021\/01\/2021-1-600x399.jpg 600w, https:\/\/wbs-luebeck.de\/wbs\/wp-content\/uploads\/2021\/01\/2021-1.jpg 640w\" sizes=\"(min-width: 2200px) 100vw, (min-width: 784px) 397px, (min-width: 712px) 595px, (min-width: 640px) 712px, \" \/><\/a><\/div><\/div><div style=\"padding:5px;\" class=\"fusion-grid-column fusion-gallery-column fusion-gallery-column-3 hover-type-zoomin\"><div class=\"fusion-gallery-image\"><a href=\"https:\/\/wbs-luebeck.de\/wbs\/wp-content\/uploads\/2021\/02\/Gepuderte-Schule.jpg\" rel=\"noreferrer\" data-rel=\"iLightbox[gallery_image_1]\" class=\"fusion-lightbox\" target=\"_self\"><img decoding=\"async\" src=\"https:\/\/wbs-luebeck.de\/wbs\/wp-content\/uploads\/2021\/02\/Gepuderte-Schule.jpg\" width=\"640\" height=\"426\" alt=\"\" title=\"Gepuderte Schule\" aria-label=\"Gepuderte Schule\" class=\"img-responsive wp-image-5259\" srcset=\"https:\/\/wbs-luebeck.de\/wbs\/wp-content\/uploads\/2021\/02\/Gepuderte-Schule-200x133.jpg 200w, https:\/\/wbs-luebeck.de\/wbs\/wp-content\/uploads\/2021\/02\/Gepuderte-Schule-400x266.jpg 400w, https:\/\/wbs-luebeck.de\/wbs\/wp-content\/uploads\/2021\/02\/Gepuderte-Schule-600x399.jpg 600w, https:\/\/wbs-luebeck.de\/wbs\/wp-content\/uploads\/2021\/02\/Gepuderte-Schule.jpg 640w\" sizes=\"(min-width: 2200px) 100vw, (min-width: 784px) 397px, (min-width: 712px) 595px, (min-width: 640px) 712px, \" \/><\/a><\/div><\/div><div style=\"padding:5px;\" class=\"fusion-grid-column fusion-gallery-column fusion-gallery-column-3 hover-type-zoomin\"><div class=\"fusion-gallery-image\"><a href=\"https:\/\/wbs-luebeck.de\/wbs\/wp-content\/uploads\/2021\/01\/Schneefamilie.jpg\" rel=\"noreferrer\" data-rel=\"iLightbox[gallery_image_1]\" class=\"fusion-lightbox\" target=\"_self\"><img decoding=\"async\" src=\"https:\/\/wbs-luebeck.de\/wbs\/wp-content\/uploads\/2021\/01\/Schneefamilie.jpg\" width=\"1024\" height=\"576\" alt=\"\" title=\"Schneefamilie\" aria-label=\"Schneefamilie\" class=\"img-responsive wp-image-5278\" srcset=\"https:\/\/wbs-luebeck.de\/wbs\/wp-content\/uploads\/2021\/01\/Schneefamilie-200x113.jpg 200w, https:\/\/wbs-luebeck.de\/wbs\/wp-content\/uploads\/2021\/01\/Schneefamilie-400x225.jpg 400w, https:\/\/wbs-luebeck.de\/wbs\/wp-content\/uploads\/2021\/01\/Schneefamilie-600x338.jpg 600w, https:\/\/wbs-luebeck.de\/wbs\/wp-content\/uploads\/2021\/01\/Schneefamilie-800x450.jpg 800w, https:\/\/wbs-luebeck.de\/wbs\/wp-content\/uploads\/2021\/01\/Schneefamilie.jpg 1024w\" sizes=\"(min-width: 2200px) 100vw, (min-width: 784px) 397px, (min-width: 712px) 595px, (min-width: 640px) 712px, \" \/><\/a><\/div><\/div><div class=\"clearfix\"><\/div><div style=\"padding:5px;\" class=\"fusion-grid-column fusion-gallery-column fusion-gallery-column-3 hover-type-zoomin\"><div class=\"fusion-gallery-image\"><a href=\"https:\/\/wbs-luebeck.de\/wbs\/wp-content\/uploads\/2021\/01\/Schneekaenguru.jpg\" rel=\"noreferrer\" data-rel=\"iLightbox[gallery_image_1]\" class=\"fusion-lightbox\" target=\"_self\"><img decoding=\"async\" src=\"https:\/\/wbs-luebeck.de\/wbs\/wp-content\/uploads\/2021\/01\/Schneekaenguru.jpg\" width=\"576\" height=\"1024\" alt=\"\" title=\"Schneek\u00e4nguru\" aria-label=\"Schneek\u00e4nguru\" class=\"img-responsive wp-image-5215\" srcset=\"https:\/\/wbs-luebeck.de\/wbs\/wp-content\/uploads\/2021\/01\/Schneekaenguru-200x356.jpg 200w, https:\/\/wbs-luebeck.de\/wbs\/wp-content\/uploads\/2021\/01\/Schneekaenguru-400x711.jpg 400w, https:\/\/wbs-luebeck.de\/wbs\/wp-content\/uploads\/2021\/01\/Schneekaenguru.jpg 576w\" sizes=\"(min-width: 2200px) 100vw, (min-width: 784px) 397px, (min-width: 712px) 595px, (min-width: 640px) 712px, \" \/><\/a><\/div><\/div><div style=\"padding:5px;\" class=\"fusion-grid-column fusion-gallery-column fusion-gallery-column-3 hover-type-zoomin\"><div class=\"fusion-gallery-image\"><a href=\"https:\/\/wbs-luebeck.de\/wbs\/wp-content\/uploads\/2021\/01\/Zarter-Puschel-scaled.jpg\" rel=\"noreferrer\" data-rel=\"iLightbox[gallery_image_1]\" class=\"fusion-lightbox\" target=\"_self\"><img decoding=\"async\" src=\"https:\/\/wbs-luebeck.de\/wbs\/wp-content\/uploads\/2021\/01\/Zarter-Puschel-scaled.jpg\" width=\"2560\" height=\"1920\" alt=\"\" title=\"Zarter Puschel\" aria-label=\"Zarter Puschel\" class=\"img-responsive wp-image-5321\" srcset=\"https:\/\/wbs-luebeck.de\/wbs\/wp-content\/uploads\/2021\/01\/Zarter-Puschel-200x150.jpg 200w, https:\/\/wbs-luebeck.de\/wbs\/wp-content\/uploads\/2021\/01\/Zarter-Puschel-400x300.jpg 400w, https:\/\/wbs-luebeck.de\/wbs\/wp-content\/uploads\/2021\/01\/Zarter-Puschel-600x450.jpg 600w, https:\/\/wbs-luebeck.de\/wbs\/wp-content\/uploads\/2021\/01\/Zarter-Puschel-800x600.jpg 800w, https:\/\/wbs-luebeck.de\/wbs\/wp-content\/uploads\/2021\/01\/Zarter-Puschel-1200x900.jpg 1200w, https:\/\/wbs-luebeck.de\/wbs\/wp-content\/uploads\/2021\/01\/Zarter-Puschel-scaled.jpg 2560w\" sizes=\"(min-width: 2200px) 100vw, (min-width: 784px) 397px, (min-width: 712px) 595px, (min-width: 640px) 712px, \" \/><\/a><\/div><\/div><\/div><\/div><div class=\"fusion-clearfix\"><\/div><\/div><\/div><\/div><\/div><\/p>\n","protected":false},"excerpt":{"rendered":"","protected":false},"author":2,"featured_media":5797,"comment_status":"closed","ping_status":"open","sticky":false,"template":"","format":"standard","meta":{"_acf_changed":false,"footnotes":""},"categories":[83],"tags":[],"acf":[],"_links":{"self":[{"href":"https:\/\/wbs-luebeck.de\/wbs\/wp-json\/wp\/v2\/posts\/5431"}],"collection":[{"href":"https:\/\/wbs-luebeck.de\/wbs\/wp-json\/wp\/v2\/posts"}],"about":[{"href":"https:\/\/wbs-luebeck.de\/wbs\/wp-json\/wp\/v2\/types\/post"}],"author":[{"embeddable":true,"href":"https:\/\/wbs-luebeck.de\/wbs\/wp-json\/wp\/v2\/users\/2"}],"replies":[{"embeddable":true,"href":"https:\/\/wbs-luebeck.de\/wbs\/wp-json\/wp\/v2\/comments?post=5431"}],"version-history":[{"count":93,"href":"https:\/\/wbs-luebeck.de\/wbs\/wp-json\/wp\/v2\/posts\/5431\/revisions"}],"predecessor-version":[{"id":6582,"href":"https:\/\/wbs-luebeck.de\/wbs\/wp-json\/wp\/v2\/posts\/5431\/revisions\/6582"}],"wp:featuredmedia":[{"embeddable":true,"href":"https:\/\/wbs-luebeck.de\/wbs\/wp-json\/wp\/v2\/media\/5797"}],"wp:attachment":[{"href":"https:\/\/wbs-luebeck.de\/wbs\/wp-json\/wp\/v2\/media?parent=5431"}],"wp:term":[{"taxonomy":"category","embeddable":true,"href":"https:\/\/wbs-luebeck.de\/wbs\/wp-json\/wp\/v2\/categories?post=5431"},{"taxonomy":"post_tag","embeddable":true,"href":"https:\/\/wbs-luebeck.de\/wbs\/wp-json\/wp\/v2\/tags?post=5431"}],"curies":[{"name":"wp","href":"https:\/\/api.w.org\/{rel}","templated":true}]}}