{"id":5383,"date":"2021-03-15T21:20:51","date_gmt":"2021-03-15T20:20:51","guid":{"rendered":"https:\/\/wbs-luebeck.de\/wbs\/?p=5383"},"modified":"2021-06-28T17:19:48","modified_gmt":"2021-06-28T16:19:48","slug":"luebeck-2030-fotowettbewerb-willy-brandt-haus","status":"publish","type":"post","link":"https:\/\/wbs-luebeck.de\/wbs\/luebeck-2030-fotowettbewerb-willy-brandt-haus\/","title":{"rendered":"L\u00fcbeck 2030- Fotowettbewerb Willy-Brandt-Haus (aktualisiert 15. Juni 2021)"},"content":{"rendered":"<p><div class=\"fusion-fullwidth fullwidth-box fusion-builder-row-1 nonhundred-percent-fullwidth non-hundred-percent-height-scrolling\" style=\"--awb-border-radius-top-left:0px;--awb-border-radius-top-right:0px;--awb-border-radius-bottom-right:0px;--awb-border-radius-bottom-left:0px;--awb-padding-right:0px;--awb-padding-bottom:0px;--awb-padding-left:0px;--awb-margin-top:-90px;--awb-background-color:#ffffff;--awb-border-sizes-top:0px;--awb-border-sizes-bottom:0px;--awb-flex-wrap:wrap;\" ><div class=\"fusion-builder-row fusion-row\"><div class=\"fusion-layout-column fusion_builder_column fusion-builder-column-0 fusion_builder_column_1_1 1_1 fusion-one-full fusion-column-first fusion-column-last\" style=\"--awb-padding-top:40px;--awb-padding-right:4%;--awb-padding-bottom:20px;--awb-padding-left:4%;--awb-bg-color:rgba(255,255,255,0);--awb-bg-color-hover:rgba(255,255,255,0);--awb-bg-size:cover;--awb-box-shadow:0px -5px 15px 0px rgba(0,0,0,0.03);;--awb-border-color:#3bc863;--awb-border-style:solid;--awb-margin-top:0px;--awb-margin-bottom:0px;\"><div class=\"fusion-column-wrapper fusion-column-has-shadow fusion-flex-column-wrapper-legacy\"><div class=\"fusion-text fusion-text-1\"><p>&#8212; Wir waren dabei: Am Sonntag, 13. Juni 2021 wurde die Ausstellung im Willy-Brandt-Haus er\u00f6ffnet. Unser Jury-Mitglied Lennard hat gemeinsam mit unserem B\u00fcrgermeister Jan Lindenau die Preistr\u00e4ger pr\u00e4miert! Frau Goldmann und Frau Hase-Rodriguez waren sehr stolz auf den souver\u00e4nen Jury-Auftritt von Lennard: Seite an Seite mit dem B\u00fcrgermeister! (Fotos 1 &amp; 3\u00a0\u00a9 BWBS \/ O. Malzahn)<\/p>\n<p>&#8212; Am 27.05.2021 war unsere Jury bei der Auswahl dabei! Anna, Lennard und Tjorven k\u00fcrten die Sieger. &#8222;Und das super vorbereitet, mit klaren Kriterien, sauberer Argumentation und haben sich h\u00f6flich wie klug die Butter nicht vom Brot nehmen lassen&#8220; so die R\u00fcckmeldung von Bettina Greiner, Leiterin des Willy-Brandt-Hauses! Wir sind stolz auf Euch!<\/p>\n<p>Zukunft. Nachhaltig. Machen &#8211; das ist das Motto des Fotowettbewerbs des Willy-Brandt-Hauses L\u00fcbeck: Wo findet man schon etwas Nachhaltiges in L\u00fcbeck? Was ist Sch\u00fcler:innen wichtig? Die ersten Beispiele haben uns erreicht. Wer macht noch mit? <span style=\"color: #ff0000;\"><a style=\"color: #ff0000;\" href=\"https:\/\/willy-brandt.de\/neuigkeiten\/luebeck2030-zukunft-nachhaltig-machen\/\">Die Bedingungen zur Teilnahme am Wettbewerb findet ihr hier.<\/a><\/span><\/p>\n<\/div><div class=\"fusion-clearfix\"><\/div><\/div><\/div><\/div><\/div><div class=\"fusion-fullwidth fullwidth-box fusion-builder-row-2 nonhundred-percent-fullwidth non-hundred-percent-height-scrolling\" style=\"--awb-border-radius-top-left:0px;--awb-border-radius-top-right:0px;--awb-border-radius-bottom-right:0px;--awb-border-radius-bottom-left:0px;--awb-margin-bottom:30px;--awb-flex-wrap:wrap;\" ><div class=\"fusion-builder-row fusion-row\"><div class=\"fusion-layout-column fusion_builder_column fusion-builder-column-1 fusion_builder_column_1_1 1_1 fusion-one-full fusion-column-first fusion-column-last\" style=\"--awb-bg-size:cover;\"><div class=\"fusion-column-wrapper fusion-column-has-shadow fusion-flex-column-wrapper-legacy\"><div class=\"fusion-section-separator section-separator triangle fusion-section-separator-1\" style=\"--awb-border-top:0px solid #e0dede;--awb-spacer-height:0px;--awb-svg-margin-left:0;--awb-svg-margin-right:0;--awb-icon-color:#ffffff;\"><div class=\"fusion-section-separator-svg\"><div class=\"divider-candy-arrow top\" style=\"bottom:0px;border-bottom-color: #f5f5f1;\"><\/div><div class=\"divider-candy top\" style=\"top:-20px;border-bottom:1px solid #e0dede;border-left:1px solid #e0dede;\"><\/div><\/div><div class=\"fusion-section-separator-spacer\"><div class=\"fusion-section-separator-spacer-height\"><\/div><\/div><\/div><div class=\"fusion-clearfix\"><\/div><\/div><\/div><\/div><\/div><div class=\"fusion-fullwidth fullwidth-box fusion-builder-row-3 nonhundred-percent-fullwidth non-hundred-percent-height-scrolling\" style=\"--awb-border-radius-top-left:0px;--awb-border-radius-top-right:0px;--awb-border-radius-bottom-right:0px;--awb-border-radius-bottom-left:0px;--awb-flex-wrap:wrap;\" ><div class=\"fusion-builder-row fusion-row\"><div class=\"fusion-layout-column fusion_builder_column fusion-builder-column-2 fusion_builder_column_1_1 1_1 fusion-one-full fusion-column-first fusion-column-last\" style=\"--awb-bg-size:cover;\"><div class=\"fusion-column-wrapper fusion-column-has-shadow fusion-flex-column-wrapper-legacy\"><div class=\"awb-gallery-wrapper awb-gallery-wrapper-1 button-span-no\"><div style=\"margin:-5px;--awb-bordersize:0px;\" class=\"fusion-gallery fusion-gallery-container fusion-grid-3 fusion-columns-total-9 fusion-gallery-layout-grid fusion-gallery-1\"><div style=\"padding:5px;\" class=\"fusion-grid-column fusion-gallery-column fusion-gallery-column-3 hover-type-zoomin\"><div class=\"fusion-gallery-image\"><a href=\"https:\/\/wbs-luebeck.de\/wbs\/wp-content\/uploads\/2021\/03\/WBS3.jpg\" rel=\"noreferrer\" data-rel=\"iLightbox[gallery_image_1]\" class=\"fusion-lightbox\" target=\"_self\"><img decoding=\"async\" src=\"https:\/\/wbs-luebeck.de\/wbs\/wp-content\/uploads\/2021\/03\/WBS3.jpg\" width=\"1000\" height=\"666\" alt=\"\" title=\"Willy Brandt Haus &#8211; Preisverleihung\" aria-label=\"Willy Brandt Haus &#8211; Preisverleihung\" class=\"img-responsive wp-image-5815\" srcset=\"https:\/\/wbs-luebeck.de\/wbs\/wp-content\/uploads\/2021\/03\/WBS3-200x133.jpg 200w, https:\/\/wbs-luebeck.de\/wbs\/wp-content\/uploads\/2021\/03\/WBS3-400x266.jpg 400w, https:\/\/wbs-luebeck.de\/wbs\/wp-content\/uploads\/2021\/03\/WBS3-600x400.jpg 600w, https:\/\/wbs-luebeck.de\/wbs\/wp-content\/uploads\/2021\/03\/WBS3-800x533.jpg 800w, https:\/\/wbs-luebeck.de\/wbs\/wp-content\/uploads\/2021\/03\/WBS3.jpg 1000w\" sizes=\"(min-width: 2200px) 100vw, (min-width: 784px) 397px, (min-width: 712px) 595px, (min-width: 640px) 712px, \" \/><\/a><\/div><\/div><div style=\"padding:5px;\" class=\"fusion-grid-column fusion-gallery-column fusion-gallery-column-3 hover-type-zoomin\"><div class=\"fusion-gallery-image\"><a href=\"https:\/\/wbs-luebeck.de\/wbs\/wp-content\/uploads\/2021\/03\/da48b177-e97f-40f1-8b93-db1a37ef103a.jpg\" rel=\"noreferrer\" data-rel=\"iLightbox[gallery_image_1]\" class=\"fusion-lightbox\" target=\"_self\"><img decoding=\"async\" src=\"https:\/\/wbs-luebeck.de\/wbs\/wp-content\/uploads\/2021\/03\/da48b177-e97f-40f1-8b93-db1a37ef103a.jpg\" width=\"1600\" height=\"1200\" alt=\"\" title=\"da48b177-e97f-40f1-8b93-db1a37ef103a\" aria-label=\"da48b177-e97f-40f1-8b93-db1a37ef103a\" class=\"img-responsive wp-image-5813\" srcset=\"https:\/\/wbs-luebeck.de\/wbs\/wp-content\/uploads\/2021\/03\/da48b177-e97f-40f1-8b93-db1a37ef103a-200x150.jpg 200w, https:\/\/wbs-luebeck.de\/wbs\/wp-content\/uploads\/2021\/03\/da48b177-e97f-40f1-8b93-db1a37ef103a-400x300.jpg 400w, https:\/\/wbs-luebeck.de\/wbs\/wp-content\/uploads\/2021\/03\/da48b177-e97f-40f1-8b93-db1a37ef103a-600x450.jpg 600w, https:\/\/wbs-luebeck.de\/wbs\/wp-content\/uploads\/2021\/03\/da48b177-e97f-40f1-8b93-db1a37ef103a-800x600.jpg 800w, https:\/\/wbs-luebeck.de\/wbs\/wp-content\/uploads\/2021\/03\/da48b177-e97f-40f1-8b93-db1a37ef103a-1200x900.jpg 1200w, https:\/\/wbs-luebeck.de\/wbs\/wp-content\/uploads\/2021\/03\/da48b177-e97f-40f1-8b93-db1a37ef103a.jpg 1600w\" sizes=\"(min-width: 2200px) 100vw, (min-width: 784px) 397px, (min-width: 712px) 595px, (min-width: 640px) 712px, \" \/><\/a><\/div><\/div><div style=\"padding:5px;\" class=\"fusion-grid-column fusion-gallery-column fusion-gallery-column-3 hover-type-zoomin\"><div class=\"fusion-gallery-image\"><a href=\"https:\/\/wbs-luebeck.de\/wbs\/wp-content\/uploads\/2021\/03\/WBS2.jpg\" rel=\"noreferrer\" data-rel=\"iLightbox[gallery_image_1]\" class=\"fusion-lightbox\" target=\"_self\"><img decoding=\"async\" src=\"https:\/\/wbs-luebeck.de\/wbs\/wp-content\/uploads\/2021\/03\/WBS2.jpg\" width=\"1000\" height=\"666\" alt=\"\" title=\"Willy Brandt Haus &#8211; Preisverleihung\" aria-label=\"Willy Brandt Haus &#8211; Preisverleihung\" class=\"img-responsive wp-image-5814\" srcset=\"https:\/\/wbs-luebeck.de\/wbs\/wp-content\/uploads\/2021\/03\/WBS2-200x133.jpg 200w, https:\/\/wbs-luebeck.de\/wbs\/wp-content\/uploads\/2021\/03\/WBS2-400x266.jpg 400w, https:\/\/wbs-luebeck.de\/wbs\/wp-content\/uploads\/2021\/03\/WBS2-600x400.jpg 600w, https:\/\/wbs-luebeck.de\/wbs\/wp-content\/uploads\/2021\/03\/WBS2-800x533.jpg 800w, https:\/\/wbs-luebeck.de\/wbs\/wp-content\/uploads\/2021\/03\/WBS2.jpg 1000w\" sizes=\"(min-width: 2200px) 100vw, (min-width: 784px) 397px, (min-width: 712px) 595px, (min-width: 640px) 712px, \" \/><\/a><\/div><\/div><div class=\"clearfix\"><\/div><div style=\"padding:5px;\" class=\"fusion-grid-column fusion-gallery-column fusion-gallery-column-3 hover-type-zoomin\"><div class=\"fusion-gallery-image\"><a href=\"https:\/\/wbs-luebeck.de\/wbs\/wp-content\/uploads\/2021\/03\/Seife-scaled.jpg\" rel=\"noreferrer\" data-rel=\"iLightbox[gallery_image_1]\" class=\"fusion-lightbox\" target=\"_self\"><img decoding=\"async\" src=\"https:\/\/wbs-luebeck.de\/wbs\/wp-content\/uploads\/2021\/03\/Seife-scaled.jpg\" width=\"1920\" height=\"2560\" alt=\"\" title=\"Seife\" aria-label=\"Seife\" class=\"img-responsive wp-image-5386\" srcset=\"https:\/\/wbs-luebeck.de\/wbs\/wp-content\/uploads\/2021\/03\/Seife-200x267.jpg 200w, https:\/\/wbs-luebeck.de\/wbs\/wp-content\/uploads\/2021\/03\/Seife-400x533.jpg 400w, https:\/\/wbs-luebeck.de\/wbs\/wp-content\/uploads\/2021\/03\/Seife-600x800.jpg 600w, https:\/\/wbs-luebeck.de\/wbs\/wp-content\/uploads\/2021\/03\/Seife-800x1067.jpg 800w, https:\/\/wbs-luebeck.de\/wbs\/wp-content\/uploads\/2021\/03\/Seife-1200x1600.jpg 1200w, https:\/\/wbs-luebeck.de\/wbs\/wp-content\/uploads\/2021\/03\/Seife-scaled.jpg 1920w\" sizes=\"(min-width: 2200px) 100vw, (min-width: 784px) 397px, (min-width: 712px) 595px, (min-width: 640px) 712px, \" \/><\/a><\/div><\/div><div style=\"padding:5px;\" class=\"fusion-grid-column fusion-gallery-column fusion-gallery-column-3 hover-type-zoomin\"><div class=\"fusion-gallery-image\"><a href=\"https:\/\/wbs-luebeck.de\/wbs\/wp-content\/uploads\/2021\/03\/Glasstrohhalm-scaled.jpg\" rel=\"noreferrer\" data-rel=\"iLightbox[gallery_image_1]\" class=\"fusion-lightbox\" target=\"_self\"><img decoding=\"async\" src=\"https:\/\/wbs-luebeck.de\/wbs\/wp-content\/uploads\/2021\/03\/Glasstrohhalm-scaled.jpg\" width=\"1920\" height=\"2560\" alt=\"\" title=\"Glasstrohhalm\" aria-label=\"Glasstrohhalm\" class=\"img-responsive wp-image-5387\" srcset=\"https:\/\/wbs-luebeck.de\/wbs\/wp-content\/uploads\/2021\/03\/Glasstrohhalm-200x267.jpg 200w, https:\/\/wbs-luebeck.de\/wbs\/wp-content\/uploads\/2021\/03\/Glasstrohhalm-400x533.jpg 400w, https:\/\/wbs-luebeck.de\/wbs\/wp-content\/uploads\/2021\/03\/Glasstrohhalm-600x800.jpg 600w, https:\/\/wbs-luebeck.de\/wbs\/wp-content\/uploads\/2021\/03\/Glasstrohhalm-800x1067.jpg 800w, https:\/\/wbs-luebeck.de\/wbs\/wp-content\/uploads\/2021\/03\/Glasstrohhalm-1200x1600.jpg 1200w, https:\/\/wbs-luebeck.de\/wbs\/wp-content\/uploads\/2021\/03\/Glasstrohhalm-scaled.jpg 1920w\" sizes=\"(min-width: 2200px) 100vw, (min-width: 784px) 397px, (min-width: 712px) 595px, (min-width: 640px) 712px, \" \/><\/a><\/div><\/div><div style=\"padding:5px;\" class=\"fusion-grid-column fusion-gallery-column fusion-gallery-column-3 hover-type-zoomin\"><div class=\"fusion-gallery-image\"><a href=\"https:\/\/wbs-luebeck.de\/wbs\/wp-content\/uploads\/2021\/03\/WeinflascheohneGlascontainer-scaled.jpg\" rel=\"noreferrer\" data-rel=\"iLightbox[gallery_image_1]\" class=\"fusion-lightbox\" target=\"_self\"><img decoding=\"async\" src=\"https:\/\/wbs-luebeck.de\/wbs\/wp-content\/uploads\/2021\/03\/WeinflascheohneGlascontainer-scaled.jpg\" width=\"1920\" height=\"2560\" alt=\"\" title=\"WeinflascheohneGlascontainer\" aria-label=\"WeinflascheohneGlascontainer\" class=\"img-responsive wp-image-5388\" srcset=\"https:\/\/wbs-luebeck.de\/wbs\/wp-content\/uploads\/2021\/03\/WeinflascheohneGlascontainer-200x267.jpg 200w, https:\/\/wbs-luebeck.de\/wbs\/wp-content\/uploads\/2021\/03\/WeinflascheohneGlascontainer-400x533.jpg 400w, https:\/\/wbs-luebeck.de\/wbs\/wp-content\/uploads\/2021\/03\/WeinflascheohneGlascontainer-600x800.jpg 600w, https:\/\/wbs-luebeck.de\/wbs\/wp-content\/uploads\/2021\/03\/WeinflascheohneGlascontainer-800x1067.jpg 800w, https:\/\/wbs-luebeck.de\/wbs\/wp-content\/uploads\/2021\/03\/WeinflascheohneGlascontainer-1200x1600.jpg 1200w, https:\/\/wbs-luebeck.de\/wbs\/wp-content\/uploads\/2021\/03\/WeinflascheohneGlascontainer-scaled.jpg 1920w\" sizes=\"(min-width: 2200px) 100vw, (min-width: 784px) 397px, (min-width: 712px) 595px, (min-width: 640px) 712px, \" \/><\/a><\/div><\/div><div class=\"clearfix\"><\/div><div style=\"padding:5px;\" class=\"fusion-grid-column fusion-gallery-column fusion-gallery-column-3 hover-type-zoomin\"><div class=\"fusion-gallery-image\"><a href=\"https:\/\/wbs-luebeck.de\/wbs\/wp-content\/uploads\/2021\/03\/Eine-Welt-Rasm..jpg\" rel=\"noreferrer\" data-rel=\"iLightbox[gallery_image_1]\" class=\"fusion-lightbox\" target=\"_self\"><img decoding=\"async\" src=\"https:\/\/wbs-luebeck.de\/wbs\/wp-content\/uploads\/2021\/03\/Eine-Welt-Rasm..jpg\" width=\"1987\" height=\"1536\" alt=\"\" title=\"Eine Welt Rasm.\" aria-label=\"Eine Welt Rasm.\" class=\"img-responsive wp-image-5474\" srcset=\"https:\/\/wbs-luebeck.de\/wbs\/wp-content\/uploads\/2021\/03\/Eine-Welt-Rasm.-200x155.jpg 200w, https:\/\/wbs-luebeck.de\/wbs\/wp-content\/uploads\/2021\/03\/Eine-Welt-Rasm.-400x309.jpg 400w, https:\/\/wbs-luebeck.de\/wbs\/wp-content\/uploads\/2021\/03\/Eine-Welt-Rasm.-600x464.jpg 600w, https:\/\/wbs-luebeck.de\/wbs\/wp-content\/uploads\/2021\/03\/Eine-Welt-Rasm.-800x618.jpg 800w, https:\/\/wbs-luebeck.de\/wbs\/wp-content\/uploads\/2021\/03\/Eine-Welt-Rasm.-1200x928.jpg 1200w, https:\/\/wbs-luebeck.de\/wbs\/wp-content\/uploads\/2021\/03\/Eine-Welt-Rasm..jpg 1987w\" sizes=\"(min-width: 2200px) 100vw, (min-width: 784px) 397px, (min-width: 712px) 595px, (min-width: 640px) 712px, \" \/><\/a><\/div><\/div><div style=\"padding:5px;\" class=\"fusion-grid-column fusion-gallery-column fusion-gallery-column-3 hover-type-zoomin\"><div class=\"fusion-gallery-image\"><a href=\"https:\/\/wbs-luebeck.de\/wbs\/wp-content\/uploads\/2021\/03\/Luebeck2030.-Zukunft.-Nachhaltig.-Machen..jpg\" rel=\"noreferrer\" data-rel=\"iLightbox[gallery_image_1]\" class=\"fusion-lightbox\" target=\"_self\"><img decoding=\"async\" src=\"https:\/\/wbs-luebeck.de\/wbs\/wp-content\/uploads\/2021\/03\/Luebeck2030.-Zukunft.-Nachhaltig.-Machen..jpg\" width=\"1024\" height=\"768\" alt=\"\" title=\"L\u00fcbeck2030. Zukunft. Nachhaltig. Machen.\" aria-label=\"L\u00fcbeck2030. Zukunft. Nachhaltig. Machen.\" class=\"img-responsive wp-image-5816\" srcset=\"https:\/\/wbs-luebeck.de\/wbs\/wp-content\/uploads\/2021\/03\/Luebeck2030.-Zukunft.-Nachhaltig.-Machen.-200x150.jpg 200w, https:\/\/wbs-luebeck.de\/wbs\/wp-content\/uploads\/2021\/03\/Luebeck2030.-Zukunft.-Nachhaltig.-Machen.-400x300.jpg 400w, https:\/\/wbs-luebeck.de\/wbs\/wp-content\/uploads\/2021\/03\/Luebeck2030.-Zukunft.-Nachhaltig.-Machen.-600x450.jpg 600w, https:\/\/wbs-luebeck.de\/wbs\/wp-content\/uploads\/2021\/03\/Luebeck2030.-Zukunft.-Nachhaltig.-Machen.-800x600.jpg 800w, https:\/\/wbs-luebeck.de\/wbs\/wp-content\/uploads\/2021\/03\/Luebeck2030.-Zukunft.-Nachhaltig.-Machen..jpg 1024w\" sizes=\"(min-width: 2200px) 100vw, (min-width: 784px) 397px, (min-width: 712px) 595px, (min-width: 640px) 712px, \" \/><\/a><\/div><\/div><div style=\"padding:5px;\" class=\"fusion-grid-column fusion-gallery-column fusion-gallery-column-3 hover-type-zoomin\"><div class=\"fusion-gallery-image\"><a href=\"https:\/\/wbs-luebeck.de\/wbs\/wp-content\/uploads\/2021\/03\/Nachhaltig-Ei.jpg\" rel=\"noreferrer\" data-rel=\"iLightbox[gallery_image_1]\" class=\"fusion-lightbox\" target=\"_self\"><img decoding=\"async\" src=\"https:\/\/wbs-luebeck.de\/wbs\/wp-content\/uploads\/2021\/03\/Nachhaltig-Ei.jpg\" width=\"2048\" height=\"1365\" alt=\"\" title=\"Nachhaltig Ei\" aria-label=\"Nachhaltig Ei\" class=\"img-responsive wp-image-5384\" srcset=\"https:\/\/wbs-luebeck.de\/wbs\/wp-content\/uploads\/2021\/03\/Nachhaltig-Ei-200x133.jpg 200w, https:\/\/wbs-luebeck.de\/wbs\/wp-content\/uploads\/2021\/03\/Nachhaltig-Ei-400x267.jpg 400w, https:\/\/wbs-luebeck.de\/wbs\/wp-content\/uploads\/2021\/03\/Nachhaltig-Ei-600x400.jpg 600w, https:\/\/wbs-luebeck.de\/wbs\/wp-content\/uploads\/2021\/03\/Nachhaltig-Ei-800x533.jpg 800w, https:\/\/wbs-luebeck.de\/wbs\/wp-content\/uploads\/2021\/03\/Nachhaltig-Ei-1200x800.jpg 1200w, https:\/\/wbs-luebeck.de\/wbs\/wp-content\/uploads\/2021\/03\/Nachhaltig-Ei.jpg 2048w\" sizes=\"(min-width: 2200px) 100vw, (min-width: 784px) 397px, (min-width: 712px) 595px, (min-width: 640px) 712px, \" \/><\/a><\/div><\/div><div class=\"clearfix\"><\/div><\/div><\/div><div class=\"fusion-clearfix\"><\/div><\/div><\/div><\/div><\/div><\/p>\n","protected":false},"excerpt":{"rendered":"","protected":false},"author":2,"featured_media":5814,"comment_status":"closed","ping_status":"open","sticky":false,"template":"","format":"standard","meta":{"_acf_changed":false,"footnotes":""},"categories":[83],"tags":[],"acf":[],"_links":{"self":[{"href":"https:\/\/wbs-luebeck.de\/wbs\/wp-json\/wp\/v2\/posts\/5383"}],"collection":[{"href":"https:\/\/wbs-luebeck.de\/wbs\/wp-json\/wp\/v2\/posts"}],"about":[{"href":"https:\/\/wbs-luebeck.de\/wbs\/wp-json\/wp\/v2\/types\/post"}],"author":[{"embeddable":true,"href":"https:\/\/wbs-luebeck.de\/wbs\/wp-json\/wp\/v2\/users\/2"}],"replies":[{"embeddable":true,"href":"https:\/\/wbs-luebeck.de\/wbs\/wp-json\/wp\/v2\/comments?post=5383"}],"version-history":[{"count":9,"href":"https:\/\/wbs-luebeck.de\/wbs\/wp-json\/wp\/v2\/posts\/5383\/revisions"}],"predecessor-version":[{"id":5863,"href":"https:\/\/wbs-luebeck.de\/wbs\/wp-json\/wp\/v2\/posts\/5383\/revisions\/5863"}],"wp:featuredmedia":[{"embeddable":true,"href":"https:\/\/wbs-luebeck.de\/wbs\/wp-json\/wp\/v2\/media\/5814"}],"wp:attachment":[{"href":"https:\/\/wbs-luebeck.de\/wbs\/wp-json\/wp\/v2\/media?parent=5383"}],"wp:term":[{"taxonomy":"category","embeddable":true,"href":"https:\/\/wbs-luebeck.de\/wbs\/wp-json\/wp\/v2\/categories?post=5383"},{"taxonomy":"post_tag","embeddable":true,"href":"https:\/\/wbs-luebeck.de\/wbs\/wp-json\/wp\/v2\/tags?post=5383"}],"curies":[{"name":"wp","href":"https:\/\/api.w.org\/{rel}","templated":true}]}}