{"id":4713,"date":"2020-12-01T14:25:25","date_gmt":"2020-12-01T13:25:25","guid":{"rendered":"https:\/\/wbs-luebeck.de\/wbs\/?p=4713"},"modified":"2021-01-28T21:10:12","modified_gmt":"2021-01-28T20:10:12","slug":"letzte-schulwoche-kein-regelbetrieb","status":"publish","type":"post","link":"https:\/\/wbs-luebeck.de\/wbs\/letzte-schulwoche-kein-regelbetrieb\/","title":{"rendered":"Letzte Schulwoche &#8211; kein Regelbetrieb! (aktualisiert 16.12)"},"content":{"rendered":"<p><div class=\"fusion-fullwidth fullwidth-box fusion-builder-row-1 nonhundred-percent-fullwidth non-hundred-percent-height-scrolling\" style=\"--awb-border-radius-top-left:0px;--awb-border-radius-top-right:0px;--awb-border-radius-bottom-right:0px;--awb-border-radius-bottom-left:0px;--awb-padding-right:0px;--awb-padding-bottom:0px;--awb-padding-left:0px;--awb-margin-top:-90px;--awb-background-color:#ffffff;--awb-border-sizes-top:0px;--awb-border-sizes-bottom:0px;--awb-flex-wrap:wrap;\" ><div class=\"fusion-builder-row fusion-row\"><div class=\"fusion-layout-column fusion_builder_column fusion-builder-column-0 fusion_builder_column_1_1 1_1 fusion-one-full fusion-column-first fusion-column-last\" style=\"--awb-padding-top:40px;--awb-padding-right:4%;--awb-padding-bottom:20px;--awb-padding-left:4%;--awb-bg-color:rgba(255,255,255,0);--awb-bg-color-hover:rgba(255,255,255,0);--awb-bg-size:cover;--awb-box-shadow:0px -5px 15px 0px rgba(0,0,0,0.03);;--awb-border-color:#3bc863;--awb-border-style:solid;--awb-margin-top:0px;--awb-margin-bottom:0px;\"><div class=\"fusion-column-wrapper fusion-column-has-shadow fusion-flex-column-wrapper-legacy\"><div class=\"fusion-text fusion-text-1\"><p><em>&#8212;-Update: Hier finden Sie Elterninformationen auf <span style=\"color: #ff0000;\"><a style=\"color: #ff0000;\" href=\"https:\/\/wbs-luebeck.de\/wbs\/wp-content\/uploads\/2020\/12\/Tuerkisch.pdf\">t\u00fcrkisch<\/a><\/span> und <span style=\"color: #ff0000;\"><a style=\"color: #ff0000;\" href=\"https:\/\/wbs-luebeck.de\/wbs\/wp-content\/uploads\/2020\/12\/Arabisch.pdf\">arabisch.<\/a><\/span><\/em><\/p>\n<p><em>&#8212;Update: Am 13.12 wurde nun beschlossen, dass ab Mittwoch nur noch Kinder der Jahrgangsstufen 1-7 betreut werden, deren Eltern in systemrelevanten Berufen t\u00e4tig oder alleinerziehend sind. Wir ben\u00f6tigen keinen Nachweis des Arbeitgebers. Wann aber immer es Ihnen m\u00f6glich ist, die Kinder nicht in die Schule zur Betreuung zu schicken (auch schon Montag und Dienstag), sollten Sie davon Gebrauch machen. Der Appell unserer Regierung erfolgte mit viel Nachdruck. Wir stehen Ihren Kindern aber nat\u00fcrlich vor Ort zur Verf\u00fcgung und betreuen angemessen. <a href=\"https:\/\/wbs-luebeck.de\/wbs\/wp-content\/uploads\/2020\/12\/20201213_Schulanschreiben_Schulaufsicht.pdf\"><span style=\"color: #ff0000;\">Hier geht es zu dem aktuellem Schreiben aus dem Ministerium<\/span><\/a> \u00a0<a href=\"https:\/\/wbs-luebeck.de\/wbs\/wp-content\/uploads\/2020\/12\/2020_12_13-PM-Prien-Schulen-im-Lockdown.pdf\"><span style=\"color: #ff0000;\">Hier geht es zur Medieninformation.<\/span><\/a><\/em><\/p>\n<p><em>&#8212;Update: Es war ja ein bisschen zu erwarten. Der Ansturm auf das OX-Portal ist gro\u00df, daher kommt es gelegentlich zu St\u00f6rungen. E-Mail schreiben klappt aktuell auch nicht immer. Daher: nicht \u00e4rgern lassen, es ist eben eine besondere Zeit. Abwarten, Kerze an, Lebkuchen knabbern und gesund bleiben!\u00a0<\/em><\/p>\n<p>Liebe Eltern,<br \/>\nliebe Sch\u00fclerinnen , liebe Sch\u00fcler,<\/p>\n<p>ab Montag, 14. Dezember 2020, gilt f\u00fcr unsere Schule gem\u00e4\u00df den aktuellen Vorgaben aus dem Bildungsministerium Folgendes: <span style=\"color: #ff0000;\"><a style=\"color: #ff0000;\" href=\"https:\/\/wbs-luebeck.de\/wbs\/wp-content\/uploads\/2020\/12\/Schulen_ab_14_Dezember_2020.pdf\">(siehe Pressemitteilung)<\/a><\/span><br \/>\nGrunds\u00e4tzlich sollen alle Kontakte auf ein Minimum eingeschr\u00e4nkt werden. Daher bieten wir (und vor dem Hintergrund der aktuellen Quarant\u00e4neanordnungen bei uns in der Grundschule) bis zu den Weihnachtsferien nur ein &#8222;Not-Programm&#8220; vor Ort an.<\/p>\n<p><strong>Die Jahrg\u00e4nge 8-10 wechseln vollst\u00e4ndig in den Distanzunterricht.<\/strong> (siehe <span style=\"color: #ff0000;\"><a style=\"color: #ff0000;\" href=\"https:\/\/wbs-luebeck.de\/wbs\/wp-content\/uploads\/2020\/10\/Schreiben-Eltern-_Distanzlernen.pdf\">Konzept der WBS \u201eLernen in der Distanz<\/a><\/span>\u201c). Alle B\u00fccher, die sich noch in der Schule befinden, \u00a0und Leihger\u00e4te sollten am Montag abgeholt sein.<\/p>\n<p><strong>F\u00fcr die Jahrg\u00e4nge 5-7<\/strong> wird zwar Pr\u00e4senzunterricht in der Schule angeboten, Eltern k\u00f6nnen aber ihre Kinder formlos bis zu den Weihnachtsferien vom Pr\u00e4senzunterricht beurlauben lassen. Es wird kein relevanter Unterricht vor Ort verpasst.<br \/>\nBitte senden Sie Ihrer Klassenleitung eine E-Mail, ob ihr Kind in die Schule kommt oder zu Hause am Unterrichtsmaterial arbeiten wird.<br \/>\nAlle ben\u00f6tigten B\u00fccher, die sich noch in der Schule befinden, \u00a0und Leihger\u00e4te sollten am Montag abgeholt sein.<\/p>\n<p><strong>Grundschule:<\/strong><br \/>\nDa sich Grundschulklassen und auch Lehrkr\u00e4fte in Quarant\u00e4ne befinden, k\u00f6nnen wir bis zu den Weihnachtsferien keinen verl\u00e4sslichen Unterricht in allen Grundschul-Klassen anbieten.<br \/>\nEltern k\u00f6nnen ihre Kinder aktuell formlos vom Pr\u00e4senzunterricht bis zu den Weihnachtsferien beurlauben lassen. Wir empfehlen Ihnen, dieses zu tun. Eine Wechsel zwischen Distanzlernen und Pr\u00e4senzunterricht ist nicht m\u00f6glich, da es aus infektiologischer Sicht nicht sinnvoll ist.<\/p>\n<p>Eine Notbetreuung wird aber angeboten:\u00a0Bitte geben Sie Ihrer Klassenleitung bis Sonntag fr\u00fch Bescheid, ob ihr Kind n\u00e4chste Woche in die Schule kommt oder nicht. Wir leiten die Information dann auch an Frau Mikos (Schulkindbetreuung) weiter. Fr\u00fchbetreuung findet nur am Montag noch statt.<br \/>\nKinder, die nicht in der Schule sind, werden keinen relevanten Unterricht verpassen.\u00a0Alle Kinder haben ihre \u201eCorona-Mappen\u201c zu Hause und k\u00f6nnen daran arbeiten. (siehe <span style=\"color: #ff0000;\"><a href=\"https:\/\/wbs-luebeck.de\/wbs\/wp-content\/uploads\/2020\/10\/Schreiben-Eltern-_Distanzlernen.pdf\">Konzept der WBS \u201eLernen in der Distanz\u201c<\/a><\/span>)<\/p>\n<p>Wir hoffen sehr, dass die aktuellen Ma\u00dfnahmen zu einer Reduzierung der Infektionszahlen beitragen. Lassen Sie uns alle unseren individuellen Anteil dazu beitragen.<br \/>\nDas Schreiben unserer Ministerin Prien finden Sie hier: <span style=\"color: #ff0000;\"><a style=\"color: #ff0000;\" href=\"https:\/\/wbs-luebeck.de\/wbs\/wp-content\/uploads\/2020\/12\/Prien_Anschreiben-Eltern.pdf\">Elternbrief<\/a><\/span><\/p>\n<p>Passen Sie gut auf sich auf!<br \/>\n\u00dcber unsere Homepage informieren Sie und euch weiterhin in der n\u00e4chsten Woche.<\/p>\n<p>Ihre Alexandra Hase-Rodriguez<\/p>\n<p>(haserodrigueza@luebeck.schule)<\/p>\n<\/div><div class=\"fusion-clearfix\"><\/div><\/div><\/div><\/div><\/div><div class=\"fusion-fullwidth fullwidth-box fusion-builder-row-2 nonhundred-percent-fullwidth non-hundred-percent-height-scrolling\" style=\"--awb-border-radius-top-left:0px;--awb-border-radius-top-right:0px;--awb-border-radius-bottom-right:0px;--awb-border-radius-bottom-left:0px;--awb-margin-bottom:30px;--awb-flex-wrap:wrap;\" ><div class=\"fusion-builder-row fusion-row\"><div class=\"fusion-layout-column fusion_builder_column fusion-builder-column-1 fusion_builder_column_1_1 1_1 fusion-one-full fusion-column-first fusion-column-last\" style=\"--awb-bg-size:cover;\"><div class=\"fusion-column-wrapper fusion-column-has-shadow fusion-flex-column-wrapper-legacy\"><div class=\"fusion-section-separator section-separator triangle fusion-section-separator-1\" style=\"--awb-border-top:0px solid #e0dede;--awb-spacer-height:0px;--awb-svg-margin-left:0;--awb-svg-margin-right:0;--awb-icon-color:#ffffff;\"><div class=\"fusion-section-separator-svg\"><div class=\"divider-candy-arrow top\" style=\"bottom:0px;border-bottom-color: #f5f5f1;\"><\/div><div class=\"divider-candy top\" style=\"top:-20px;border-bottom:1px solid #e0dede;border-left:1px solid #e0dede;\"><\/div><\/div><div class=\"fusion-section-separator-spacer\"><div class=\"fusion-section-separator-spacer-height\"><\/div><\/div><\/div><div class=\"fusion-clearfix\"><\/div><\/div><\/div><\/div><\/div><div class=\"fusion-fullwidth fullwidth-box fusion-builder-row-3 nonhundred-percent-fullwidth non-hundred-percent-height-scrolling\" style=\"--awb-border-radius-top-left:0px;--awb-border-radius-top-right:0px;--awb-border-radius-bottom-right:0px;--awb-border-radius-bottom-left:0px;--awb-flex-wrap:wrap;\" ><div class=\"fusion-builder-row fusion-row\"><div class=\"fusion-layout-column fusion_builder_column fusion-builder-column-2 fusion_builder_column_1_1 1_1 fusion-one-full fusion-column-first fusion-column-last\" style=\"--awb-bg-size:cover;\"><div class=\"fusion-column-wrapper fusion-column-has-shadow fusion-flex-column-wrapper-legacy\"><div class=\"awb-gallery-wrapper awb-gallery-wrapper-1 button-span-no\"><div style=\"margin:-5px;--awb-bordersize:0px;\" class=\"fusion-gallery fusion-gallery-container fusion-grid-3 fusion-columns-total-0 fusion-gallery-layout-grid fusion-gallery-1\"><\/div><\/div><div class=\"fusion-clearfix\"><\/div><\/div><\/div><\/div><\/div><\/p>\n","protected":false},"excerpt":{"rendered":"","protected":false},"author":2,"featured_media":4561,"comment_status":"closed","ping_status":"open","sticky":false,"template":"","format":"standard","meta":{"_acf_changed":false,"footnotes":""},"categories":[83],"tags":[],"acf":[],"_links":{"self":[{"href":"https:\/\/wbs-luebeck.de\/wbs\/wp-json\/wp\/v2\/posts\/4713"}],"collection":[{"href":"https:\/\/wbs-luebeck.de\/wbs\/wp-json\/wp\/v2\/posts"}],"about":[{"href":"https:\/\/wbs-luebeck.de\/wbs\/wp-json\/wp\/v2\/types\/post"}],"author":[{"embeddable":true,"href":"https:\/\/wbs-luebeck.de\/wbs\/wp-json\/wp\/v2\/users\/2"}],"replies":[{"embeddable":true,"href":"https:\/\/wbs-luebeck.de\/wbs\/wp-json\/wp\/v2\/comments?post=4713"}],"version-history":[{"count":32,"href":"https:\/\/wbs-luebeck.de\/wbs\/wp-json\/wp\/v2\/posts\/4713\/revisions"}],"predecessor-version":[{"id":4760,"href":"https:\/\/wbs-luebeck.de\/wbs\/wp-json\/wp\/v2\/posts\/4713\/revisions\/4760"}],"wp:featuredmedia":[{"embeddable":true,"href":"https:\/\/wbs-luebeck.de\/wbs\/wp-json\/wp\/v2\/media\/4561"}],"wp:attachment":[{"href":"https:\/\/wbs-luebeck.de\/wbs\/wp-json\/wp\/v2\/media?parent=4713"}],"wp:term":[{"taxonomy":"category","embeddable":true,"href":"https:\/\/wbs-luebeck.de\/wbs\/wp-json\/wp\/v2\/categories?post=4713"},{"taxonomy":"post_tag","embeddable":true,"href":"https:\/\/wbs-luebeck.de\/wbs\/wp-json\/wp\/v2\/tags?post=4713"}],"curies":[{"name":"wp","href":"https:\/\/api.w.org\/{rel}","templated":true}]}}