{"id":4613,"date":"2020-11-29T19:27:21","date_gmt":"2020-11-29T18:27:21","guid":{"rendered":"https:\/\/wbs-luebeck.de\/wbs\/?p=4613"},"modified":"2020-11-30T21:38:25","modified_gmt":"2020-11-30T20:38:25","slug":"aktuelles-rund-um-corona","status":"publish","type":"post","link":"https:\/\/wbs-luebeck.de\/wbs\/aktuelles-rund-um-corona\/","title":{"rendered":"Aktuelles rund um &#8222;Corona&#8220; (aktualisiert 30.11)"},"content":{"rendered":"<p><div class=\"fusion-fullwidth fullwidth-box fusion-builder-row-1 nonhundred-percent-fullwidth non-hundred-percent-height-scrolling\" style=\"--awb-border-radius-top-left:0px;--awb-border-radius-top-right:0px;--awb-border-radius-bottom-right:0px;--awb-border-radius-bottom-left:0px;--awb-padding-right:0px;--awb-padding-bottom:0px;--awb-padding-left:0px;--awb-margin-top:-90px;--awb-background-color:#ffffff;--awb-border-sizes-top:0px;--awb-border-sizes-bottom:0px;--awb-flex-wrap:wrap;\" ><div class=\"fusion-builder-row fusion-row\"><div class=\"fusion-layout-column fusion_builder_column fusion-builder-column-0 fusion_builder_column_1_1 1_1 fusion-one-full fusion-column-first fusion-column-last\" style=\"--awb-padding-top:40px;--awb-padding-right:4%;--awb-padding-bottom:20px;--awb-padding-left:4%;--awb-bg-color:rgba(255,255,255,0);--awb-bg-color-hover:rgba(255,255,255,0);--awb-bg-size:cover;--awb-box-shadow:0px -5px 15px 0px rgba(0,0,0,0.03);;--awb-border-color:#3bc863;--awb-border-style:solid;--awb-margin-top:0px;--awb-margin-bottom:0px;\"><div class=\"fusion-column-wrapper fusion-column-has-shadow fusion-flex-column-wrapper-legacy\"><div class=\"fusion-text fusion-text-1\"><p><em>&#8212;-Update 30.11.2020<\/em><br \/>\n<em>Die neuen Verordnungen wurden nun ver\u00f6ffentlicht: Da L\u00fcbeck (anders als das\u00a0RKI meldet) \u00a0nicht 7 Tage lang einen Inzidenzwert unter 50 hatte, bleibt die generelle Maskenpflicht f\u00fcr die Jahrg\u00e4nge 1-10. Lehrkr\u00e4fte k\u00f6nnen in <strong>Ausnahmesituationen,<\/strong> mit einem konsequenten Abstand von 1,50 Meter im Unterricht zum Erkl\u00e4ren (z.B. Lautgeb\u00e4rden in den 1. Klassen) \u00a0das Visier gegen die Maske eintauschen.\u00a0<\/em><\/p>\n<p><em>Die Jahrg\u00e4nge 1-7 erhalten f\u00fcr den 7. &amp;8. Januar 2021 vor den Ferien Aufgaben. Eine Notbetreuung soll angeboten werden. \u00a0Die Jahrg\u00e4nge 8-10 arbeiten gem\u00e4\u00df des WBS-Distanzlernkonzeptes.\u00a0Konkretisierungen ver\u00f6ffentlichen wir im Laufe der Woche. Grunds\u00e4tzlich findet an diesen beiden Tagen f\u00fcr keinen Jahrgang Pr\u00e4senzunterricht statt.<\/em><\/p>\n<p>Liebe Eltern,<br \/>\nliebe Sch\u00fclerinnen und Sch\u00fcler,<br \/>\nliebes Kollegium,<\/p>\n<p>mit gro\u00dfem Respekt konnte ich beobachten, dass das aktuelle Hygienekonzept von allen zunehmend routinierter befolgt wird. Daf\u00fcr m\u00f6chte ich mich bei Ihnen und Euch sehr bedanken. Wir alle wissen, dass es sich hierbei um eine besonders gro\u00dfe Herausforderung handelt, denn gerade in Schule sind Fehler \u201enormalerweise\u201c \u00fcblich und bringen nicht ein gesamtes \u201ePandemie-Konzept\u201c ins Wanken.<\/p>\n<p>Aktuell tauchten zu den folgenden Themen noch Nachfragen auf, die wir auf diesem Weg \u00a0beantworten bzw. nachsteuern.<\/p>\n<ul>\n<li><u>Mund-Nasen-Bedeckung (MNB)<\/u><br \/>\nF\u00fcr Sch\u00fcler:innen: siehe Aushang des Ministeriums f\u00fcr die Sch\u00fcler:innen.<br \/>\nLehrkr\u00e4fte und Mitarbeiter:innen tragen aktuell durchg\u00e4ngig die Maske im Unterricht (kurze Tragepausen w\u00e4hrend der L\u00fcftungspausen m\u00f6glich)<\/li>\n<li><u>Notbetreuung<br \/>\n<\/u>im Falle einer allgemeinen Schulschlie\u00dfung gehen wir davon aus, dass wir erneut eine Notbetreuung anbieten werden. Der zeitliche Umfang und die berechtigten Familien werden seitens des Schultr\u00e4gers bzw. Ministeriums festgelegt. Werden Quarant\u00e4nema\u00dfnahmen oder eine vorsorgliche Schlie\u00dfung f\u00fcr 1-2 Tage zur Zeitgewinnung im Rahmen der Kontaktermittlung des Gesundheitsamts angeordnet, wird es voraussichtlich keine Notbetreuung geben.<\/li>\n<li><u>Stand Digitalisierung<br \/>\n<\/u>Bisher gibt es immer noch keine kostenlose Bildungs-Internetflat f\u00fcr Zuhause.<br \/>\n50 Tablets (IPads) k\u00f6nnen im Falle des Distanzlernens ausgeliehen werden. Die in der Abfrage ermittelten Haushalte werden in der kommenden Woche telefonisch kontaktiert, oder der Bedarf noch besteht.<\/li>\n<li><u>L\u00fcftungskonzept<\/u><br \/>\nAlle Klassenr\u00e4ume besitzen einen Timer und ein Thermometer. Das Ministerium weist erneut daraufhin, dass das <u>Sto\u00dfl\u00fcften (alle Fenster sind ge\u00f6ffnet)<\/u> alle 20 Minuten ausreichend ist. Je nach Au\u00dfentemperatur und Innenluft k\u00f6nnen einzelne Fenster auch zus\u00e4tzlich ge\u00f6ffnet bleiben.<\/li>\n<li><u>Essen und Trinken<br \/>\n<\/u>In der <u>Grundschule <\/u>wird weiterhin nur gemeinsam im Klassenraum in den Fr\u00fchst\u00fcckspausen oder in den L\u00fcftungspausen gegessen.<br \/>\nIn der <u>Gemeinschaftsschule<\/u> darf dar\u00fcber hinaus nun auch auf dem Pausenhof gegessen werden. Der Mindestabstand von 1,50m zu anderen Sch\u00fcler:innen muss unbedingt selbstst\u00e4ndig eingehalten werden.<br \/>\nUnsere 10. Klasse startet n\u00e4chste Woche mit der k\u00fcnstlerischen Produktion von \u00a0\u201eEating-Points\u201c<\/li>\n<li><u>Kontaktverfolgung<br \/>\n<\/u>Erkrankt eine Lehrkraft oder Sch\u00fcler:innen an Covid-19 , versucht das Gesundheitsamt alle m\u00f6glichen Kontakte, bei denen die MNB nicht getragen oder der Mindestabstand nicht eingehalten wurde bzw. man in schlecht bel\u00fcfteten R\u00e4umen war, gemeinsam zu ermitteln. Hiervon h\u00e4ngt ab, welche Mitsch\u00fcler:innen oder Lehrkr\u00e4fte ebenfalls in Quarant\u00e4ne m\u00fcssen.<\/li>\n<\/ul>\n<p><span style=\"color: #ff0000;\"><a style=\"color: #ff0000;\" href=\"https:\/\/www.luebeck.de\/de\/rathaus\/verwaltung\/gesundheitsamt\/infektionsschutz\/corona-infos-fuer-schulen.html?fbclid=IwAR3bdYwFR6TCaqybdEPO3m5svC4o9gaExfsGLdje4VqR6VilRk4yIXxWTVc\">Hier finden Sie wichtige Informationen des L\u00fcbecker Gesundheitsamts.<\/a><\/span><\/p>\n<p><span style=\"color: #ff0000;\"><a style=\"color: #ff0000;\" href=\"https:\/\/wbs-luebeck.de\/wbs\/wp-content\/uploads\/2020\/11\/20201116_Schulgemeinde_Vorgehen_COVID-19.pdf\">Hier finden Sie das Schreiben des Bereichsleiters des L\u00fcbecker Gesundheitsamts an die Schulen.<\/a><\/span><\/p>\n<p>Passt alle gut auf euch auf \u2013 denkt stets an die \u201eMaske\u201c, warme Kleidung und einen Regenschutz.<\/p>\n<p>Ich w\u00fcnsche Ihnen und Ihrer Familie alles Gute! Kommen Sie gut durch den beginnenden Winter.<\/p>\n<p>Ihre<br \/>\nAlexandra Hase-Rodriguez<br \/>\nSchulleiterin<\/p>\n<\/div><div class=\"fusion-clearfix\"><\/div><\/div><\/div><\/div><\/div><div class=\"fusion-fullwidth fullwidth-box fusion-builder-row-2 nonhundred-percent-fullwidth non-hundred-percent-height-scrolling\" style=\"--awb-border-radius-top-left:0px;--awb-border-radius-top-right:0px;--awb-border-radius-bottom-right:0px;--awb-border-radius-bottom-left:0px;--awb-margin-bottom:30px;--awb-flex-wrap:wrap;\" ><div class=\"fusion-builder-row fusion-row\"><div class=\"fusion-layout-column fusion_builder_column fusion-builder-column-1 fusion_builder_column_1_1 1_1 fusion-one-full fusion-column-first fusion-column-last\" style=\"--awb-bg-size:cover;\"><div class=\"fusion-column-wrapper fusion-column-has-shadow fusion-flex-column-wrapper-legacy\"><div class=\"fusion-section-separator section-separator triangle fusion-section-separator-1\" style=\"--awb-border-top:0px solid #e0dede;--awb-spacer-height:0px;--awb-svg-margin-left:0;--awb-svg-margin-right:0;--awb-icon-color:#ffffff;\"><div class=\"fusion-section-separator-svg\"><div class=\"divider-candy-arrow top\" style=\"bottom:0px;border-bottom-color: #f5f5f1;\"><\/div><div class=\"divider-candy top\" style=\"top:-20px;border-bottom:1px solid #e0dede;border-left:1px solid #e0dede;\"><\/div><\/div><div class=\"fusion-section-separator-spacer\"><div class=\"fusion-section-separator-spacer-height\"><\/div><\/div><\/div><div class=\"fusion-clearfix\"><\/div><\/div><\/div><\/div><\/div><div class=\"fusion-fullwidth fullwidth-box fusion-builder-row-3 nonhundred-percent-fullwidth non-hundred-percent-height-scrolling\" style=\"--awb-border-radius-top-left:0px;--awb-border-radius-top-right:0px;--awb-border-radius-bottom-right:0px;--awb-border-radius-bottom-left:0px;--awb-flex-wrap:wrap;\" ><div class=\"fusion-builder-row fusion-row\"><div class=\"fusion-layout-column fusion_builder_column fusion-builder-column-2 fusion_builder_column_1_1 1_1 fusion-one-full fusion-column-first fusion-column-last\" style=\"--awb-bg-size:cover;\"><div class=\"fusion-column-wrapper fusion-column-has-shadow fusion-flex-column-wrapper-legacy\"><div class=\"awb-gallery-wrapper awb-gallery-wrapper-1 button-span-no\"><div style=\"margin:-5px;--awb-bordersize:0px;\" class=\"fusion-gallery fusion-gallery-container fusion-grid-3 fusion-columns-total-2 fusion-gallery-layout-grid fusion-gallery-1\"><div style=\"padding:5px;\" class=\"fusion-grid-column fusion-gallery-column fusion-gallery-column-3 hover-type-zoomin\"><div class=\"fusion-gallery-image\"><a href=\"https:\/\/wbs-luebeck.de\/wbs\/wp-content\/uploads\/2020\/11\/MAskenpflicht-Gemeinschaftsschule.jpg\" rel=\"noreferrer\" data-rel=\"iLightbox[gallery_image_1]\" class=\"fusion-lightbox\" target=\"_self\"><img decoding=\"async\" src=\"https:\/\/wbs-luebeck.de\/wbs\/wp-content\/uploads\/2020\/11\/MAskenpflicht-Gemeinschaftsschule.jpg\" width=\"897\" height=\"1265\" alt=\"\" title=\"MAskenpflicht Gemeinschaftsschule\" aria-label=\"MAskenpflicht Gemeinschaftsschule\" class=\"img-responsive wp-image-4618\" srcset=\"https:\/\/wbs-luebeck.de\/wbs\/wp-content\/uploads\/2020\/11\/MAskenpflicht-Gemeinschaftsschule-200x282.jpg 200w, https:\/\/wbs-luebeck.de\/wbs\/wp-content\/uploads\/2020\/11\/MAskenpflicht-Gemeinschaftsschule-400x564.jpg 400w, https:\/\/wbs-luebeck.de\/wbs\/wp-content\/uploads\/2020\/11\/MAskenpflicht-Gemeinschaftsschule-600x846.jpg 600w, https:\/\/wbs-luebeck.de\/wbs\/wp-content\/uploads\/2020\/11\/MAskenpflicht-Gemeinschaftsschule-800x1128.jpg 800w, https:\/\/wbs-luebeck.de\/wbs\/wp-content\/uploads\/2020\/11\/MAskenpflicht-Gemeinschaftsschule.jpg 897w\" sizes=\"(min-width: 2200px) 100vw, (min-width: 784px) 397px, (min-width: 712px) 595px, (min-width: 640px) 712px, \" \/><\/a><\/div><\/div><div style=\"padding:5px;\" class=\"fusion-grid-column fusion-gallery-column fusion-gallery-column-3 hover-type-zoomin\"><div class=\"fusion-gallery-image\"><a href=\"https:\/\/wbs-luebeck.de\/wbs\/wp-content\/uploads\/2020\/11\/Maskenpflicht-Grundschule.jpg\" rel=\"noreferrer\" data-rel=\"iLightbox[gallery_image_1]\" class=\"fusion-lightbox\" target=\"_self\"><img decoding=\"async\" src=\"https:\/\/wbs-luebeck.de\/wbs\/wp-content\/uploads\/2020\/11\/Maskenpflicht-Grundschule.jpg\" width=\"1036\" height=\"1281\" alt=\"\" title=\"Maskenpflicht Grundschule\" aria-label=\"Maskenpflicht Grundschule\" class=\"img-responsive wp-image-4619\" srcset=\"https:\/\/wbs-luebeck.de\/wbs\/wp-content\/uploads\/2020\/11\/Maskenpflicht-Grundschule-200x247.jpg 200w, https:\/\/wbs-luebeck.de\/wbs\/wp-content\/uploads\/2020\/11\/Maskenpflicht-Grundschule-400x495.jpg 400w, https:\/\/wbs-luebeck.de\/wbs\/wp-content\/uploads\/2020\/11\/Maskenpflicht-Grundschule-600x742.jpg 600w, https:\/\/wbs-luebeck.de\/wbs\/wp-content\/uploads\/2020\/11\/Maskenpflicht-Grundschule-800x989.jpg 800w, https:\/\/wbs-luebeck.de\/wbs\/wp-content\/uploads\/2020\/11\/Maskenpflicht-Grundschule.jpg 1036w\" sizes=\"(min-width: 2200px) 100vw, (min-width: 784px) 397px, (min-width: 712px) 595px, (min-width: 640px) 712px, \" \/><\/a><\/div><\/div><\/div><\/div><div class=\"fusion-clearfix\"><\/div><\/div><\/div><\/div><\/div><\/p>\n","protected":false},"excerpt":{"rendered":"","protected":false},"author":2,"featured_media":4614,"comment_status":"closed","ping_status":"open","sticky":false,"template":"","format":"standard","meta":{"_acf_changed":false,"footnotes":""},"categories":[83],"tags":[],"acf":[],"_links":{"self":[{"href":"https:\/\/wbs-luebeck.de\/wbs\/wp-json\/wp\/v2\/posts\/4613"}],"collection":[{"href":"https:\/\/wbs-luebeck.de\/wbs\/wp-json\/wp\/v2\/posts"}],"about":[{"href":"https:\/\/wbs-luebeck.de\/wbs\/wp-json\/wp\/v2\/types\/post"}],"author":[{"embeddable":true,"href":"https:\/\/wbs-luebeck.de\/wbs\/wp-json\/wp\/v2\/users\/2"}],"replies":[{"embeddable":true,"href":"https:\/\/wbs-luebeck.de\/wbs\/wp-json\/wp\/v2\/comments?post=4613"}],"version-history":[{"count":10,"href":"https:\/\/wbs-luebeck.de\/wbs\/wp-json\/wp\/v2\/posts\/4613\/revisions"}],"predecessor-version":[{"id":4661,"href":"https:\/\/wbs-luebeck.de\/wbs\/wp-json\/wp\/v2\/posts\/4613\/revisions\/4661"}],"wp:featuredmedia":[{"embeddable":true,"href":"https:\/\/wbs-luebeck.de\/wbs\/wp-json\/wp\/v2\/media\/4614"}],"wp:attachment":[{"href":"https:\/\/wbs-luebeck.de\/wbs\/wp-json\/wp\/v2\/media?parent=4613"}],"wp:term":[{"taxonomy":"category","embeddable":true,"href":"https:\/\/wbs-luebeck.de\/wbs\/wp-json\/wp\/v2\/categories?post=4613"},{"taxonomy":"post_tag","embeddable":true,"href":"https:\/\/wbs-luebeck.de\/wbs\/wp-json\/wp\/v2\/tags?post=4613"}],"curies":[{"name":"wp","href":"https:\/\/api.w.org\/{rel}","templated":true}]}}