{"id":4531,"date":"2020-10-12T14:30:18","date_gmt":"2020-10-12T14:30:18","guid":{"rendered":"https:\/\/wbs-luebeck.de\/wbs\/?p=4531"},"modified":"2020-10-24T19:17:34","modified_gmt":"2020-10-24T19:17:34","slug":"informationstag-fuer-die-zukuenftige-1-klasse-am-24-oktober-2020","status":"publish","type":"post","link":"https:\/\/wbs-luebeck.de\/wbs\/informationstag-fuer-die-zukuenftige-1-klasse-am-24-oktober-2020\/","title":{"rendered":"Informationstag f\u00fcr die zuk\u00fcnftige 1. Klasse am 24. Oktober 2020 (aktualisiert 24.10)"},"content":{"rendered":"<p><div class=\"fusion-fullwidth fullwidth-box fusion-builder-row-1 nonhundred-percent-fullwidth non-hundred-percent-height-scrolling\" style=\"--awb-border-radius-top-left:0px;--awb-border-radius-top-right:0px;--awb-border-radius-bottom-right:0px;--awb-border-radius-bottom-left:0px;--awb-padding-right:0px;--awb-padding-bottom:0px;--awb-padding-left:0px;--awb-margin-top:-90px;--awb-background-color:#ffffff;--awb-border-sizes-top:0px;--awb-border-sizes-bottom:0px;--awb-flex-wrap:wrap;\" ><div class=\"fusion-builder-row fusion-row\"><div class=\"fusion-layout-column fusion_builder_column fusion-builder-column-0 fusion_builder_column_1_1 1_1 fusion-one-full fusion-column-first fusion-column-last\" style=\"--awb-padding-top:40px;--awb-padding-right:4%;--awb-padding-bottom:20px;--awb-padding-left:4%;--awb-bg-color:rgba(255,255,255,0);--awb-bg-color-hover:rgba(255,255,255,0);--awb-bg-size:cover;--awb-box-shadow:0px -5px 15px 0px rgba(0,0,0,0.03);;--awb-border-color:#3bc863;--awb-border-style:solid;--awb-margin-top:0px;--awb-margin-bottom:0px;\"><div class=\"fusion-column-wrapper fusion-column-has-shadow fusion-flex-column-wrapper-legacy\"><div class=\"fusion-text fusion-text-1\"><p>Liebe Eltern, wenn Sie heute nicht an unserem Infotag unter &#8222;Corona-Bedingungen&#8220; teilnehmen konnten, haben Sie hier die M\u00f6glichkeit die wichtigsten Punkte \u00fcber unsere Schule nachlesen. Melden Sie sich gerne, wenn Sie noch Fragen haben oder sich unsere Schule anschauen m\u00f6chten.<\/p>\n<p><em><strong>P\u00e4dagogisches Personal der Grundschule: <\/strong><\/em><\/p>\n<ul>\n<li>momentan 9 Klassen<\/li>\n<li>in diesem SJ unterrichten 16 LehrerInnen und 4 F\u00f6rderschullehrerinnen in der Grundschule<\/li>\n<li>6 Schulbegleiterinnen, die in allen Klassen eingesetzt sind<\/li>\n<li>1 Schulsozialarbeiter<\/li>\n<li>1 Lehrerin im Vorbereitungsdienst<\/li>\n<li>ErzieherInnen\/ BetreuerInnen im Nachmittag<\/li>\n<li>2 Schulhunde<\/li>\n<\/ul>\n<p><em><strong>Unterricht<\/strong><\/em><\/p>\n<p>Die Kinder der Eingangsphase haben insgesamt 21 Stunden Unterricht in der Woche. Dieser findet an 4 Tagen von 7.55 Uhr bis 12 Uhr statt, an einem Tag von 7.55 Uhr bis 12.45 Uhr. In dieser Zeit gibt es zwei ausgiebige Hofpausen. Die Betreute Grundschule befindet sich im Geb\u00e4ude und hat von 7.30 Uhr bis 16 Uhr ge\u00f6ffnet.<\/p>\n<p><em><strong>Schulkindbetreuung<\/strong><\/em><\/p>\n<p>Alle angemeldeten Kinder erhalten automatisch im M\u00e4rz die Anmeldeunterlagen. Bisher konnten wir jeder Familie, die sich rechtzeitig vor Beginn des Schuljahres angemeldet hat, einen Platz anbieten. Frau Mikos und ihr Team haben aktuell Kapazit\u00e4ten bei Bedarf auch noch eine weitere Gruppe zum neuen Schuljahr zu er\u00f6ffnen.<\/p>\n<p><em><strong>Besonderheiten unserer Schule: <\/strong><\/em><\/p>\n<p><strong>\u00a0<\/strong><strong>Pausen<\/strong><\/p>\n<ul>\n<li>Spielecontainer<\/li>\n<li>gemeinsames Fr\u00fchst\u00fcck<\/li>\n<li>kostenlose w\u00f6chentliche Bio-Obst und Bio-Gem\u00fcselieferung \u00fcber das EU-Schulobstprogramm<\/li>\n<\/ul>\n<p><strong>Schulleben: <\/strong>(coronabedingt eingeschr\u00e4nkt)<\/p>\n<ul>\n<li>Patenschaften 4.Kl\u00e4ssler\/ausgebildete 8.Kl\u00e4ssler<\/li>\n<li>Schulversammlungen (auch Verabschiedungen der 4.Kl\u00e4ssler\/KollegInnen)<\/li>\n<li>Weihnachtssingen<\/li>\n<li>Schulfeste\/Faschingsfest<\/li>\n<li>Ausflug der gesamten Grundschule<\/li>\n<li>Zirkusprojekt<\/li>\n<li>Wettbewerbe: Schwimmen, Bundesjugendspiele, K\u00e4nguru (Mathe)<\/li>\n<li>Basteltag<\/li>\n<li>Ausfl\u00fcge<\/li>\n<li>Klassenfahrten<\/li>\n<li>Projekttage<\/li>\n<\/ul>\n<p><strong>Unterricht:<\/strong><\/p>\n<ul>\n<li>Englisch ab Klassenstufe 3<\/li>\n<li>Schwimmen in Klassenstufe 3 und 4<\/li>\n<li>JEKI f\u00fcr Klassenstufe 3 und 4 (kostenloser Instrumentalunterricht inkl. kostenlosem Leihinstrument)<\/li>\n<li>Zertifizierung zur musikalischen Grundschule der Bertelsmannstiftung<\/li>\n<li>w\u00f6chentlicher Klassenrat<\/li>\n<li>digitale Tafeln\/I-Pads\/ Umgang mit dem Schulportal<\/li>\n<li>Wahlpflichtkurse ab Klasse 3: (momentan) Tanz, Kunst, Hund, Jungen-Konsequent drau\u00dfen, Mathe-Knobeln, Lego Boost-Roboter bauen und programmieren<\/li>\n<\/ul>\n<p><strong>Fachr\u00e4ume:<\/strong><\/p>\n<p>Musik, Computer, Dreifelder-Sporthalle, DaZ, Leseclub (Stiftung Lesen, in Kooperation mit dem Familienzentrum), Differenzierungsr\u00e4ume, Schulgarten in der Ottostra\u00dfe<\/p>\n<p><strong>F\u00f6rderung:<\/strong><\/p>\n<ul>\n<li>Lesementoren, Psychomotorik, Sprachf\u00f6rder, Mathe, Deutsch, LRS, DAZ<\/li>\n<li>P\u00e4dagogische Konferenzen<\/li>\n<li>Schulminis<\/li>\n<li>Doppelbesetzungen<\/li>\n<\/ul>\n<p><strong>AGs am Nachmittag:<\/strong><\/p>\n<ul>\n<li>Obst im Schulgarten<\/li>\n<li>JeKi<\/li>\n<li>Leseclub<\/li>\n<li>N\u00e4hen<\/li>\n<li>(Schach\/H\u00f6rspiel\/T\u00f6pfern\/ Musical\/Chor entf\u00e4llt aktuell)<\/li>\n<\/ul>\n<p>Eltern,<br \/>\nliebe zuk\u00fcnftige Erstkl\u00e4sslerinnen und Erstkl\u00e4ssler der Willy-Brandt-Schule,<\/p>\n<p>leider k\u00f6nnen Sie dieses Jahr Ihre Kinder nicht wie gewohnt zu unserem ersten &#8222;Kennlerntag&#8220; f\u00fcr die zuk\u00fcnftige 1. Klasse nicht mitbringen.<br \/>\nWir \u00f6ffnen aber jeweils um 10:30 und um 12:00 Uhr unsere Grundschule. Wir stellen Ihnen zun\u00e4chst unsere Grundschule und unsere Schulkindbetreuung vor. Im Anschluss haben Sie dann auch noch die Gelegenheit, sich in der Schule umzuschauen.<br \/>\nK\u00f6nnen Sie nicht an dieser Veranstaltung teilnehmen, stellen wir Ihnen ab dem 25.10. die Informationen hier ebenfalls zur Verf\u00fcgung.<\/p>\n<p>Wenn Sie uns besuchen, achten Sie bitte darauf, dass Sie<br \/>\n&#8211; sich vorher bei uns angemeldet haben (willy-brandt-schule.luebeck@schule.landsh.de; bitte nur ein Elternteil pro Kind)<br \/>\n&#8211; eine gut sitzende Mund-Nasen-Bedeckung oder ein Visier tragen<br \/>\n&#8211; nur gesund kommen<\/p>\n<p>Vielen Dank!<br \/>\nIhre Alexandra Hase-Rodriguez und Carola L\u00fcnenb\u00fcrger<\/p>\n<\/div><div class=\"fusion-clearfix\"><\/div><\/div><\/div><\/div><\/div><div class=\"fusion-fullwidth fullwidth-box fusion-builder-row-2 nonhundred-percent-fullwidth non-hundred-percent-height-scrolling\" style=\"--awb-border-radius-top-left:0px;--awb-border-radius-top-right:0px;--awb-border-radius-bottom-right:0px;--awb-border-radius-bottom-left:0px;--awb-margin-bottom:30px;--awb-flex-wrap:wrap;\" ><div class=\"fusion-builder-row fusion-row\"><div class=\"fusion-layout-column fusion_builder_column fusion-builder-column-1 fusion_builder_column_1_1 1_1 fusion-one-full fusion-column-first fusion-column-last\" style=\"--awb-bg-size:cover;\"><div class=\"fusion-column-wrapper fusion-column-has-shadow fusion-flex-column-wrapper-legacy\"><div class=\"fusion-section-separator section-separator triangle fusion-section-separator-1\" style=\"--awb-border-top:0px solid #e0dede;--awb-spacer-height:0px;--awb-svg-margin-left:0;--awb-svg-margin-right:0;--awb-icon-color:#ffffff;\"><div class=\"fusion-section-separator-svg\"><div class=\"divider-candy-arrow top\" style=\"bottom:0px;border-bottom-color: #f5f5f1;\"><\/div><div class=\"divider-candy top\" style=\"top:-20px;border-bottom:1px solid #e0dede;border-left:1px solid #e0dede;\"><\/div><\/div><div class=\"fusion-section-separator-spacer\"><div class=\"fusion-section-separator-spacer-height\"><\/div><\/div><\/div><div class=\"fusion-clearfix\"><\/div><\/div><\/div><\/div><\/div><div class=\"fusion-fullwidth fullwidth-box fusion-builder-row-3 nonhundred-percent-fullwidth non-hundred-percent-height-scrolling\" style=\"--awb-border-radius-top-left:0px;--awb-border-radius-top-right:0px;--awb-border-radius-bottom-right:0px;--awb-border-radius-bottom-left:0px;--awb-flex-wrap:wrap;\" ><div class=\"fusion-builder-row fusion-row\"><div class=\"fusion-layout-column fusion_builder_column fusion-builder-column-2 fusion_builder_column_1_1 1_1 fusion-one-full fusion-column-first fusion-column-last\" style=\"--awb-bg-size:cover;\"><div class=\"fusion-column-wrapper fusion-column-has-shadow fusion-flex-column-wrapper-legacy\"><div class=\"awb-gallery-wrapper awb-gallery-wrapper-1 button-span-no\"><div style=\"margin:-5px;--awb-bordersize:0px;\" class=\"fusion-gallery fusion-gallery-container fusion-grid-3 fusion-columns-total-0 fusion-gallery-layout-grid fusion-gallery-1\"><\/div><\/div><div class=\"fusion-clearfix\"><\/div><\/div><\/div><\/div><\/div><\/p>\n","protected":false},"excerpt":{"rendered":"","protected":false},"author":2,"featured_media":4532,"comment_status":"closed","ping_status":"open","sticky":false,"template":"","format":"standard","meta":{"_acf_changed":false,"footnotes":""},"categories":[83],"tags":[],"acf":[],"_links":{"self":[{"href":"https:\/\/wbs-luebeck.de\/wbs\/wp-json\/wp\/v2\/posts\/4531"}],"collection":[{"href":"https:\/\/wbs-luebeck.de\/wbs\/wp-json\/wp\/v2\/posts"}],"about":[{"href":"https:\/\/wbs-luebeck.de\/wbs\/wp-json\/wp\/v2\/types\/post"}],"author":[{"embeddable":true,"href":"https:\/\/wbs-luebeck.de\/wbs\/wp-json\/wp\/v2\/users\/2"}],"replies":[{"embeddable":true,"href":"https:\/\/wbs-luebeck.de\/wbs\/wp-json\/wp\/v2\/comments?post=4531"}],"version-history":[{"count":3,"href":"https:\/\/wbs-luebeck.de\/wbs\/wp-json\/wp\/v2\/posts\/4531\/revisions"}],"predecessor-version":[{"id":4550,"href":"https:\/\/wbs-luebeck.de\/wbs\/wp-json\/wp\/v2\/posts\/4531\/revisions\/4550"}],"wp:featuredmedia":[{"embeddable":true,"href":"https:\/\/wbs-luebeck.de\/wbs\/wp-json\/wp\/v2\/media\/4532"}],"wp:attachment":[{"href":"https:\/\/wbs-luebeck.de\/wbs\/wp-json\/wp\/v2\/media?parent=4531"}],"wp:term":[{"taxonomy":"category","embeddable":true,"href":"https:\/\/wbs-luebeck.de\/wbs\/wp-json\/wp\/v2\/categories?post=4531"},{"taxonomy":"post_tag","embeddable":true,"href":"https:\/\/wbs-luebeck.de\/wbs\/wp-json\/wp\/v2\/tags?post=4531"}],"curies":[{"name":"wp","href":"https:\/\/api.w.org\/{rel}","templated":true}]}}