{"id":4525,"date":"2020-10-14T19:41:54","date_gmt":"2020-10-14T19:41:54","guid":{"rendered":"https:\/\/wbs-luebeck.de\/wbs\/?p=4525"},"modified":"2020-10-15T09:58:05","modified_gmt":"2020-10-15T09:58:05","slug":"herbstferien-und-die-maskenpflicht-danach","status":"publish","type":"post","link":"https:\/\/wbs-luebeck.de\/wbs\/herbstferien-und-die-maskenpflicht-danach\/","title":{"rendered":"Herbstferien und die Maskenpflicht danach! (aktualisiert 15.10)"},"content":{"rendered":"<p><div class=\"fusion-fullwidth fullwidth-box fusion-builder-row-1 nonhundred-percent-fullwidth non-hundred-percent-height-scrolling\" style=\"--awb-border-radius-top-left:0px;--awb-border-radius-top-right:0px;--awb-border-radius-bottom-right:0px;--awb-border-radius-bottom-left:0px;--awb-padding-right:0px;--awb-padding-bottom:0px;--awb-padding-left:0px;--awb-margin-top:-90px;--awb-background-color:#ffffff;--awb-border-sizes-top:0px;--awb-border-sizes-bottom:0px;--awb-flex-wrap:wrap;\" ><div class=\"fusion-builder-row fusion-row\"><div class=\"fusion-layout-column fusion_builder_column fusion-builder-column-0 fusion_builder_column_1_1 1_1 fusion-one-full fusion-column-first fusion-column-last\" style=\"--awb-padding-top:40px;--awb-padding-right:4%;--awb-padding-bottom:20px;--awb-padding-left:4%;--awb-bg-color:rgba(255,255,255,0);--awb-bg-color-hover:rgba(255,255,255,0);--awb-bg-size:cover;--awb-box-shadow:0px -5px 15px 0px rgba(0,0,0,0.03);;--awb-border-color:#3bc863;--awb-border-style:solid;--awb-margin-top:0px;--awb-margin-bottom:0px;\"><div class=\"fusion-column-wrapper fusion-column-has-shadow fusion-flex-column-wrapper-legacy\"><div class=\"fusion-text fusion-text-1\"><p>&#8212;- Update: Die Eckpunkte zum Tragen einer Mund-Nasen-Bedeckung f\u00fcr Gemeinschaftssch\u00fcler:innen auch im Unterricht bis zum 30.10.2020 finden Sie <a href=\"https:\/\/wbs-luebeck.de\/wbs\/wp-content\/uploads\/2020\/10\/04-Eckpunkte-MNB-Pflicht-Schule.pdf\"><span style=\"color: #ff0000;\">hier<\/span><\/a>.<\/p>\n<p><em>&#8212;-Update: Das aktuelle Elternanschreiben des Bildungsministeriums finden Sie <span style=\"color: #ff0000;\"><a style=\"color: #ff0000;\" href=\"https:\/\/wbs-luebeck.de\/wbs\/wp-content\/uploads\/2020\/10\/Elternschreiben_M.pdf\">hier<\/a><\/span>.\u00a0<\/em><\/p>\n<p><em>&#8212;- Update: Die Landesregierung beschloss heute Nachmittag (30. September 2020), dass f\u00fcr alle Sch\u00fcler:innen ab Klasse 5 nach den Herbstferien f\u00fcr 14 Tage auch eine Maskenpflicht im Unterricht besteht. Sobald wir weitere Informationen haben, informieren wir Sie.<\/em><\/p>\n<p>Liebe Schulgemeinde,<\/p>\n<p>in ein paar Tagen beginnen die Ferien und wir alle sind nach wie vor erleichtert, dass unser Schulalltag in dieser besonderen Zeit recht reibungslos l\u00e4uft. Bitte unterst\u00fctzen Sie uns weiterhin so gut, indem sie Ihre Kinder immer wieder an die Notwendigkeit der Ma\u00dfnahmen (Kohortenprinzip, Maske, Abstand, Handhygiene) erinnern.<\/p>\n<p><strong>Reisen in den Herbstferien<br \/>\n<\/strong>Wir sind uns sicher, dass Sie alle in den Ferien sehr verantwortungsbewusst reisen und nur Orte ansteuern, die nicht als Risikogebiet ausgewiesen sind oder sich anschlie\u00dfend rechtzeitig in Quarant\u00e4ne begeben. Wie auch zum Ende der Sommerferien werden Ihre Klassenleitungen ggf. anfragen, ob Sie in einem Risikogebiet Urlaub gemacht haben. Bitte haben Sie Verst\u00e4ndnis daf\u00fcr. Die aktuelle dynamische Lage erfordert von uns allen besondere Aufmerksamkeit.<\/p>\n<p>Falls Sie eine Flugreise planen, bedenken Sie bitte, dass z. B. in Hamburg die Quarant\u00e4nevorschrift bei R\u00fcckkehr aus einem Risikogebiet eine andere als in Schleswig-Holstein ist.<\/p>\n<p>Falls Sie in ein aktuelles Risikogebiet reisen und die Quarant\u00e4ne im Anschluss an die Herbstferien fortgesetzt werden muss, gelten diese Tage laut ministerieller Vorgabe als unentschuldigtes Fehlen. Bitte nehmen Sie rechtzeitig Kontakt zu uns auf, falls es hier Gespr\u00e4chsbedarf gibt.<\/p>\n<p><strong>L\u00fcftungskonzept und die passende Kleidung<br \/>\n<\/strong>Das regelm\u00e4\u00dfige Sto\u00dfl\u00fcften der Klassenr\u00e4ume stellt aktuell die Ma\u00dfnahme gegen die Aerosole dar, die hauptverantwortlich f\u00fcr die Verbreitung des Covid-19 Virus sein soll.<br \/>\nIhre Kinder sollten daher angemessene Kleidung tragen. Wir empfehlen dringend das Prinzip der \u201eZwiebel\u201c. Mehrere Schichten, die je nach Witterung im Klassenzimmer getragen werden k\u00f6nnen. Um eine angenehme Lernatmosph\u00e4re zu erm\u00f6glichen, wollen wir m\u00f6glichst das dauerhafte Tragen der Winterjacke vermeiden.<\/p>\n<p><strong>Digitalisierung<br \/>\n<\/strong>Nach den Herbstferien sollen nun den Schulen die Endger\u00e4te zur Verf\u00fcgung gestellt werden, die wir Familien im Falle eine Quarant\u00e4ne zur Verf\u00fcgung stellen k\u00f6nnen. Anhand unserer Abfrage konnten wir sehen, dass nicht alle ein eigenes Ger\u00e4t oder Internet zu Hause haben. Wir hoffen, dass wir Ende Oktober die angek\u00fcndigten Unterst\u00fctzungen der Bundesregierung (Endger\u00e4t und Internet) dann auch bei Bedarf ausgeben k\u00f6nnen. Ihre Lehrkr\u00e4fte schulen die Kinder im Umgang mit dem Schulportal. In der Grundschule (ab Jahrgang 2) liegt der Schwerpunkt auf dem Abrufen der Emails, in der Gemeinschaftsschule geht es auch um die Nutzung der Dateiablage.<\/p>\n<p><strong>Neuer Schulelternbeirat-Vorstand<br \/>\n<\/strong>Frau Schauer (1a) ist die neue Vorsitzende und Hr. Potschaske (8a) der neue stellv. Vorsitzende des Schulelternbeirats. Frau Zube, Frau Asmussen und Frau Schl\u00fcter stehen beiden als Beisitzerinnen zur Seite. Wir freuen uns, dass sich unsere Eltern so tatkr\u00e4ftig engagieren!<\/p>\n<p><strong>Neue Vorsitzende im F\u00f6rderverein<br \/>\n<\/strong>Hier finden aktuell noch Nachwahlen statt. Frau Schauer ist derzeit auch hier Ihre erste Ansprechperson.<\/p>\n<p>Passen Sie alle gut auf sich auf!<\/p>\n<p>Die Homepage halten wir weiterhin auf dem aktuellsten Stand.<\/p>\n<p>Bitte besuchen Sie diese gerne regelm\u00e4\u00dfig.<br \/>\nIhre<br \/>\nAlexandra Hase-Rodriguez<\/p>\n<p><strong>Wichtige Termine:<\/strong><\/p>\n<p>Montag, 7. Dezember 2020: Schulkonferenz<\/p>\n<p>Montag, 11. Januar 2021: SEB Sitzung<\/p>\n<p>Dienstag 12. Januar 2021: Elternabend f\u00fcr die 4. Klassen: \u00dcbergangsberatung<\/p>\n<p>Montag &amp; Dienstag 1.&amp;2. Februar 2021: bewegliche Ferientage (! Fehler im Schulplaner)<\/p>\n<p><strong>\u00d6ffnungszeiten der Sekretariate in den Herbstferien:<\/strong><\/p>\n<p>Grundschulsekretariat:\u00a0\u00a0\u00a0\u00a0\u00a0\u00a0\u00a0\u00a0\u00a0\u00a0\u00a0\u00a0\u00a0\u00a0\u00a0\u00a0\u00a0\u00a0\u00a0\u00a0\u00a0\u00a0 05.-07.10.2020 von 07:30 \u2013 12:00 Uhr<\/p>\n<p>Gemeinschaftsschulsekretariat:\u00a0\u00a0\u00a0\u00a0\u00a0\u00a0\u00a0\u00a0 05.-09.10.2020 nach telefonischer Anmeldung<\/p>\n<\/div><div class=\"fusion-clearfix\"><\/div><\/div><\/div><\/div><\/div><div class=\"fusion-fullwidth fullwidth-box fusion-builder-row-2 nonhundred-percent-fullwidth non-hundred-percent-height-scrolling\" style=\"--awb-border-radius-top-left:0px;--awb-border-radius-top-right:0px;--awb-border-radius-bottom-right:0px;--awb-border-radius-bottom-left:0px;--awb-margin-bottom:30px;--awb-flex-wrap:wrap;\" ><div class=\"fusion-builder-row fusion-row\"><div class=\"fusion-layout-column fusion_builder_column fusion-builder-column-1 fusion_builder_column_1_1 1_1 fusion-one-full fusion-column-first fusion-column-last\" style=\"--awb-bg-size:cover;\"><div class=\"fusion-column-wrapper fusion-column-has-shadow fusion-flex-column-wrapper-legacy\"><div class=\"fusion-section-separator section-separator triangle fusion-section-separator-1\" style=\"--awb-border-top:0px solid #e0dede;--awb-spacer-height:0px;--awb-svg-margin-left:0;--awb-svg-margin-right:0;--awb-icon-color:#ffffff;\"><div class=\"fusion-section-separator-svg\"><div class=\"divider-candy-arrow top\" style=\"bottom:0px;border-bottom-color: #f5f5f1;\"><\/div><div class=\"divider-candy top\" style=\"top:-20px;border-bottom:1px solid #e0dede;border-left:1px solid #e0dede;\"><\/div><\/div><div class=\"fusion-section-separator-spacer\"><div class=\"fusion-section-separator-spacer-height\"><\/div><\/div><\/div><div class=\"fusion-clearfix\"><\/div><\/div><\/div><\/div><\/div><div class=\"fusion-fullwidth fullwidth-box fusion-builder-row-3 nonhundred-percent-fullwidth non-hundred-percent-height-scrolling\" style=\"--awb-border-radius-top-left:0px;--awb-border-radius-top-right:0px;--awb-border-radius-bottom-right:0px;--awb-border-radius-bottom-left:0px;--awb-flex-wrap:wrap;\" ><div class=\"fusion-builder-row fusion-row\"><div class=\"fusion-layout-column fusion_builder_column fusion-builder-column-2 fusion_builder_column_1_1 1_1 fusion-one-full fusion-column-first fusion-column-last\" style=\"--awb-bg-size:cover;\"><div class=\"fusion-column-wrapper fusion-column-has-shadow fusion-flex-column-wrapper-legacy\"><div class=\"awb-gallery-wrapper awb-gallery-wrapper-1 button-span-no\"><div style=\"margin:-5px;--awb-bordersize:0px;\" class=\"fusion-gallery fusion-gallery-container fusion-grid-3 fusion-columns-total-0 fusion-gallery-layout-grid fusion-gallery-1\"><\/div><\/div><div class=\"fusion-clearfix\"><\/div><\/div><\/div><\/div><\/div><\/p>\n","protected":false},"excerpt":{"rendered":"","protected":false},"author":2,"featured_media":4526,"comment_status":"closed","ping_status":"open","sticky":false,"template":"","format":"standard","meta":{"_acf_changed":false,"footnotes":""},"categories":[83],"tags":[],"acf":[],"_links":{"self":[{"href":"https:\/\/wbs-luebeck.de\/wbs\/wp-json\/wp\/v2\/posts\/4525"}],"collection":[{"href":"https:\/\/wbs-luebeck.de\/wbs\/wp-json\/wp\/v2\/posts"}],"about":[{"href":"https:\/\/wbs-luebeck.de\/wbs\/wp-json\/wp\/v2\/types\/post"}],"author":[{"embeddable":true,"href":"https:\/\/wbs-luebeck.de\/wbs\/wp-json\/wp\/v2\/users\/2"}],"replies":[{"embeddable":true,"href":"https:\/\/wbs-luebeck.de\/wbs\/wp-json\/wp\/v2\/comments?post=4525"}],"version-history":[{"count":6,"href":"https:\/\/wbs-luebeck.de\/wbs\/wp-json\/wp\/v2\/posts\/4525\/revisions"}],"predecessor-version":[{"id":4546,"href":"https:\/\/wbs-luebeck.de\/wbs\/wp-json\/wp\/v2\/posts\/4525\/revisions\/4546"}],"wp:featuredmedia":[{"embeddable":true,"href":"https:\/\/wbs-luebeck.de\/wbs\/wp-json\/wp\/v2\/media\/4526"}],"wp:attachment":[{"href":"https:\/\/wbs-luebeck.de\/wbs\/wp-json\/wp\/v2\/media?parent=4525"}],"wp:term":[{"taxonomy":"category","embeddable":true,"href":"https:\/\/wbs-luebeck.de\/wbs\/wp-json\/wp\/v2\/categories?post=4525"},{"taxonomy":"post_tag","embeddable":true,"href":"https:\/\/wbs-luebeck.de\/wbs\/wp-json\/wp\/v2\/tags?post=4525"}],"curies":[{"name":"wp","href":"https:\/\/api.w.org\/{rel}","templated":true}]}}