{"id":4244,"date":"2020-08-09T12:03:24","date_gmt":"2020-08-09T12:03:24","guid":{"rendered":"http:\/\/wbs-luebeck.de\/wbs\/?p=4244"},"modified":"2020-08-16T12:40:08","modified_gmt":"2020-08-16T12:40:08","slug":"informationen-zum-neuen-schuljahr-aktualisiert-8-8-20","status":"publish","type":"post","link":"https:\/\/wbs-luebeck.de\/wbs\/informationen-zum-neuen-schuljahr-aktualisiert-8-8-20\/","title":{"rendered":"Informationen zum neuen Schuljahr (aktualisiert 8.8.20)"},"content":{"rendered":"<p><div class=\"fusion-fullwidth fullwidth-box fusion-builder-row-1 nonhundred-percent-fullwidth non-hundred-percent-height-scrolling\" style=\"--awb-border-radius-top-left:0px;--awb-border-radius-top-right:0px;--awb-border-radius-bottom-right:0px;--awb-border-radius-bottom-left:0px;--awb-padding-right:0px;--awb-padding-bottom:0px;--awb-padding-left:0px;--awb-margin-top:-90px;--awb-background-color:#ffffff;--awb-border-sizes-top:0px;--awb-border-sizes-bottom:0px;--awb-flex-wrap:wrap;\" ><div class=\"fusion-builder-row fusion-row\"><div class=\"fusion-layout-column fusion_builder_column fusion-builder-column-0 fusion_builder_column_1_1 1_1 fusion-one-full fusion-column-first fusion-column-last\" style=\"--awb-padding-top:40px;--awb-padding-right:4%;--awb-padding-bottom:20px;--awb-padding-left:4%;--awb-bg-color:rgba(255,255,255,0);--awb-bg-color-hover:rgba(255,255,255,0);--awb-bg-size:cover;--awb-box-shadow:0px -5px 15px 0px rgba(0,0,0,0.03);;--awb-border-color:#3bc863;--awb-border-style:solid;--awb-margin-top:0px;--awb-margin-bottom:0px;\"><div class=\"fusion-column-wrapper fusion-column-has-shadow fusion-flex-column-wrapper-legacy\"><div class=\"fusion-text fusion-text-1\"><p>&#8212;-Update: Hier finden Sie unser aktuelles <a href=\"http:\/\/wbs-luebeck.de\/wbs\/wp-content\/uploads\/2020\/08\/Hygiene-Rahmenkonzept-WBS-Stand-12.8.2020.pdf\">Rahmen- und Hygienekonzept<\/a><\/p>\n<p>&#8212;Update: Hier finden Sie den <span style=\"color: #ff0000;\"><a style=\"color: #ff0000;\" href=\"http:\/\/wbs-luebeck.de\/wbs\/wp-content\/uploads\/2020\/08\/2020_08_07-corona-reaktions-plan-schule-sh-1.pdf\">&#8222;Corona-Reaktionsplan Schule SH&#8220;<\/a><\/span><\/p>\n<p>&#8212;Update: Wenn Sie Ihr Kind vom Pr\u00e4senzunterricht befreien m\u00f6chten, lesen Sie bitte das <span style=\"color: #ff0000;\">Merkblatt <\/span>des Ministeriums, f\u00fcllen den <span style=\"color: #ff0000;\"><a style=\"color: #ff0000;\" href=\"http:\/\/wbs-luebeck.de\/wbs\/wp-content\/uploads\/2020\/08\/Antrag-Befreiung.pdf\">Antrag<\/a><\/span> aus und wenden sich direkt an Ihre Klassenleitung.<\/p>\n<p>&#8212; Update: Brief zum Schuljahresstart des Ministeriums in verschiedenen Sprachen: <span style=\"color: #ff0000;\"><a style=\"color: #ff0000;\" href=\"https:\/\/schleswig-holstein.de\/DE\/Fachinhalte\/S\/schulsystem\/Downloads\/Corona_Elternbrief_Schulbeginn_arabisch.pdf?__blob=publicationFile&amp;v=2\">Arabisch<\/a><\/span>, <span style=\"color: #ff0000;\"><a style=\"color: #ff0000;\" href=\"https:\/\/schleswig-holstein.de\/DE\/Fachinhalte\/S\/schulsystem\/Downloads\/Corona_Elternbrief_Schulbeginn_englisch.pdf?__blob=publicationFile&amp;v=2\">Englisch, <\/a><\/span><span style=\"color: #ff0000;\"><a style=\"color: #ff0000;\" href=\"https:\/\/schleswig-holstein.de\/DE\/Fachinhalte\/S\/schulsystem\/Downloads\/Corona_Elternbrief_Schulbeginn_russisch.pdf?__blob=publicationFile&amp;v=2\">Russisch<\/a><\/span><span style=\"color: #ff0000;\">, <\/span><span style=\"color: #ff0000;\"><a style=\"color: #ff0000;\" href=\"https:\/\/schleswig-holstein.de\/DE\/Fachinhalte\/S\/schulsystem\/Downloads\/Corona_Elternbrief_Schulbeginn_tuerkisch.pdf?__blob=publicationFile&amp;v=2\">T\u00fcrkisch<\/a><\/span><\/p>\n<p><em>&#8212;Update: 3. August 2020: \u00a0Bitte pr\u00fcfen Sie, ob Sie zum Zeitpunkt der Einreise nach Deutschland aus einem Risikogebiet gekommen sind oder kommen werden. <span style=\"color: #ff0000;\"><a style=\"color: #ff0000;\" href=\"https:\/\/schleswig-holstein.de\/DE\/Landesregierung\/VIII\/_startseite\/Artikel_2020\/_Informationen_Urlauber\/teaser_informationen_urlauber.html\">Hier geht es zu den Schreiben des Ministeriums in verschiedenen Sprachen (z.B. Arabisch, Englisch, T\u00fcrkisch, Serbisch usw. ) Bitte hier klicken!<\/a><\/span><\/em><\/p>\n<p>Liebe Schulgemeinde der WBS,<br \/>\nherzlich willkommen im Schuljahr 2020\/2021!<br \/>\nWie Sie der Presse eventuell schon entnommen haben, wurden seitens des Bildungsministeriums Elternschreiben vorbereitet, die wir Ihnen in der n\u00e4chsten Woche zusammen mit der aktualisierten WBS-Corona-Hausordnung per Post nach Hause senden werden. (<span style=\"color: #ff0000;\"><a style=\"color: #ff0000;\" href=\"http:\/\/wbs-luebeck.de\/wbs\/wp-content\/uploads\/2020\/08\/20-13719-Elternanschreiben-Coronaregeln_FINAL.pdf\">Anschreiben Eltern<\/a><\/span><span style=\"color: #ff0000;\">,<\/span> <span style=\"color: #ff0000;\"><a style=\"color: #ff0000;\" href=\"http:\/\/wbs-luebeck.de\/wbs\/wp-content\/uploads\/2020\/08\/20-13719-Belehrungsformular-Corona_FINAL.pdf\">Belehrungsschreiben Eltern<\/a><\/span>)<br \/>\nNehmen Sie zudem gerne die kostenlosen Corona-Testm\u00f6glichkeiten in L\u00fcbeck f\u00fcr Reiser\u00fcckkehrer in Anspruch. Die aktuell steigenden Infektionszahlen zeigen, dass wir nun gemeinsam die n\u00e4chste Zeit in der Schule mit Bedacht meistern m\u00fcssen.<\/p>\n<p>Unsere Lehrkr\u00e4fte befinden sich noch in den Ferien, ab der n\u00e4chsten Woche bereiten wir das neue Schuljahr unter den nun aktuell g\u00fcltigen Empfehlungen weiter vor. Die aktualisierte Hausordnung finden Sie dann ebenfalls hier.<br \/>\nIn der ersten Schulwoche erhalten Sie dann wie gewohnt unseren Schuljahres-Begr\u00fc\u00dfungsbrief, die Einladungen zu den Elternabenden und zus\u00e4tzlich noch eine Abfrage zu der h\u00e4uslichen digitalen Ausstattung.<br \/>\nBitte denken Sie daran, dass wir auch im neuen Schuljahr Mund-Nasen-Bedeckungen tragen. Ist es Ihnen oder Ihrem Kind aus medizinischen Gr\u00fcnden nicht m\u00f6glich, einen Mund-Nasen-Schutz zu tragen, stellen die gro\u00dffl\u00e4chigen Visiere eine Alternative dar.<br \/>\nWir aktualisieren diese Seite regelm\u00e4\u00dfig. Schauen Sie daher gerne immer wieder auf unsere Homepage. Bitte loggen Sie sich auch \u00fcber die E-Mailadresse Ihrer Kinder ein. Die Lehrkr\u00e4fte werden dar\u00fcber ebenfalls Kontakt zu Ihnen aufnehmen.<br \/>\nWir w\u00fcnschen Ihnen und Ihrer Familie einen guten Start ins das neue Schuljahr. Passen Sie alle gut auf sich auf.<br \/>\nIhre<br \/>\nAlexandra Hase-Rodriguez<\/p>\n<p><em>Ausblick (weitere Termine finden Sie im Schulplaner)<\/em><br \/>\n<em>1. Schultag Montag, 10. August 2020, Klasse 2: 2.-5. Stunde, Klasse 3 &amp;4: 2.-6. Stunde, Gemeinschaftsschule 1.-6. Stunde, Grundschule<\/em><br \/>\n<em>Einschulung:<\/em><br \/>\n<em>5. Klasse Dienstag, 11. August 2020, 14 Uhr<\/em><br \/>\n<em>1. Klasse Mittwoch, 12. August 2020, 1a: 9 Uhr Kirche, 10 Uhr Schule; 1b: 11 Uhr Kirche, 12 Uhr Schule<\/em><br \/>\n<em>Elternabende:<\/em><br \/>\n<em>5\/8\/9 Montag, 24. August 2020<\/em><br \/>\n<em>1\/3 Dienstag, 25. August 2020<\/em><br \/>\n<em>6\/7\/10 Montag, 31. August 2020<\/em><br \/>\n<em>2\/4 Dienstag, 1. September 2020<\/em><\/p>\n<p><em>Schulelternbeirat Montag, 14. September 2020<\/em><\/p>\n<p><em>Bewegliche Ferientage: 1.-3. Februar 2021<\/em><br \/>\n<em>SET \u2013 unterrichtsfrei: 14. September 2020, 26. April 2021<\/em><\/p>\n<\/div><div class=\"fusion-clearfix\"><\/div><\/div><\/div><\/div><\/div><div class=\"fusion-fullwidth fullwidth-box fusion-builder-row-2 nonhundred-percent-fullwidth non-hundred-percent-height-scrolling\" style=\"--awb-border-radius-top-left:0px;--awb-border-radius-top-right:0px;--awb-border-radius-bottom-right:0px;--awb-border-radius-bottom-left:0px;--awb-margin-bottom:30px;--awb-flex-wrap:wrap;\" ><div class=\"fusion-builder-row fusion-row\"><div class=\"fusion-layout-column fusion_builder_column fusion-builder-column-1 fusion_builder_column_1_1 1_1 fusion-one-full fusion-column-first fusion-column-last\" style=\"--awb-bg-size:cover;\"><div class=\"fusion-column-wrapper fusion-column-has-shadow fusion-flex-column-wrapper-legacy\"><div class=\"fusion-section-separator section-separator triangle fusion-section-separator-1\" style=\"--awb-border-top:0px solid #e0dede;--awb-spacer-height:0px;--awb-svg-margin-left:0;--awb-svg-margin-right:0;--awb-icon-color:#ffffff;\"><div class=\"fusion-section-separator-svg\"><div class=\"divider-candy-arrow top\" style=\"bottom:0px;border-bottom-color: #f5f5f1;\"><\/div><div class=\"divider-candy top\" style=\"top:-20px;border-bottom:1px solid #e0dede;border-left:1px solid #e0dede;\"><\/div><\/div><div class=\"fusion-section-separator-spacer\"><div class=\"fusion-section-separator-spacer-height\"><\/div><\/div><\/div><div class=\"fusion-clearfix\"><\/div><\/div><\/div><\/div><\/div><div class=\"fusion-fullwidth fullwidth-box fusion-builder-row-3 nonhundred-percent-fullwidth non-hundred-percent-height-scrolling\" style=\"--awb-border-radius-top-left:0px;--awb-border-radius-top-right:0px;--awb-border-radius-bottom-right:0px;--awb-border-radius-bottom-left:0px;--awb-flex-wrap:wrap;\" ><div class=\"fusion-builder-row fusion-row\"><div class=\"fusion-layout-column fusion_builder_column fusion-builder-column-2 fusion_builder_column_1_1 1_1 fusion-one-full fusion-column-first fusion-column-last\" style=\"--awb-bg-size:cover;\"><div class=\"fusion-column-wrapper fusion-column-has-shadow fusion-flex-column-wrapper-legacy\"><div class=\"awb-gallery-wrapper awb-gallery-wrapper-1 button-span-no\"><div style=\"margin:-5px;--awb-bordersize:0px;\" class=\"fusion-gallery fusion-gallery-container fusion-grid-3 fusion-columns-total-0 fusion-gallery-layout-grid fusion-gallery-1\"><\/div><\/div><div class=\"fusion-clearfix\"><\/div><\/div><\/div><\/div><\/div><\/p>\n","protected":false},"excerpt":{"rendered":"","protected":false},"author":2,"featured_media":4136,"comment_status":"closed","ping_status":"open","sticky":false,"template":"","format":"standard","meta":{"_acf_changed":false,"footnotes":""},"categories":[83],"tags":[],"acf":[],"_links":{"self":[{"href":"https:\/\/wbs-luebeck.de\/wbs\/wp-json\/wp\/v2\/posts\/4244"}],"collection":[{"href":"https:\/\/wbs-luebeck.de\/wbs\/wp-json\/wp\/v2\/posts"}],"about":[{"href":"https:\/\/wbs-luebeck.de\/wbs\/wp-json\/wp\/v2\/types\/post"}],"author":[{"embeddable":true,"href":"https:\/\/wbs-luebeck.de\/wbs\/wp-json\/wp\/v2\/users\/2"}],"replies":[{"embeddable":true,"href":"https:\/\/wbs-luebeck.de\/wbs\/wp-json\/wp\/v2\/comments?post=4244"}],"version-history":[{"count":3,"href":"https:\/\/wbs-luebeck.de\/wbs\/wp-json\/wp\/v2\/posts\/4244\/revisions"}],"predecessor-version":[{"id":4277,"href":"https:\/\/wbs-luebeck.de\/wbs\/wp-json\/wp\/v2\/posts\/4244\/revisions\/4277"}],"wp:featuredmedia":[{"embeddable":true,"href":"https:\/\/wbs-luebeck.de\/wbs\/wp-json\/wp\/v2\/media\/4136"}],"wp:attachment":[{"href":"https:\/\/wbs-luebeck.de\/wbs\/wp-json\/wp\/v2\/media?parent=4244"}],"wp:term":[{"taxonomy":"category","embeddable":true,"href":"https:\/\/wbs-luebeck.de\/wbs\/wp-json\/wp\/v2\/categories?post=4244"},{"taxonomy":"post_tag","embeddable":true,"href":"https:\/\/wbs-luebeck.de\/wbs\/wp-json\/wp\/v2\/tags?post=4244"}],"curies":[{"name":"wp","href":"https:\/\/api.w.org\/{rel}","templated":true}]}}