{"id":4194,"date":"2020-08-20T21:26:22","date_gmt":"2020-08-20T21:26:22","guid":{"rendered":"http:\/\/wbs-luebeck.de\/wbs\/?p=4194"},"modified":"2020-08-23T10:24:22","modified_gmt":"2020-08-23T10:24:22","slug":"maske-auf","status":"publish","type":"post","link":"https:\/\/wbs-luebeck.de\/wbs\/maske-auf\/","title":{"rendered":"&#8222;Mund-Nasen-Bedeckung\u201c (aktualisiert 24.8.20)"},"content":{"rendered":"<p><div class=\"fusion-fullwidth fullwidth-box fusion-builder-row-1 nonhundred-percent-fullwidth non-hundred-percent-height-scrolling\" style=\"--awb-border-radius-top-left:0px;--awb-border-radius-top-right:0px;--awb-border-radius-bottom-right:0px;--awb-border-radius-bottom-left:0px;--awb-padding-right:0px;--awb-padding-bottom:0px;--awb-padding-left:0px;--awb-margin-top:-90px;--awb-background-color:#ffffff;--awb-border-sizes-top:0px;--awb-border-sizes-bottom:0px;--awb-flex-wrap:wrap;\" ><div class=\"fusion-builder-row fusion-row\"><div class=\"fusion-layout-column fusion_builder_column fusion-builder-column-0 fusion_builder_column_1_1 1_1 fusion-one-full fusion-column-first fusion-column-last\" style=\"--awb-padding-top:40px;--awb-padding-right:4%;--awb-padding-bottom:20px;--awb-padding-left:4%;--awb-bg-color:rgba(255,255,255,0);--awb-bg-color-hover:rgba(255,255,255,0);--awb-bg-size:cover;--awb-box-shadow:0px -5px 15px 0px rgba(0,0,0,0.03);;--awb-border-color:#3bc863;--awb-border-style:solid;--awb-margin-top:0px;--awb-margin-bottom:0px;\"><div class=\"fusion-column-wrapper fusion-column-has-shadow fusion-flex-column-wrapper-legacy\"><div class=\"fusion-text fusion-text-1\"><p>Liebe Eltern,<\/p>\n<p>wir haben die ersten 14 Tage Schule gemeinsam gut gemeistert und sind froh, dass kein Infektionsgeschehen vorlag.<br \/>\nAb dem 24. August gilt nun die ver\u00e4nderte &#8222;Corona-Bek\u00e4mpfungsverordnung&#8220; <span style=\"color: #ff0000;\"><a style=\"color: #ff0000;\" href=\"https:\/\/schleswig-holstein.de\/DE\/Schwerpunkte\/Coronavirus\/Erlasse\/200810_LF_Corona-Bekaempfungsverordnung.html#docdaefbc61-a03c-40b4-ac84-8e14bb40e857bodyText12\">(hier klicken)<\/a><\/span><\/p>\n<p><em><strong>Es gilt in allen Schulen eine Pflicht zum Tragen einer Mund-Nasen-Bedeckung (MNB)<\/strong>.<\/em> Diese Pflicht gilt auf den Laufwegen, in den Gemeinschaftsr\u00e4umen und in der Pause.<br \/>\n<strong>Ausgenommen von der Pflicht<\/strong> zum Tragen einer Mund-Nasen-Bedeckung sind:<\/p>\n<ul>\n<li>Sch\u00fclerinnen und Sch\u00fcler innerhalb des Unterrichtsraumes, wenn keine anderen Personen mit Ausnahme von Sch\u00fcler:innen derselben Kohorte und von an der Schule t\u00e4tigen Personen anwesend sind;<\/li>\n<li>Sch\u00fcler:innen in den ihrer Kohorte zugewiesenen Bereichen des Schulhofs oder der Mensa, wenn ein Mindestabstand von 1,5 Meter zu Personen au\u00dferhalb der eigenen Kohorte eingehalten wird;<\/li>\n<li>Sch\u00fcler:innen beim Sportunterricht;<\/li>\n<li>an Schulen t\u00e4tige Personen, soweit sie ihren konkreten T\u00e4tigkeitsort erreicht haben und die Einhaltung eines Mindestabstandes von 1,5 Metern zu anderen Personen sichergestellt ist.<\/li>\n<\/ul>\n<p><em><strong>Schulweg<\/strong><\/em><br \/>\nAuf Schulwegen zwischen Bus- oder Bahnhaltestellen und der Schule haben Sch\u00fcler:innen eine MNB zu tragen. Die Pflicht zum Tragen einer MNB gilt nicht, soweit zu Sch\u00fcler:innen au\u00dferhalb der eigenen Kohorte und des eigenen Haushalts ein Mindestabstand von 1,5 Metern eingehalten wird.<\/p>\n<p><strong>Au\u00dferschulische Lernorte (&#8222;Ausfl\u00fcge&#8220;):<\/strong><br \/>\nBei schulischen Veranstaltungen au\u00dferhalb des Schulgel\u00e4ndes haben Sch\u00fcler:innen sowie die sie begleitenden Personen eine MNB zu tragen,soweit sie nicht Sport aus\u00fcben oder einen Mindestabstand von 1,5 Metern zu Personen au\u00dferhalb der eigenen aus den Sch\u00fcler:innen bestehenden Kohorte einhalten. Die Pflicht zum Tragen einer MNB gilt auch f\u00fcr Sch\u00fcler:innen vor Vollendung des sechsten Lebensjahres.<\/p>\n<p>Wir m\u00f6chten abschlie\u00dfend noch darauf hinweisen, dass sich grunds\u00e4tzlich im Sekretariat oder bei einer Lehrkraft angemeldet wird, sofern kein konkret vereinbarter Termin vorliegt.<\/p>\n<\/div><div class=\"fusion-clearfix\"><\/div><\/div><\/div><\/div><\/div><div class=\"fusion-fullwidth fullwidth-box fusion-builder-row-2 nonhundred-percent-fullwidth non-hundred-percent-height-scrolling\" style=\"--awb-border-radius-top-left:0px;--awb-border-radius-top-right:0px;--awb-border-radius-bottom-right:0px;--awb-border-radius-bottom-left:0px;--awb-margin-bottom:30px;--awb-flex-wrap:wrap;\" ><div class=\"fusion-builder-row fusion-row\"><div class=\"fusion-layout-column fusion_builder_column fusion-builder-column-1 fusion_builder_column_1_1 1_1 fusion-one-full fusion-column-first fusion-column-last\" style=\"--awb-bg-size:cover;\"><div class=\"fusion-column-wrapper fusion-column-has-shadow fusion-flex-column-wrapper-legacy\"><div class=\"fusion-section-separator section-separator triangle fusion-section-separator-1\" style=\"--awb-border-top:0px solid #e0dede;--awb-spacer-height:0px;--awb-svg-margin-left:0;--awb-svg-margin-right:0;--awb-icon-color:#ffffff;\"><div class=\"fusion-section-separator-svg\"><div class=\"divider-candy-arrow top\" style=\"bottom:0px;border-bottom-color: #f5f5f1;\"><\/div><div class=\"divider-candy top\" style=\"top:-20px;border-bottom:1px solid #e0dede;border-left:1px solid #e0dede;\"><\/div><\/div><div class=\"fusion-section-separator-spacer\"><div class=\"fusion-section-separator-spacer-height\"><\/div><\/div><\/div><div class=\"fusion-clearfix\"><\/div><\/div><\/div><\/div><\/div><div class=\"fusion-fullwidth fullwidth-box fusion-builder-row-3 nonhundred-percent-fullwidth non-hundred-percent-height-scrolling\" style=\"--awb-border-radius-top-left:0px;--awb-border-radius-top-right:0px;--awb-border-radius-bottom-right:0px;--awb-border-radius-bottom-left:0px;--awb-flex-wrap:wrap;\" ><div class=\"fusion-builder-row fusion-row\"><div class=\"fusion-layout-column fusion_builder_column fusion-builder-column-2 fusion_builder_column_1_1 1_1 fusion-one-full fusion-column-first fusion-column-last\" style=\"--awb-bg-size:cover;\"><div class=\"fusion-column-wrapper fusion-column-has-shadow fusion-flex-column-wrapper-legacy\"><div class=\"awb-gallery-wrapper awb-gallery-wrapper-1 button-span-no\"><div style=\"margin:-5px;--awb-bordersize:0px;\" class=\"fusion-gallery fusion-gallery-container fusion-grid-3 fusion-columns-total-0 fusion-gallery-layout-grid fusion-gallery-1\"><\/div><\/div><div class=\"fusion-clearfix\"><\/div><\/div><\/div><\/div><\/div><\/p>\n","protected":false},"excerpt":{"rendered":"","protected":false},"author":2,"featured_media":4241,"comment_status":"closed","ping_status":"open","sticky":false,"template":"","format":"standard","meta":{"_acf_changed":false,"footnotes":""},"categories":[83],"tags":[],"acf":[],"_links":{"self":[{"href":"https:\/\/wbs-luebeck.de\/wbs\/wp-json\/wp\/v2\/posts\/4194"}],"collection":[{"href":"https:\/\/wbs-luebeck.de\/wbs\/wp-json\/wp\/v2\/posts"}],"about":[{"href":"https:\/\/wbs-luebeck.de\/wbs\/wp-json\/wp\/v2\/types\/post"}],"author":[{"embeddable":true,"href":"https:\/\/wbs-luebeck.de\/wbs\/wp-json\/wp\/v2\/users\/2"}],"replies":[{"embeddable":true,"href":"https:\/\/wbs-luebeck.de\/wbs\/wp-json\/wp\/v2\/comments?post=4194"}],"version-history":[{"count":11,"href":"https:\/\/wbs-luebeck.de\/wbs\/wp-json\/wp\/v2\/posts\/4194\/revisions"}],"predecessor-version":[{"id":4289,"href":"https:\/\/wbs-luebeck.de\/wbs\/wp-json\/wp\/v2\/posts\/4194\/revisions\/4289"}],"wp:featuredmedia":[{"embeddable":true,"href":"https:\/\/wbs-luebeck.de\/wbs\/wp-json\/wp\/v2\/media\/4241"}],"wp:attachment":[{"href":"https:\/\/wbs-luebeck.de\/wbs\/wp-json\/wp\/v2\/media?parent=4194"}],"wp:term":[{"taxonomy":"category","embeddable":true,"href":"https:\/\/wbs-luebeck.de\/wbs\/wp-json\/wp\/v2\/categories?post=4194"},{"taxonomy":"post_tag","embeddable":true,"href":"https:\/\/wbs-luebeck.de\/wbs\/wp-json\/wp\/v2\/tags?post=4194"}],"curies":[{"name":"wp","href":"https:\/\/api.w.org\/{rel}","templated":true}]}}