{"id":4032,"date":"2020-06-03T20:11:48","date_gmt":"2020-06-03T20:11:48","guid":{"rendered":"http:\/\/wbs-luebeck.de\/wbs\/?p=4032"},"modified":"2020-06-03T21:26:10","modified_gmt":"2020-06-03T21:26:10","slug":"wiederaufnahme-des-schulbetriebs-fuer-die-grundschulen-ab-dem-8-juni-2020","status":"publish","type":"post","link":"https:\/\/wbs-luebeck.de\/wbs\/wiederaufnahme-des-schulbetriebs-fuer-die-grundschulen-ab-dem-8-juni-2020\/","title":{"rendered":"Wiederaufnahme des Schulbetriebs f\u00fcr die Grundschulen ab dem 8. Juni 2020"},"content":{"rendered":"<p><em>&#8212;&#8211;Update: <span style=\"color: #ff0000;\"><a style=\"color: #ff0000;\" href=\"http:\/\/wbs-luebeck.de\/wbs\/wp-content\/uploads\/2020\/06\/Treffpunkt-Klassen-Grundschule-ab-dem-8.6.2020.pdf\">Den Treffpunkt-Plan Ihrer Klasse finden Sie hier<\/a><\/span>. Bitte schicken Sie Ihr Kind nicht vor 7:50 Uhr auf das Schulgel\u00e4nde.<\/em><\/p>\n<p>Sehr geehrte Grundschuleltern,<\/p>\n<p>die Landesregierung hat am 27. Mai 2020 beschlossen, dass ab dem 8. Juni 2020 die Wiederaufnahme einer t\u00e4glichen Beschulung im Klassenverband an Grundschulen wieder m\u00f6glich ist.<br \/>\nIn der Handreichung \u201eInfektionsschutz und Hygienema\u00dfnahmen bei der Wiederaufnahme des Schulbetriebs an den Grundschulen unter dem Aspekt des Schutzes vor Anstecktung durch das SARS-CoV-2 \u2013 Stand: 29.05.2020)\u201c werden folgende Aspekte<br \/>\ngeregelt:<\/p>\n<ul>\n<li>Abstandsregeln, die \u00fcber die Vermeidung von K\u00f6rperkontakten hinausgehen (1,50m Abstandsregel), sind nicht mehr geboten.<\/li>\n<li>Zwischen einzelnen Klassen soll es keine Begegnungen geben.<\/li>\n<li>Es findet eine regelm\u00e4\u00dfige H\u00e4ndehygiene statt.<\/li>\n<li>Konzentration auf die Kernf\u00e4cher Deutsch, Mathematik, Sachunterricht.<\/li>\n<li>Zuweisung von Pausenbereichen.<\/li>\n<li>Tragen von Mund-Nasen-Bedeckungen au\u00dferhalb des Klassenraums.<\/li>\n<li>Kinder mit respiratorischen Symptomen (Atemwegserkrankungen) d\u00fcrfen am schulischen Pr\u00e4senzbetrieb nicht teilnehmen. Die Teilnahme ist erst dann wieder m\u00f6glich, wenn mindestens 48 Stunden Symptomfreiheit besteht, und dieses schriftlich von den Erziehungsberechtigten best\u00e4tigt wird. Die Schulleitung kann bei Zweifeln am Gesundheitszustand des Kindes die Beschulung ablehnen. Kinder, die w\u00e4hrend der Unterrichtszeit Symptome zeigen, sind umgehend von der Gruppe zu trennen und von den Eltern abzuholen. Das Gesundheitsamt ist zu informieren<\/li>\n<li><strong>Eltern versichern schriftlich den Gesundheitszustand <span style=\"color: #ff0000;\"><a style=\"color: #ff0000;\" href=\"http:\/\/wbs-luebeck.de\/wbs\/wp-content\/uploads\/2020\/06\/Versicherung_Eltern_Gesundheit_Grundschule-Schulamt.docx\">(siehe Anlage)<\/a><\/span> des Kindes und der Familienangeh\u00f6rigen. Liegt diese Versicherung am 8. Juni 2020 nicht vor, muss das Kind vom Unterricht ausgeschlossen werden.<\/strong><\/li>\n<li>Die Jahrg\u00e4nge 1 &amp; 2 kommen von 8:00 bis 12:15 Uhr, die Jahrg\u00e4nge 3 &amp;4 von 8:00-13:20<\/li>\n<\/ul>\n<p>Bitte unterst\u00fctzen Sie uns, indem Sie mit Ihrem Kind die Ma\u00dfnahmen besprechen. Bitte ber\u00fccksichtigen Sie bei Ihren Planungen, dass die \u201eVerl\u00e4sslichkeit\u201c noch nicht umf\u00e4nglich wieder greift. Erkrankt eine Lehrkraft, m\u00fcssen wir Klassen ggf auch zu Hause lassen. Wir informieren Sie \u00fcber den Planer Ihres Kindes. Wir befinden uns in der gl\u00fccklichen Lage, dass wir auf viele Gemeinschaftsschullehrkr\u00e4fte zur\u00fcckgreifen k\u00f6nnen. Wir hoffen daher, dass wir so viel Unterricht erteilen k\u00f6nnen.<\/p>\n<p>Passen Sie alle gut auf sich auf!<\/p>\n<p>Freundliche Gr\u00fc\u00dfe<\/p>\n<p>Alexandra Hase-Rodriguez<\/p>\n","protected":false},"excerpt":{"rendered":"<p>&#8212;&#8211;Update: Den Treffpunkt-Plan Ihrer Klasse finden Sie hier. Bitte schicken Sie Ihr Kind nicht vor [&hellip;]<\/p>\n","protected":false},"author":2,"featured_media":4036,"comment_status":"closed","ping_status":"open","sticky":false,"template":"","format":"standard","meta":{"_acf_changed":false,"footnotes":""},"categories":[83],"tags":[],"acf":[],"_links":{"self":[{"href":"https:\/\/wbs-luebeck.de\/wbs\/wp-json\/wp\/v2\/posts\/4032"}],"collection":[{"href":"https:\/\/wbs-luebeck.de\/wbs\/wp-json\/wp\/v2\/posts"}],"about":[{"href":"https:\/\/wbs-luebeck.de\/wbs\/wp-json\/wp\/v2\/types\/post"}],"author":[{"embeddable":true,"href":"https:\/\/wbs-luebeck.de\/wbs\/wp-json\/wp\/v2\/users\/2"}],"replies":[{"embeddable":true,"href":"https:\/\/wbs-luebeck.de\/wbs\/wp-json\/wp\/v2\/comments?post=4032"}],"version-history":[{"count":5,"href":"https:\/\/wbs-luebeck.de\/wbs\/wp-json\/wp\/v2\/posts\/4032\/revisions"}],"predecessor-version":[{"id":4049,"href":"https:\/\/wbs-luebeck.de\/wbs\/wp-json\/wp\/v2\/posts\/4032\/revisions\/4049"}],"wp:featuredmedia":[{"embeddable":true,"href":"https:\/\/wbs-luebeck.de\/wbs\/wp-json\/wp\/v2\/media\/4036"}],"wp:attachment":[{"href":"https:\/\/wbs-luebeck.de\/wbs\/wp-json\/wp\/v2\/media?parent=4032"}],"wp:term":[{"taxonomy":"category","embeddable":true,"href":"https:\/\/wbs-luebeck.de\/wbs\/wp-json\/wp\/v2\/categories?post=4032"},{"taxonomy":"post_tag","embeddable":true,"href":"https:\/\/wbs-luebeck.de\/wbs\/wp-json\/wp\/v2\/tags?post=4032"}],"curies":[{"name":"wp","href":"https:\/\/api.w.org\/{rel}","templated":true}]}}