{"id":4025,"date":"2020-06-03T19:42:25","date_gmt":"2020-06-03T19:42:25","guid":{"rendered":"http:\/\/wbs-luebeck.de\/wbs\/?p=4025"},"modified":"2020-06-17T10:48:14","modified_gmt":"2020-06-17T10:48:14","slug":"schulkindbetreuung-ab-dem-8-juni-2020","status":"publish","type":"post","link":"https:\/\/wbs-luebeck.de\/wbs\/schulkindbetreuung-ab-dem-8-juni-2020\/","title":{"rendered":"Schulkindbetreuung ab dem 8. Juni 2020 &#038; Ferienbetreuung (aktualisiert 16. Juni 2020)"},"content":{"rendered":"<p><div class=\"fusion-fullwidth fullwidth-box fusion-builder-row-1 nonhundred-percent-fullwidth non-hundred-percent-height-scrolling\" style=\"--awb-border-radius-top-left:0px;--awb-border-radius-top-right:0px;--awb-border-radius-bottom-right:0px;--awb-border-radius-bottom-left:0px;--awb-padding-right:0px;--awb-padding-bottom:0px;--awb-padding-left:0px;--awb-margin-top:-90px;--awb-background-color:#ffffff;--awb-border-sizes-top:0px;--awb-border-sizes-bottom:0px;--awb-flex-wrap:wrap;\" ><div class=\"fusion-builder-row fusion-row\"><div class=\"fusion-layout-column fusion_builder_column fusion-builder-column-0 fusion_builder_column_1_1 1_1 fusion-one-full fusion-column-first fusion-column-last\" style=\"--awb-padding-top:40px;--awb-padding-right:4%;--awb-padding-bottom:20px;--awb-padding-left:4%;--awb-bg-color:rgba(255,255,255,0);--awb-bg-color-hover:rgba(255,255,255,0);--awb-bg-size:cover;--awb-box-shadow:0px -5px 15px 0px rgba(0,0,0,0.03);;--awb-border-color:#3bc863;--awb-border-style:solid;--awb-margin-top:0px;--awb-margin-bottom:0px;\"><div class=\"fusion-column-wrapper fusion-column-has-shadow fusion-flex-column-wrapper-legacy\"><div class=\"fusion-text fusion-text-1\"><p><em>Update 11. Juni 2020<\/em><br \/>\n<em>Alles rund um die Ferienbetreuung und die Kosten\u00fcbernahme der Betreuung ab Juni 2020 der Schulkindbetreuung ist nun auch gekl\u00e4rt. Bitte lesen Sie sich hierzu den <a href=\"http:\/\/wbs-luebeck.de\/wbs\/wp-content\/uploads\/2020\/06\/Sommerferien-2020-a.pdf\"><span style=\"color: #ff0000;\">Brief<\/span><\/a> von Frau Mikos durch und \u00a0f\u00fcllen bei Bedarf das <span style=\"color: #ff0000;\"><a style=\"color: #ff0000;\" href=\"http:\/\/wbs-luebeck.de\/wbs\/wp-content\/uploads\/2020\/06\/Sommerferien-2020-b.pdf\">Formular<\/a><\/span> aus. Informationen zu den Geb\u00fchren finden Sie <a href=\"http:\/\/wbs-luebeck.de\/wbs\/wp-content\/uploads\/2020\/06\/Info-Geb\u00fchren-pdf.pdf\"><span style=\"color: #ff0000;\">hier.\u00a0<\/span><\/a><\/em>\u00a0\u00a0 Wenn Sie die Ferienbetreuung nutzen, muss am ersten Tag diese <a href=\"http:\/\/wbs-luebeck.de\/wbs\/wp-content\/uploads\/2020\/06\/Versicherung_Eltern_Gesundheit_Ferienbetreuung-1.pdf\"><span style=\"color: #ff0000;\">Gesundheitserkl\u00e4rung<\/span><\/a> erneut vorliegen.<\/p>\n<hr \/>\n<hr \/>\n<p><em>Vielen Dank!<\/em><\/p>\n<p>Liebe Grundschuleltern,<br \/>\nheute (3.6.2020) wurden mit den Tr\u00e4gern der Schulkindbetreuung die neuen Vorgaben f\u00fcr die Nachmittagsbetreuung ab dem 8.6.2020 besprochen.<\/p>\n<ul>\n<li>Gruppen d\u00fcrfen mit maximal 15 Kindern starten<\/li>\n<li>Es d\u00fcrfen keine jahrgangs\u00fcbergreifenden Gruppen eingerichtet werden<\/li>\n<li>Es werden Kriterien f\u00fcr die Vergabe der Pl\u00e4tze vom Tr\u00e4ger in Absprache mit der Schule festgelegt.<\/li>\n<li>Wie hoch die Kosten f\u00fcr die Eltern sein werden, wenn sie die Schulkindbetreuung nutzen, steht noch nicht fest.<\/li>\n<li>Die Notbetreuung f\u00fcr Kinder, deren Eltern ins systemrelevanten Berufen arbeiten, f\u00e4llt weg.<\/li>\n<li>Wie die Betreuung in den Sommerferien aussieht, steht ebenfalls noch nicht fest.<\/li>\n<\/ul>\n<p>Konkret f\u00fcr unsere Schule \/ unseren Tr\u00e4ger \u00a0hei\u00dft es nun:<\/p>\n<ul>\n<li>Es wird eine Gruppe pro Jahrgang angeboten (4 Gruppen x 15 Kinder = 60 Kinder)<\/li>\n<li>Es kann die Betreuung nur im Rahmen des gebuchten Vertrags genutzt werden.<\/li>\n<li>Die Betreuungszeit beginnt fr\u00fchestens um 12 Uhr und endet um 15 Uhr. Es gibt leider kein Mittagessen.<\/li>\n<li>Gehen mehr Anmeldungen als Pl\u00e4tze ein, werden die Pl\u00e4tze pro Jahrgangsgruppe absteigend nach folgenden Kriterien vergeben:<br \/>\n1. Berufst\u00e4tig und alleinerziehend 2. Beide Elternteile berufst\u00e4tig 3. H\u00e4rtef\u00e4lle (10 Prozent der Pl\u00e4tze)<\/li>\n<li>Der Bedarf muss schriftlich <span style=\"color: #ff0000;\"><a style=\"color: #ff0000;\" href=\"http:\/\/wbs-luebeck.de\/wbs\/wp-content\/uploads\/2020\/06\/Bedarfsmeldung.pdf\">mit dem anliegenden Formular &#8222;Bedarfsmeldung&#8220;<\/a><\/span> angemeldet werden. Die Arbeitgeberbescheinigungen m\u00fcssen sp\u00e4testens bis zum 11. Juni 2020 nachgereicht werden.<\/li>\n<li>Es gelten die gleichen Infektionsschutzma\u00dfnahmen wie am Vormittag in der Schule.<\/li>\n<\/ul>\n<p>Bitte pr\u00fcfen Sie f\u00fcr Ihre Familie sorgf\u00e4ltig, ob Sie eine Betreuung in Anspruch nehmen m\u00fcssen. Wenn ja, melden Sie sich bitte unverz\u00fcglich bei Frau Mikos und senden ihr den Anmeldebogen &#8222;Bedarfsmeldung&#8220; zu. Ihr Kind kann erst dann in der Betreuung aufgenommen werden, wenn Ihnen Frau Mikos den Platz best\u00e4tigt hat.<\/p>\n<\/div><div class=\"fusion-clearfix\"><\/div><\/div><\/div><\/div><\/div><div class=\"fusion-fullwidth fullwidth-box fusion-builder-row-2 nonhundred-percent-fullwidth non-hundred-percent-height-scrolling\" style=\"--awb-border-radius-top-left:0px;--awb-border-radius-top-right:0px;--awb-border-radius-bottom-right:0px;--awb-border-radius-bottom-left:0px;--awb-margin-bottom:30px;--awb-flex-wrap:wrap;\" ><div class=\"fusion-builder-row fusion-row\"><div class=\"fusion-layout-column fusion_builder_column fusion-builder-column-1 fusion_builder_column_1_1 1_1 fusion-one-full fusion-column-first fusion-column-last\" style=\"--awb-bg-size:cover;\"><div class=\"fusion-column-wrapper fusion-column-has-shadow fusion-flex-column-wrapper-legacy\"><div class=\"fusion-section-separator section-separator triangle fusion-section-separator-1\" style=\"--awb-border-top:0px solid #e0dede;--awb-spacer-height:0px;--awb-svg-margin-left:0;--awb-svg-margin-right:0;--awb-icon-color:#ffffff;\"><div class=\"fusion-section-separator-svg\"><div class=\"divider-candy-arrow top\" style=\"bottom:0px;border-bottom-color: #f5f5f1;\"><\/div><div class=\"divider-candy top\" style=\"top:-20px;border-bottom:1px solid #e0dede;border-left:1px solid #e0dede;\"><\/div><\/div><div class=\"fusion-section-separator-spacer\"><div class=\"fusion-section-separator-spacer-height\"><\/div><\/div><\/div><div class=\"fusion-clearfix\"><\/div><\/div><\/div><\/div><\/div><div class=\"fusion-fullwidth fullwidth-box fusion-builder-row-3 nonhundred-percent-fullwidth non-hundred-percent-height-scrolling\" style=\"--awb-border-radius-top-left:0px;--awb-border-radius-top-right:0px;--awb-border-radius-bottom-right:0px;--awb-border-radius-bottom-left:0px;--awb-flex-wrap:wrap;\" ><div class=\"fusion-builder-row fusion-row\"><div class=\"fusion-layout-column fusion_builder_column fusion-builder-column-2 fusion_builder_column_1_1 1_1 fusion-one-full fusion-column-first fusion-column-last\" style=\"--awb-bg-size:cover;\"><div class=\"fusion-column-wrapper fusion-column-has-shadow fusion-flex-column-wrapper-legacy\"><div class=\"awb-gallery-wrapper awb-gallery-wrapper-1 button-span-no\"><div style=\"margin:-5px;--awb-bordersize:0px;\" class=\"fusion-gallery fusion-gallery-container fusion-grid-3 fusion-columns-total-0 fusion-gallery-layout-grid fusion-gallery-1\"><\/div><\/div><div class=\"fusion-clearfix\"><\/div><\/div><\/div><\/div><\/div><\/p>\n","protected":false},"excerpt":{"rendered":"","protected":false},"author":2,"featured_media":3659,"comment_status":"closed","ping_status":"closed","sticky":false,"template":"","format":"standard","meta":{"_acf_changed":false,"footnotes":""},"categories":[83],"tags":[],"acf":[],"_links":{"self":[{"href":"https:\/\/wbs-luebeck.de\/wbs\/wp-json\/wp\/v2\/posts\/4025"}],"collection":[{"href":"https:\/\/wbs-luebeck.de\/wbs\/wp-json\/wp\/v2\/posts"}],"about":[{"href":"https:\/\/wbs-luebeck.de\/wbs\/wp-json\/wp\/v2\/types\/post"}],"author":[{"embeddable":true,"href":"https:\/\/wbs-luebeck.de\/wbs\/wp-json\/wp\/v2\/users\/2"}],"replies":[{"embeddable":true,"href":"https:\/\/wbs-luebeck.de\/wbs\/wp-json\/wp\/v2\/comments?post=4025"}],"version-history":[{"count":11,"href":"https:\/\/wbs-luebeck.de\/wbs\/wp-json\/wp\/v2\/posts\/4025\/revisions"}],"predecessor-version":[{"id":4099,"href":"https:\/\/wbs-luebeck.de\/wbs\/wp-json\/wp\/v2\/posts\/4025\/revisions\/4099"}],"wp:featuredmedia":[{"embeddable":true,"href":"https:\/\/wbs-luebeck.de\/wbs\/wp-json\/wp\/v2\/media\/3659"}],"wp:attachment":[{"href":"https:\/\/wbs-luebeck.de\/wbs\/wp-json\/wp\/v2\/media?parent=4025"}],"wp:term":[{"taxonomy":"category","embeddable":true,"href":"https:\/\/wbs-luebeck.de\/wbs\/wp-json\/wp\/v2\/categories?post=4025"},{"taxonomy":"post_tag","embeddable":true,"href":"https:\/\/wbs-luebeck.de\/wbs\/wp-json\/wp\/v2\/tags?post=4025"}],"curies":[{"name":"wp","href":"https:\/\/api.w.org\/{rel}","templated":true}]}}