{"id":4003,"date":"2020-06-01T19:12:35","date_gmt":"2020-06-01T19:12:35","guid":{"rendered":"http:\/\/wbs-luebeck.de\/wbs\/?p=4003"},"modified":"2020-06-03T21:20:44","modified_gmt":"2020-06-03T21:20:44","slug":"abschlussfeiern-rauschmiss","status":"publish","type":"post","link":"https:\/\/wbs-luebeck.de\/wbs\/abschlussfeiern-rauschmiss\/","title":{"rendered":"Abschlussfeiern &#038; Rausschmiss (aktualisiert 3. Juni 2020)"},"content":{"rendered":"<p><div class=\"fusion-fullwidth fullwidth-box fusion-builder-row-1 nonhundred-percent-fullwidth non-hundred-percent-height-scrolling\" style=\"--awb-border-radius-top-left:0px;--awb-border-radius-top-right:0px;--awb-border-radius-bottom-right:0px;--awb-border-radius-bottom-left:0px;--awb-padding-right:0px;--awb-padding-bottom:0px;--awb-padding-left:0px;--awb-margin-top:-90px;--awb-background-color:#ffffff;--awb-border-sizes-top:0px;--awb-border-sizes-bottom:0px;--awb-flex-wrap:wrap;\" ><div class=\"fusion-builder-row fusion-row\"><div class=\"fusion-layout-column fusion_builder_column fusion-builder-column-0 fusion_builder_column_1_1 1_1 fusion-one-full fusion-column-first fusion-column-last\" style=\"--awb-padding-top:40px;--awb-padding-right:4%;--awb-padding-bottom:20px;--awb-padding-left:4%;--awb-bg-color:rgba(255,255,255,0);--awb-bg-color-hover:rgba(255,255,255,0);--awb-bg-size:cover;--awb-box-shadow:0px -5px 15px 0px rgba(0,0,0,0.03);;--awb-border-color:#3bc863;--awb-border-style:solid;--awb-margin-top:0px;--awb-margin-bottom:0px;\"><div class=\"fusion-column-wrapper fusion-column-has-shadow fusion-flex-column-wrapper-legacy\"><div class=\"fusion-text fusion-text-1\"><p><em>&#8212;-Update 3.6.2020: Der neue Erlass zu den Feierlichkeiten ist heute bei uns eingetroffen. Es k\u00f6nnen pro Kind zwei Elternteile (Ausnahme: 9. Kl\u00e4sser:innen, die an der WBS verbleiben. Die kommen bitte alleine) mitgebracht werden. Bitte erg\u00e4nzen sie das Anmeldeformular oder <span style=\"color: #ff0000;\"><a style=\"color: #ff0000;\" href=\"http:\/\/wbs-luebeck.de\/wbs\/wp-content\/uploads\/2020\/06\/Anmeldung-Feierlichkeiten.docx\">verwenden dieses hier.\u00a0<\/a><\/span><\/em><\/p>\n<p><em><span style=\"color: #ff0000;\"><a style=\"color: #ff0000;\" href=\"http:\/\/wbs-luebeck.de\/wbs\/wp-content\/uploads\/2020\/06\/2020-06-02_Datenschutzhinweise_Kontaktverfolgung_Schule_IIIDSB.pdf\"><span style=\"color: #ff0000;\">(<\/span>Datenschutzhinweise finden Sie hier)<\/a><\/span><\/em><\/p>\n<p>Liebe 4. Kl\u00e4ssler:innen,<br \/>\nliebe 9. Kl\u00e4sser:innen,<br \/>\nliebe 10. Kl\u00e4ssler:innen,<br \/>\nliebe Eltern!<br \/>\nDie letzte Woche vor den Sommerferien feiern wir. Anders, aber genauso fr\u00f6hlich. Nur das Wetter muss mitspielen!<br \/>\n10a: Montag, 22. Juni 13:00 Uhr<br \/>\n10b: Dienstag, 23. Juni 13:00 Uhr<br \/>\n9a: Mittwoch, 24. Juni 13:00 Uhr<br \/>\n9b: Donnerstag, 25. Juni 13:00 Uhr<br \/>\n4b: Freitag, 26. Juni 12:00 Uhr<br \/>\n4c: Freitag, 26. Juni 13:30 Uhr<br \/>\nF\u00fcr alle Veranstaltungen gilt das aktuelle Hygiene-Konzept. Bitte unter haseorodrigueza@luebeckschule melden, wenn noch besondere Aktivit\u00e4ten geplant sind.<br \/>\nWir freuen uns auf eine ordentliche &#8222;Corona-Feier&#8220;!<\/p>\n<p><a href=\"https:\/\/pixabay.com\/de\/photos\/luftballons-farben-feier-geburtstag-1869790\/\">Foto: Pixabay<\/a><\/p>\n<\/div><div class=\"fusion-clearfix\"><\/div><\/div><\/div><\/div><\/div><div class=\"fusion-fullwidth fullwidth-box fusion-builder-row-2 nonhundred-percent-fullwidth non-hundred-percent-height-scrolling\" style=\"--awb-border-radius-top-left:0px;--awb-border-radius-top-right:0px;--awb-border-radius-bottom-right:0px;--awb-border-radius-bottom-left:0px;--awb-margin-bottom:30px;--awb-flex-wrap:wrap;\" ><div class=\"fusion-builder-row fusion-row\"><div class=\"fusion-layout-column fusion_builder_column fusion-builder-column-1 fusion_builder_column_1_1 1_1 fusion-one-full fusion-column-first fusion-column-last\" style=\"--awb-bg-size:cover;\"><div class=\"fusion-column-wrapper fusion-column-has-shadow fusion-flex-column-wrapper-legacy\"><div class=\"fusion-section-separator section-separator triangle fusion-section-separator-1\" style=\"--awb-border-top:0px solid #e0dede;--awb-spacer-height:0px;--awb-svg-margin-left:0;--awb-svg-margin-right:0;--awb-icon-color:#ffffff;\"><div class=\"fusion-section-separator-svg\"><div class=\"divider-candy-arrow top\" style=\"bottom:0px;border-bottom-color: #f5f5f1;\"><\/div><div class=\"divider-candy top\" style=\"top:-20px;border-bottom:1px solid #e0dede;border-left:1px solid #e0dede;\"><\/div><\/div><div class=\"fusion-section-separator-spacer\"><div class=\"fusion-section-separator-spacer-height\"><\/div><\/div><\/div><div class=\"fusion-clearfix\"><\/div><\/div><\/div><\/div><\/div><div class=\"fusion-fullwidth fullwidth-box fusion-builder-row-3 nonhundred-percent-fullwidth non-hundred-percent-height-scrolling\" style=\"--awb-border-radius-top-left:0px;--awb-border-radius-top-right:0px;--awb-border-radius-bottom-right:0px;--awb-border-radius-bottom-left:0px;--awb-flex-wrap:wrap;\" ><div class=\"fusion-builder-row fusion-row\"><div class=\"fusion-layout-column fusion_builder_column fusion-builder-column-2 fusion_builder_column_1_1 1_1 fusion-one-full fusion-column-first fusion-column-last\" style=\"--awb-bg-size:cover;\"><div class=\"fusion-column-wrapper fusion-column-has-shadow fusion-flex-column-wrapper-legacy\"><div class=\"awb-gallery-wrapper awb-gallery-wrapper-1 button-span-no\"><div style=\"margin:-5px;--awb-bordersize:0px;\" class=\"fusion-gallery fusion-gallery-container fusion-grid-3 fusion-columns-total-0 fusion-gallery-layout-grid fusion-gallery-1\"><\/div><\/div><div class=\"fusion-clearfix\"><\/div><\/div><\/div><\/div><\/div><\/p>\n","protected":false},"excerpt":{"rendered":"","protected":false},"author":2,"featured_media":4005,"comment_status":"closed","ping_status":"closed","sticky":false,"template":"","format":"standard","meta":{"_acf_changed":false,"footnotes":""},"categories":[83],"tags":[],"acf":[],"_links":{"self":[{"href":"https:\/\/wbs-luebeck.de\/wbs\/wp-json\/wp\/v2\/posts\/4003"}],"collection":[{"href":"https:\/\/wbs-luebeck.de\/wbs\/wp-json\/wp\/v2\/posts"}],"about":[{"href":"https:\/\/wbs-luebeck.de\/wbs\/wp-json\/wp\/v2\/types\/post"}],"author":[{"embeddable":true,"href":"https:\/\/wbs-luebeck.de\/wbs\/wp-json\/wp\/v2\/users\/2"}],"replies":[{"embeddable":true,"href":"https:\/\/wbs-luebeck.de\/wbs\/wp-json\/wp\/v2\/comments?post=4003"}],"version-history":[{"count":7,"href":"https:\/\/wbs-luebeck.de\/wbs\/wp-json\/wp\/v2\/posts\/4003\/revisions"}],"predecessor-version":[{"id":4045,"href":"https:\/\/wbs-luebeck.de\/wbs\/wp-json\/wp\/v2\/posts\/4003\/revisions\/4045"}],"wp:featuredmedia":[{"embeddable":true,"href":"https:\/\/wbs-luebeck.de\/wbs\/wp-json\/wp\/v2\/media\/4005"}],"wp:attachment":[{"href":"https:\/\/wbs-luebeck.de\/wbs\/wp-json\/wp\/v2\/media?parent=4003"}],"wp:term":[{"taxonomy":"category","embeddable":true,"href":"https:\/\/wbs-luebeck.de\/wbs\/wp-json\/wp\/v2\/categories?post=4003"},{"taxonomy":"post_tag","embeddable":true,"href":"https:\/\/wbs-luebeck.de\/wbs\/wp-json\/wp\/v2\/tags?post=4003"}],"curies":[{"name":"wp","href":"https:\/\/api.w.org\/{rel}","templated":true}]}}