{"id":3961,"date":"2020-05-18T20:12:02","date_gmt":"2020-05-18T20:12:02","guid":{"rendered":"http:\/\/wbs-luebeck.de\/wbs\/?p=3961"},"modified":"2020-06-02T20:42:47","modified_gmt":"2020-06-02T20:42:47","slug":"praesenzunterricht-fuer-alle-jahrgaenge-aktualisiert-18-mai","status":"publish","type":"post","link":"https:\/\/wbs-luebeck.de\/wbs\/praesenzunterricht-fuer-alle-jahrgaenge-aktualisiert-18-mai\/","title":{"rendered":"Pr\u00e4senzunterricht f\u00fcr alle Jahrg\u00e4nge (aktualisiert 2. Juni)"},"content":{"rendered":"<p><div class=\"fusion-fullwidth fullwidth-box fusion-builder-row-1 nonhundred-percent-fullwidth non-hundred-percent-height-scrolling\" style=\"--awb-border-radius-top-left:0px;--awb-border-radius-top-right:0px;--awb-border-radius-bottom-right:0px;--awb-border-radius-bottom-left:0px;--awb-padding-right:0px;--awb-padding-bottom:0px;--awb-padding-left:0px;--awb-margin-top:-90px;--awb-background-color:#ffffff;--awb-border-sizes-top:0px;--awb-border-sizes-bottom:0px;--awb-flex-wrap:wrap;\" ><div class=\"fusion-builder-row fusion-row\"><div class=\"fusion-layout-column fusion_builder_column fusion-builder-column-0 fusion_builder_column_1_1 1_1 fusion-one-full fusion-column-first fusion-column-last\" style=\"--awb-padding-top:40px;--awb-padding-right:4%;--awb-padding-bottom:20px;--awb-padding-left:4%;--awb-bg-color:rgba(255,255,255,0);--awb-bg-color-hover:rgba(255,255,255,0);--awb-bg-size:cover;--awb-box-shadow:0px -5px 15px 0px rgba(0,0,0,0.03);;--awb-border-color:#3bc863;--awb-border-style:solid;--awb-margin-top:0px;--awb-margin-bottom:0px;\"><div class=\"fusion-column-wrapper fusion-column-has-shadow fusion-flex-column-wrapper-legacy\"><div class=\"fusion-text fusion-text-1\"><p><em>&#8212;&#8211;Update 2. Juni 2020<br \/>\nLiebe Grundschuleltern,<br \/>\nunsere Pl\u00e4ne f\u00fcr die angeordnete Wiederer\u00f6ffnung der Grundschule in Klassenst\u00e4rke sind soweit fertig und das Hygiene-Konzept erstellt. Wir sind uns alle dar\u00fcber bewusst, dass es sich hierbei um einen gro\u00dfen Schritt handelt, der in der Umsetzung sorgf\u00e4ltig geplant und beobachtet werden muss. Nach wie vor hat der Infektionsschutz Vorrang vor dem Unterricht. Wir sind in der gl\u00fccklichen Lage, dass wir noch auf viele Lehrkr\u00e4fte aus der Gemeinschaftsschule zur\u00fcckgreifen k\u00f6nnen, die uns beim Pr\u00e4senzunterricht, bei den Bewegungspausen und bei den Aufsichten mit gro\u00dfem Engagement unterst\u00fctzen.<br \/>\nEs findet am Vormittag keine Notbetreuung statt. F\u00fcr die Jahrg\u00e4nge 1 und 2 startet der Unterricht um 8 Uhr und endet um 12 Uhr. F\u00fcr die Jahrg\u00e4nge 3 und 4 startet der Unterricht um 8 Uhr und endet um 13:20 Uhr. Der \u00dcbergang in die Schulkindbetreuung soll m\u00f6glich sein. Hier warten wir aber noch auf die aktuellen Informationen.<br \/>\nVon Ihren Klassenleitungen erhalten Sie den Stundenplan, den morgendlichen Treffpunkt und unseren Elternbrief. <strong>Ihr Kind darf am Montag nicht die Schule betreten, wenn das von Ihnen unterschriebene Schreiben (schriftliche Versicherung, dass bei keinem\u00a0<\/strong><\/em><strong><i>Haushaltsmitglied COVID-19 \u00e4hnliche Krankheitssymptome vorliegen) nicht sp\u00e4testens am 8. Juni 2020 vor Schulbeginn abgegeben wird. <\/i><\/strong><a href=\"http:\/\/wbs-luebeck.de\/wbs\/wp-content\/uploads\/2020\/06\/Versicherung-Grundschule-ab-dem-8.6.2020.pdf\"><i><span style=\"color: #ff0000;\">Unser Schreiben finden Sie hier ebenfalls.<\/span><\/i><\/a><\/p>\n<p>&#8212;&#8211;Update 27. Mai 2020<br \/>\n<em>Liebe Eltern, wie wir heute der Presse entnehmen konnten, sollen alle Grundschulklassen ab dem 8. Juni wieder in Klassenst\u00e4rke beschult werden. Die Mitteilung erreichte uns heute Nachmittag recht \u00fcberraschend. Wir planten heute final gerade unsere Abschluss- und Rauschmiss-Feiern unter &#8222;Corona-Bedingungen&#8220; und eine Erh\u00f6hung der Unterrichtstage pro Kind in der Grundschule durch die Gruppenvergr\u00f6\u00dferung von 6 auf 12 Sch\u00fcler:Innen ab dem 8. Juni 2020. Wir m\u00fcssen nun die weiteren Informationen abwarten und melden uns bei Ihnen, sobald wir Genaueres sagen k\u00f6nnen. <span style=\"color: #ff0000;\"><a style=\"color: #ff0000;\" href=\"https:\/\/www.schleswig-holstein.de\/DE\/Landesregierung\/III\/_startseite\/Artikel_2020\/05_Mai\/200527_weitere_oeffnung.html;jsessionid=93D39F20882470CBD4143BEC129A5548.delivery2-master\">Hier geht es zur Presseerkl\u00e4rung.<\/a><\/span><\/em><\/p>\n<p>Liebe Eltern , liebe Sch\u00fcler:innen,<\/p>\n<p>das aktuelle Infektionsgeschehen erlaubt nun einen langsamen Start f\u00fcr alle Jahrg\u00e4nge in den Pr\u00e4senzunterricht. Wir hoffen, dass es Ihnen \/ Euch allen soweit gut geht?<\/p>\n<p>Leider werden wir bis zu den Sommerferien keine &#8222;normalen&#8220; Schulwochen durchf\u00fchren k\u00f6nnen. Das gilt auch f\u00fcr unseren Tr\u00e4ger der Schulkindbetreuung &#8222;Kinder-Hafen&#8220;.<br \/>\nWir sind aber froh, dass wir alle Sch\u00fclerinnen und Sch\u00fcler in der Schule zumindest tageweise in Kleingruppen begr\u00fc\u00dfen k\u00f6nnen.<br \/>\nNach wie vor sind in Schleswig-Holstein folgende Priorit\u00e4ten vorgesehen: 1. Homeschooling, 2. Notbetreuung 3. Pr\u00e4senzangebote 4. Nachmittagsangebote f\u00fcr Kinder aus dem Pr\u00e4senzunterricht (ab dem 25.05.2020).<\/p>\n<p>Der <strong>Umfang der Pr\u00e4senzangebote h\u00e4ngt von den individuellen Gegebenheiten jeder Schule ab<\/strong>. Die Anzahl der Kinder in der Notbetreuung, die Gruppengr\u00f6\u00dfen und die r\u00e4umliche und personelle (z.B. wie viele Lehrkr\u00e4fte befinden sich gesundheitsbedingt im Homeoffice) Situation ist an jeder Schule individuell. In unserer Grundschule starten wir mit 6er Gruppen, in der Gemeinschaftsschule mit 10er Gruppen.<br \/>\nInsbesondere f\u00fcr unsere Grundsch\u00fcler erm\u00f6glichen wir damit ein nicht zu beengtes Sitzen und eingeschr\u00e4nktes Lernen, da in allen Situationen ein Abstand von 1,5 m Abstand gew\u00e4hrt sein sollte. \u00a0Im Pr\u00e4senzunterricht geht es nicht vorrangig um Unterricht im herk\u00f6mmlichen Sinne, sondern vielmehr darum, Mitsch\u00fcler:innen und Lehrkr\u00e4fte zu sehen, sich \u00fcber die aktuelle Situation auszutauschen und sich auf das kommende Schuljahr einzustimmen.<\/p>\n<p><strong>Stufe 3 und Stufe 4 im Pr\u00e4senzunterricht<\/strong><br \/>\nAb dem 25. Mai 2020 werden die Jahrg\u00e4nge 1-4 und 8-10 Pr\u00e4senzunterricht erhalten.<br \/>\nAb dem 2. Juni 2020 folgen dann die Jahrg\u00e4nge 5-7.<br \/>\nDie <strong>Gruppeneinteilung und den Stundenplan<\/strong> erhalten Sie \u00fcber Ihre <strong>Klassenleitung.<\/strong> Bitte fragen Sie dort gerne nach, wenn noch Unklarheiten auftreten.<\/p>\n<p><strong>&#8222;Corona Hausordnung&#8220;<br \/>\n<\/strong>Damit wir alle gut aufeinander acht geben, gelten w\u00e4hrend des Schulbesuchs unsere &#8222;<strong>Corona-Regeln<\/strong>&#8222;. Die unterschriebene Hausordnung sollte sp\u00e4testens am 1. Schultag abgegeben werden. Zum allgemeinen Schutz haben wir u.a. in der Schule Laufwege markiert, tragen <strong>auf den Wegen eine Nasen-Mund-Bedeckung<\/strong> und verbringen die Pausen gemeinsam mit unseren Gruppen.<br \/>\nHier finden Sie die <strong>Corona-Hausordnung<\/strong> f\u00fcr die <span style=\"color: #ff0000;\"><a style=\"color: #ff0000;\" href=\"http:\/\/wbs-luebeck.de\/wbs\/wp-content\/uploads\/2020\/05\/Corona-Hausordnung-Grundschule-mit-Unterschrift.pdf\">Grundschule<\/a><\/span> und f\u00fcr die <span style=\"color: #ff0000;\"><a style=\"color: #ff0000;\" href=\"http:\/\/wbs-luebeck.de\/wbs\/wp-content\/uploads\/2020\/05\/Corona-Hausordnung-Gemeinschaftsschule.pdf\">Gemeinschaftsschule<\/a><\/span><\/p>\n<p><strong>Risikogruppe<\/strong><br \/>\nGeh\u00f6ren Sie oder Ihr Kind zu der sogenannten <strong>Risikogruppe<\/strong>? <span style=\"color: #ff0000;\"><a style=\"color: #ff0000;\" href=\"http:\/\/wbs-luebeck.de\/wbs\/wp-content\/uploads\/2020\/05\/Abfrage-Risikogruppe.pdf\">Hier finden Sie das Anschreiben und das Formular.<\/a><\/span><\/p>\n<p><strong>Schulische Notbetreuung: (Betreuung wird von den Lehrkr\u00e4ften durchgef\u00fchrt)<\/strong><br \/>\nDie schulische <strong>Notbetreuung<\/strong> findet weiterhin f\u00fcr die Jahrg\u00e4nge 1-6 (8-12, bzw.- 8-13 Uhr) statt. Anspruch haben berufst\u00e4tige Alleinerziehende oder berufst\u00e4tige Elternpaare, bei denen mindestens ein Elternteil in den <span style=\"color: #ff0000;\"><strong><a style=\"color: #ff0000;\" href=\"https:\/\/www.luebeck.de\/de\/presse\/pressemeldungen\/view\/135147\" target=\"_blank\" rel=\"noopener noreferrer\">systemkritischen Bereichen<\/a><\/strong> <\/span>arbeitet und keine andere Betreuungsm\u00f6glichkeit zur Verf\u00fcgung steht.<br \/>\nBitte schicken Sie Ihr Kind ohne vorherige Anmeldung nicht in die Schule. Nehmen Sie Kontakt zu Frau L\u00fcnenb\u00fcrger auf (luenenbuergerc@luebeck.schule). Wir ben\u00f6tigen eine Bescheinigung des Arbeitgebers und die vollst\u00e4ndig <span style=\"color: #ff0000;\"><a style=\"color: #ff0000;\" href=\"http:\/\/wbs-luebeck.de\/wbs\/wp-content\/uploads\/2020\/04\/Anmeldung-Notbetreuung.docx\">ausgef\u00fcllte Anmeldung.<\/a> <\/span><\/p>\n<p><strong>Betreuung am Nachmittag in der Grundschule durch &#8222;Kinder-Hafen&#8220;<br \/>\n<\/strong>Die <strong>Notbetreuung<\/strong> am Nachmittag findet weiterhin f\u00fcr die Jahrg\u00e4nge 1-4 statt. Anspruch haben berufst\u00e4tige Alleinerziehende oder berufst\u00e4tige Elternpaare, bei denen mindestens ein Elternteil in den <span style=\"color: #ff0000;\"><strong><a style=\"color: #ff0000;\" href=\"https:\/\/www.luebeck.de\/de\/presse\/pressemeldungen\/view\/135147\" target=\"_blank\" rel=\"noopener noreferrer\">systemkritischen Bereichen<\/a><\/strong><\/span> arbeitet und keine andere Betreuungsm\u00f6glichkeit zur Verf\u00fcgung steht. Sie findet nur an den Tagen und in dem gebuchten Umfang statt, an dem das Kind auch in der Schule am Pr\u00e4senzunterricht oder an der schulischen Notbetreuung teilgenommen hat.<br \/>\n<strong>Betreuung am Pr\u00e4senztag<\/strong>: Ab dem 25.05. d\u00fcrfen auch Kinder, die am Pr\u00e4senzunterricht teilnehmen, im Rahmen des gebuchten Vertrags an den Pr\u00e4senztagen in die Schulkindbetreuung kommen. Da wir nur \u00fcber begrenzte Kapazit\u00e4ten verf\u00fcgen, k\u00f6nnen wir ggf nicht alle Kinder aufnehmen.<br \/>\n<strong>Bitte melden Sie sich bei Bedarf unverz\u00fcglich bei Frau Mikos (kinder-hafen@t-online.de)<\/strong><\/p>\n<p>Hier finden Sie noch unseren letzten <a href=\"http:\/\/wbs-luebeck.de\/wbs\/wp-content\/uploads\/2020\/05\/Elternbrief-Schule-ab-6.-Mai-2020.pdf\"><span style=\"color: #ff0000;\">\u00a0Elternbrief<\/span> <\/a>zur langsamen Schul\u00f6ffnung ab dem 6. Mai 2020.<\/p>\n<p>Haben Sie noch Fragen? Melden Sie sich gerne bei mir.<\/p>\n<p>Am Donnerstag, 21. Mai 2020 beantwortet Korinna Hennig (Redakteurin bei NDR Info; Leitung Podcast mit dem Virologen C. Drosten) die Corona-Fragen unserer Sch\u00fcler:innen in unserem Podcast &#8222;Willys Corona Knacker&#8220;<\/p>\n<p>Wir alle wissen k\u00f6nnen noch nicht absch\u00e4tzen, wie es weiter geht. Bis dahin: Passen Sie alle gut auf sich auf!<\/p>\n<p>Ihre<\/p>\n<p>Alexandra Hase-Rodriguez (haserodrigueza@luebeck.schule)<\/p>\n<\/div><div class=\"fusion-clearfix\"><\/div><\/div><\/div><\/div><\/div><div class=\"fusion-fullwidth fullwidth-box fusion-builder-row-2 nonhundred-percent-fullwidth non-hundred-percent-height-scrolling\" style=\"--awb-border-radius-top-left:0px;--awb-border-radius-top-right:0px;--awb-border-radius-bottom-right:0px;--awb-border-radius-bottom-left:0px;--awb-margin-bottom:30px;--awb-flex-wrap:wrap;\" ><div class=\"fusion-builder-row fusion-row\"><div class=\"fusion-layout-column fusion_builder_column fusion-builder-column-1 fusion_builder_column_1_1 1_1 fusion-one-full fusion-column-first fusion-column-last\" style=\"--awb-bg-size:cover;\"><div class=\"fusion-column-wrapper fusion-column-has-shadow fusion-flex-column-wrapper-legacy\"><div class=\"fusion-section-separator section-separator triangle fusion-section-separator-1\" style=\"--awb-border-top:0px solid #e0dede;--awb-spacer-height:0px;--awb-svg-margin-left:0;--awb-svg-margin-right:0;--awb-icon-color:#ffffff;\"><div class=\"fusion-section-separator-svg\"><div class=\"divider-candy-arrow top\" style=\"bottom:0px;border-bottom-color: #f5f5f1;\"><\/div><div class=\"divider-candy top\" style=\"top:-20px;border-bottom:1px solid #e0dede;border-left:1px solid #e0dede;\"><\/div><\/div><div class=\"fusion-section-separator-spacer\"><div class=\"fusion-section-separator-spacer-height\"><\/div><\/div><\/div><div class=\"fusion-clearfix\"><\/div><\/div><\/div><\/div><\/div><div class=\"fusion-fullwidth fullwidth-box fusion-builder-row-3 nonhundred-percent-fullwidth non-hundred-percent-height-scrolling\" style=\"--awb-border-radius-top-left:0px;--awb-border-radius-top-right:0px;--awb-border-radius-bottom-right:0px;--awb-border-radius-bottom-left:0px;--awb-flex-wrap:wrap;\" ><div class=\"fusion-builder-row fusion-row\"><div class=\"fusion-layout-column fusion_builder_column fusion-builder-column-2 fusion_builder_column_1_1 1_1 fusion-one-full fusion-column-first fusion-column-last\" style=\"--awb-bg-size:cover;\"><div class=\"fusion-column-wrapper fusion-column-has-shadow fusion-flex-column-wrapper-legacy\"><div class=\"awb-gallery-wrapper awb-gallery-wrapper-1 button-span-no\"><div style=\"margin:-5px;--awb-bordersize:0px;\" class=\"fusion-gallery fusion-gallery-container fusion-grid-3 fusion-columns-total-0 fusion-gallery-layout-grid fusion-gallery-1\"><\/div><\/div><div class=\"fusion-clearfix\"><\/div><\/div><\/div><\/div><\/div><\/p>\n","protected":false},"excerpt":{"rendered":"","protected":false},"author":2,"featured_media":3962,"comment_status":"closed","ping_status":"open","sticky":false,"template":"","format":"standard","meta":{"_acf_changed":false,"footnotes":""},"categories":[83],"tags":[],"acf":[],"_links":{"self":[{"href":"https:\/\/wbs-luebeck.de\/wbs\/wp-json\/wp\/v2\/posts\/3961"}],"collection":[{"href":"https:\/\/wbs-luebeck.de\/wbs\/wp-json\/wp\/v2\/posts"}],"about":[{"href":"https:\/\/wbs-luebeck.de\/wbs\/wp-json\/wp\/v2\/types\/post"}],"author":[{"embeddable":true,"href":"https:\/\/wbs-luebeck.de\/wbs\/wp-json\/wp\/v2\/users\/2"}],"replies":[{"embeddable":true,"href":"https:\/\/wbs-luebeck.de\/wbs\/wp-json\/wp\/v2\/comments?post=3961"}],"version-history":[{"count":21,"href":"https:\/\/wbs-luebeck.de\/wbs\/wp-json\/wp\/v2\/posts\/3961\/revisions"}],"predecessor-version":[{"id":4024,"href":"https:\/\/wbs-luebeck.de\/wbs\/wp-json\/wp\/v2\/posts\/3961\/revisions\/4024"}],"wp:featuredmedia":[{"embeddable":true,"href":"https:\/\/wbs-luebeck.de\/wbs\/wp-json\/wp\/v2\/media\/3962"}],"wp:attachment":[{"href":"https:\/\/wbs-luebeck.de\/wbs\/wp-json\/wp\/v2\/media?parent=3961"}],"wp:term":[{"taxonomy":"category","embeddable":true,"href":"https:\/\/wbs-luebeck.de\/wbs\/wp-json\/wp\/v2\/categories?post=3961"},{"taxonomy":"post_tag","embeddable":true,"href":"https:\/\/wbs-luebeck.de\/wbs\/wp-json\/wp\/v2\/tags?post=3961"}],"curies":[{"name":"wp","href":"https:\/\/api.w.org\/{rel}","templated":true}]}}