{"id":3461,"date":"2020-04-16T11:52:36","date_gmt":"2020-04-16T11:52:36","guid":{"rendered":"http:\/\/wbs-luebeck.de\/wbs\/?p=3461"},"modified":"2020-05-05T12:06:03","modified_gmt":"2020-05-05T12:06:03","slug":"betreuungsbedarf-nach-dem-18-03-2020-anmelden-und-nachweisen","status":"publish","type":"post","link":"https:\/\/wbs-luebeck.de\/wbs\/betreuungsbedarf-nach-dem-18-03-2020-anmelden-und-nachweisen\/","title":{"rendered":"Betreuungsbedarf ab dem 20.04.2020 anmelden und nachweisen!"},"content":{"rendered":"<div class=\"fusion-fullwidth fullwidth-box fusion-builder-row-1 nonhundred-percent-fullwidth non-hundred-percent-height-scrolling\" style=\"--awb-border-radius-top-left:0px;--awb-border-radius-top-right:0px;--awb-border-radius-bottom-right:0px;--awb-border-radius-bottom-left:0px;--awb-padding-right:0px;--awb-padding-bottom:0px;--awb-padding-left:0px;--awb-margin-top:-90px;--awb-background-color:#ffffff;--awb-border-sizes-top:0px;--awb-border-sizes-bottom:0px;--awb-flex-wrap:wrap;\" ><div class=\"fusion-builder-row fusion-row\"><div class=\"fusion-layout-column fusion_builder_column fusion-builder-column-0 fusion_builder_column_1_1 1_1 fusion-one-full fusion-column-first fusion-column-last\" style=\"--awb-padding-top:40px;--awb-padding-right:4%;--awb-padding-bottom:20px;--awb-padding-left:4%;--awb-bg-color:rgba(255,255,255,0);--awb-bg-color-hover:rgba(255,255,255,0);--awb-bg-size:cover;--awb-box-shadow:0px -5px 15px 0px rgba(0,0,0,0.03);;--awb-border-color:#3bc863;--awb-border-style:solid;--awb-margin-top:0px;--awb-margin-bottom:0px;\"><div class=\"fusion-column-wrapper fusion-column-has-shadow fusion-flex-column-wrapper-legacy\"><div class=\"fusion-text fusion-text-1\"><p>Liebe Eltern,<\/p>\n<p>wie an allen Schulen in Schleswig-Holstein wird es auch an der Willy-Brandt-Schule eine Notbetreuung von 8.00 bis 13:00 (8-12 Uhr: Jg 1 &amp;2) Uhr f\u00fcr Kinder aus den Jahrg\u00e4ngen 1-6 von \u201eBesch\u00e4ftigten in Bereichen der kritischen Infrastrukturen\u201c geben. Haben Sie einen Betreuungsplatz gebucht, steht Ihnen die gebuchte Zeit ebenfalls zur Verf\u00fcgung.<\/p>\n<p>Aktuelle Vorgabe:<br \/>\nIn der Notbetreuung an den Schulen werden <b>bis einschlie\u00dflich zur 6. Jahrgangsstufe<\/b> Kinder <b>von berufst\u00e4tigen Alleinerziehenden oder Kinder, bei denen ein \u00a0Elternteil in einem Bereich arbeitet, der f\u00fcr die Aufrechterhaltung kritischer Infrastrukturen notwendig ist und dieses Elternteil keine Alternativ-Betreuung ihrer Kinder organisieren kann<\/b>, aufgenommen. Die Bereiche der kritischen Infrastruktur ergeben sich aus \u00a7 10 der Landesverordnung \u00fcber Ma\u00dfnahmen zur Bek\u00e4mpfung der Ausbreitung des neuartigen Coronavirus SARS-CoV-2 in Schleswig-Holstein (SARS-CoV-2-Bek\u00e4mpfungsverordnung \u2013 SARS-CoV-2-Bek\u00e4mpfVO) in ihrer jeweils geltenden Fassung. <b>Die Eltern haben dies durch die Angabe ihres Berufes gegen\u00fcber der Einrichtung zu dokumentieren.<\/b><\/p>\n<p>Bitte melden Sie Ihr Kind schriftlich mit dem<strong>\u00a0<a href=\"http:\/\/wbs-luebeck.de\/wbs\/wp-content\/uploads\/2020\/04\/Anmeldung-Notbetreuung-Neu.docx\">anliegenden Formular<\/a><\/strong>\u00a0an und \u00a0legen diesem Antrag eine schriftliche Bescheinigung des Arbeitgebers bei, aus dem der Betreuungsbedarf hervorgeht. Bitte geben Sie Ihrem Kind am ersten Betreuungstag die unterschriebene<span style=\"color: #ff0000;\"> <a style=\"color: #ff0000;\" href=\"http:\/\/wbs-luebeck.de\/wbs\/wp-content\/uploads\/2020\/05\/Corona-Hausordnung-Grundschule-mit-Unterschrift.pdf\">&#8222;Corona-Hausordnung<\/a>&#8220; <\/span>mit.<\/p>\n<p>Bitte geben Sie uns mindestens einen Tag Vorlauf und melden sich bis sp\u00e4testens 14 Uhr des Vortags unter willy-brandt-schule.luebeck@schule.landsh.de.<\/p>\n<p>Betreuungseckdaten:<br \/>\nKranke Kinder werden nicht betreut. Das gilt insbesondere f\u00fcr Sch\u00fclerinnen und Sch\u00fcler mit akuten respiratorischen Symptomen (Atemwegserkrankungen).<\/p>\n<ul>\n<li>Bis sp\u00e4testens 8 Uhr muss ihr Kind in der Schule sein.<\/li>\n<li>Ihr Kind wird in der Schule in 5er Gruppen betreut.<\/li>\n<li>Die Schulaufgaben werden mitgebracht.<\/li>\n<li>Fr\u00fchst\u00fcck und ggf Mittagessen mitbringen<\/li>\n<\/ul>\n<p>Bleiben Sie gesund!<\/p>\n<p>Alexandra Hase-Rodriguez \u00a0&amp; Carola L\u00fcnenb\u00fcrger &amp; Stefanie Mikos<\/p>\n<\/div><div class=\"fusion-clearfix\"><\/div><\/div><\/div><\/div><\/div>\n","protected":false},"excerpt":{"rendered":"","protected":false},"author":2,"featured_media":3435,"comment_status":"closed","ping_status":"open","sticky":false,"template":"","format":"standard","meta":{"_acf_changed":false,"footnotes":""},"categories":[83],"tags":[],"acf":[],"_links":{"self":[{"href":"https:\/\/wbs-luebeck.de\/wbs\/wp-json\/wp\/v2\/posts\/3461"}],"collection":[{"href":"https:\/\/wbs-luebeck.de\/wbs\/wp-json\/wp\/v2\/posts"}],"about":[{"href":"https:\/\/wbs-luebeck.de\/wbs\/wp-json\/wp\/v2\/types\/post"}],"author":[{"embeddable":true,"href":"https:\/\/wbs-luebeck.de\/wbs\/wp-json\/wp\/v2\/users\/2"}],"replies":[{"embeddable":true,"href":"https:\/\/wbs-luebeck.de\/wbs\/wp-json\/wp\/v2\/comments?post=3461"}],"version-history":[{"count":18,"href":"https:\/\/wbs-luebeck.de\/wbs\/wp-json\/wp\/v2\/posts\/3461\/revisions"}],"predecessor-version":[{"id":3958,"href":"https:\/\/wbs-luebeck.de\/wbs\/wp-json\/wp\/v2\/posts\/3461\/revisions\/3958"}],"wp:featuredmedia":[{"embeddable":true,"href":"https:\/\/wbs-luebeck.de\/wbs\/wp-json\/wp\/v2\/media\/3435"}],"wp:attachment":[{"href":"https:\/\/wbs-luebeck.de\/wbs\/wp-json\/wp\/v2\/media?parent=3461"}],"wp:term":[{"taxonomy":"category","embeddable":true,"href":"https:\/\/wbs-luebeck.de\/wbs\/wp-json\/wp\/v2\/categories?post=3461"},{"taxonomy":"post_tag","embeddable":true,"href":"https:\/\/wbs-luebeck.de\/wbs\/wp-json\/wp\/v2\/tags?post=3461"}],"curies":[{"name":"wp","href":"https:\/\/api.w.org\/{rel}","templated":true}]}}