{"id":3434,"date":"2020-03-13T11:26:08","date_gmt":"2020-03-13T11:26:08","guid":{"rendered":"http:\/\/wbs-luebeck.de\/wbs\/?p=3434"},"modified":"2020-03-14T20:33:43","modified_gmt":"2020-03-14T20:33:43","slug":"vorgezogene-osterferien-schulschliessung","status":"publish","type":"post","link":"https:\/\/wbs-luebeck.de\/wbs\/vorgezogene-osterferien-schulschliessung\/","title":{"rendered":"Schulschlie\u00dfung &#8211; Stand 14.03.2020"},"content":{"rendered":"<div class=\"fusion-fullwidth fullwidth-box fusion-builder-row-1 nonhundred-percent-fullwidth non-hundred-percent-height-scrolling\" style=\"--awb-border-radius-top-left:0px;--awb-border-radius-top-right:0px;--awb-border-radius-bottom-right:0px;--awb-border-radius-bottom-left:0px;--awb-padding-right:0px;--awb-padding-bottom:0px;--awb-padding-left:0px;--awb-margin-top:-90px;--awb-background-color:#ffffff;--awb-border-sizes-top:0px;--awb-border-sizes-bottom:0px;--awb-flex-wrap:wrap;\" ><div class=\"fusion-builder-row fusion-row\"><div class=\"fusion-layout-column fusion_builder_column fusion-builder-column-0 fusion_builder_column_1_1 1_1 fusion-one-full fusion-column-first fusion-column-last\" style=\"--awb-padding-top:40px;--awb-padding-right:4%;--awb-padding-bottom:20px;--awb-padding-left:4%;--awb-bg-color:rgba(255,255,255,0);--awb-bg-color-hover:rgba(255,255,255,0);--awb-bg-size:cover;--awb-box-shadow:0px -5px 15px 0px rgba(0,0,0,0.03);;--awb-border-color:#3bc863;--awb-border-style:solid;--awb-margin-top:0px;--awb-margin-bottom:0px;\"><div class=\"fusion-column-wrapper fusion-column-has-shadow fusion-flex-column-wrapper-legacy\"><div class=\"fusion-text fusion-text-1\"><p>Um die Infektionskette des Coronavirus weiter einzud\u00e4mmen, hat die Landesregierung am 13.03.2020 beschlossen, dass Schulkinder und Kitakinder ab Montag zu Hause bleiben sollen.<\/p>\n<p><strong>Ab Montag gilt bis zum 19.04.2020 Folgendes:<\/strong><br \/>\n1. Die Jahrg\u00e4nge 7-10 haben bis zum Ende der Osterferien keinen Unterricht an den Schulen!<br \/>\n2. Die Jahrg\u00e4nge 1-6 haben ebenfalls keinen Unterricht und keine Betreuung an den Schulen! Ausnahme: F\u00fcr diese Kinder wird zun\u00e4chst bis Mittwoch, 18.03.2020 weiterhin eine Betreuung (gem\u00e4\u00df Stundenplan plus ggf. angemeldete Zeit in der Schulkindbetreuung) in den Schulen erm\u00f6glicht, wenn <strong><span style=\"color: #ff0000;\"><span style=\"color: #333333;\">beide<\/span><\/span> <span style=\"color: #ff0000;\"><span style=\"color: #333333;\">Eltern<\/span><\/span> <\/strong><span style=\"color: #333333;\">oder <\/span><span style=\"color: #333333;\"><strong>ein alleinerziehender <\/strong><\/span>Elternteil in einem Bereich arbeitet, der f\u00fcr die Aufrechterhaltung der wichtigen Infrastrukturen notwendig ist<span style=\"color: #333333;\"><strong> und <\/strong><\/span>keine andere Betreuung m\u00f6glich ist. Zu den kritischen Infrastrukturen geh\u00f6ren (Stand 14.03.2020)<\/p>\n<ul>\n<li>Energie \u2013 Strom, Gas, Kraftstoffversorgung etc.,<\/li>\n<li>Ern\u00e4hrung, Hygiene (Produktion, Gro\u00df-und Einzelhandel) \u2013 inkl. Zulieferung, Logistik,<\/li>\n<li>Finanzen &#8211; ggf. Bargeldversorgung, Sozialtransfers,<\/li>\n<li>Gesundheit &#8211; Krankenh\u00e4user, Rettungsdienst, Pflege, ggf. Niedergelassener Bereich, Medizinproduktehersteller, Arzneimittelhersteller, Apotheken, Labore<\/li>\n<li>Informationstechnik und Telekommunikation \u2013 insb. Einrichtung zur Entst\u00f6rung und Aufrechterhaltung der Netze,<\/li>\n<li>Medien und Kultur &#8211; Risiko- und Krisenkommunikation,<\/li>\n<li>Transport und Verkehr \u2013 Logistik f\u00fcr die KRITIS, \u00d6PNV,<\/li>\n<li>Wasser und Entsorgung,<\/li>\n<li>Staat und Verwaltung \u2013 Kernaufgaben der \u00f6ffentlichen Verwaltung, Polizei, Feuerwehr, Katastrophenschutz, Justiz, Veterin\u00e4rwesen, K\u00fcstenschutz sowie<\/li>\n<li>Grundschullehrkr\u00e4fte, Sonderp\u00e4dagoginnen an F\u00f6rderzentren mit Internatsbetrieb und in Kindertageseinrichtungen T\u00e4tige.<\/li>\n<\/ul>\n<p><strong>Zur besseren Planung der Notfallbetreuung, schreiben Sie uns gerne eine E-Mail, ob ihr Kind betreut werden muss.<\/strong><\/p>\n<p>3. Es entfallen alle weiteren schulischen Veranstaltungen (z.B. Praktika, Klassenfahrten, Fachkonferenzen, Schulkonferenz, Elternabende)<br \/>\n4. Schach, Jeki, Schulgarten, H\u00f6rspiel, Chor, Leseclub, Instrumentalunterricht entfallen ebenfalls.<br \/>\n5. Anmeldung f\u00fcr die neuen 5. Klassen: Unser Sekretariat hat ge\u00f6ffnet. Kommen Sie gerne noch vorbei bzw. schicken uns eine E-Mail.<\/p>\n<p>\u00dcber unsere Homepage informieren wir Sie \u00fcber weitere Schritte. Bitte besuchen Sie diese regelm\u00e4\u00dfig. Wir werden versuchen ein Mindestma\u00df an Lerngelegenheiten auf diesem Wege an Sie und Ihre Kinder weiterzugeben.<\/p>\n<p>Bitte informieren Sie sich auch regelm\u00e4\u00dfig auf der Seite der Landesregierung:<br \/>\nhttps:\/\/schleswig-holstein.de\/DE\/Landesregierung\/III\/iii_node.html<\/p>\n<p>Bitte halten Sie sich an die Empfehlungen, die sozialen Kontakte auf das N\u00f6tigste zu minimieren. Wir hoffen alle, dass sich die Situation in Schleswig-Holstein entspannen wird.<\/p>\n<p>Bleiben Sie gesund!<br \/>\nIhr Team der WBS<\/p>\n<p>Am Wochenende sind wir \u00fcber wbs_hase-rodriguez@web.de zu erreichen.<\/p>\n<\/div><div class=\"fusion-clearfix\"><\/div><\/div><\/div><\/div><\/div>\n","protected":false},"excerpt":{"rendered":"","protected":false},"author":2,"featured_media":3435,"comment_status":"closed","ping_status":"open","sticky":false,"template":"","format":"standard","meta":{"_acf_changed":false,"footnotes":""},"categories":[83],"tags":[],"acf":[],"_links":{"self":[{"href":"https:\/\/wbs-luebeck.de\/wbs\/wp-json\/wp\/v2\/posts\/3434"}],"collection":[{"href":"https:\/\/wbs-luebeck.de\/wbs\/wp-json\/wp\/v2\/posts"}],"about":[{"href":"https:\/\/wbs-luebeck.de\/wbs\/wp-json\/wp\/v2\/types\/post"}],"author":[{"embeddable":true,"href":"https:\/\/wbs-luebeck.de\/wbs\/wp-json\/wp\/v2\/users\/2"}],"replies":[{"embeddable":true,"href":"https:\/\/wbs-luebeck.de\/wbs\/wp-json\/wp\/v2\/comments?post=3434"}],"version-history":[{"count":7,"href":"https:\/\/wbs-luebeck.de\/wbs\/wp-json\/wp\/v2\/posts\/3434\/revisions"}],"predecessor-version":[{"id":3447,"href":"https:\/\/wbs-luebeck.de\/wbs\/wp-json\/wp\/v2\/posts\/3434\/revisions\/3447"}],"wp:featuredmedia":[{"embeddable":true,"href":"https:\/\/wbs-luebeck.de\/wbs\/wp-json\/wp\/v2\/media\/3435"}],"wp:attachment":[{"href":"https:\/\/wbs-luebeck.de\/wbs\/wp-json\/wp\/v2\/media?parent=3434"}],"wp:term":[{"taxonomy":"category","embeddable":true,"href":"https:\/\/wbs-luebeck.de\/wbs\/wp-json\/wp\/v2\/categories?post=3434"},{"taxonomy":"post_tag","embeddable":true,"href":"https:\/\/wbs-luebeck.de\/wbs\/wp-json\/wp\/v2\/tags?post=3434"}],"curies":[{"name":"wp","href":"https:\/\/api.w.org\/{rel}","templated":true}]}}