{"id":3428,"date":"2020-03-12T20:28:33","date_gmt":"2020-03-12T20:28:33","guid":{"rendered":"http:\/\/wbs-luebeck.de\/wbs\/?p=3428"},"modified":"2020-03-12T20:28:33","modified_gmt":"2020-03-12T20:28:33","slug":"schulgottesdienst-einladung-in-die-fischerkirche","status":"publish","type":"post","link":"https:\/\/wbs-luebeck.de\/wbs\/schulgottesdienst-einladung-in-die-fischerkirche\/","title":{"rendered":"Schulgottesdienst: Einladung in die Fischerkirche"},"content":{"rendered":"<p><div class=\"fusion-fullwidth fullwidth-box fusion-builder-row-1 nonhundred-percent-fullwidth non-hundred-percent-height-scrolling\" style=\"--awb-border-radius-top-left:0px;--awb-border-radius-top-right:0px;--awb-border-radius-bottom-right:0px;--awb-border-radius-bottom-left:0px;--awb-padding-right:0px;--awb-padding-bottom:0px;--awb-padding-left:0px;--awb-margin-top:-90px;--awb-background-color:#ffffff;--awb-border-sizes-top:0px;--awb-border-sizes-bottom:0px;--awb-flex-wrap:wrap;\" ><div class=\"fusion-builder-row fusion-row\"><div class=\"fusion-layout-column fusion_builder_column fusion-builder-column-0 fusion_builder_column_1_1 1_1 fusion-one-full fusion-column-first fusion-column-last\" style=\"--awb-padding-top:40px;--awb-padding-right:4%;--awb-padding-bottom:20px;--awb-padding-left:4%;--awb-bg-color:rgba(255,255,255,0);--awb-bg-color-hover:rgba(255,255,255,0);--awb-bg-size:cover;--awb-box-shadow:0px -5px 15px 0px rgba(0,0,0,0.03);;--awb-border-color:#3bc863;--awb-border-style:solid;--awb-margin-top:0px;--awb-margin-bottom:0px;\"><div class=\"fusion-column-wrapper fusion-column-has-shadow fusion-flex-column-wrapper-legacy\"><div class=\"fusion-text fusion-text-1\"><p>Am Dienstag, 10. M\u00e4rz 2020 fanden in der Fischerkirche wie jedes Jahr anl\u00e4sslich des Weltgebetstags zwei Schulgottesdienste statt. Frau Kottke mit der 6a, Frau Heuermann mit der 10b luden ein. Musikalisch unterst\u00fctzt durch Frau Raithel und unsere Schulsozialarbeiterin Frau Lindke untermalten unsere Bands dieses besondere Ereignis. Das Frauen aus dem Land Simbabwe richteten dieses Jahr den Weltgebetstag aus. Niemand musste daran teilnehmen, aber viele Sch\u00fclerinnen und Sch\u00fcler kamen. Vielen Dank den beteiligten Lehrkr\u00e4ften und Klassen f\u00fcr diesen Moment des &#8222;Innehaltens&#8220;.<\/p>\n<\/div><div class=\"fusion-clearfix\"><\/div><\/div><\/div><\/div><\/div><div class=\"fusion-fullwidth fullwidth-box fusion-builder-row-2 nonhundred-percent-fullwidth non-hundred-percent-height-scrolling\" style=\"--awb-border-radius-top-left:0px;--awb-border-radius-top-right:0px;--awb-border-radius-bottom-right:0px;--awb-border-radius-bottom-left:0px;--awb-margin-bottom:30px;--awb-flex-wrap:wrap;\" ><div class=\"fusion-builder-row fusion-row\"><div class=\"fusion-layout-column fusion_builder_column fusion-builder-column-1 fusion_builder_column_1_1 1_1 fusion-one-full fusion-column-first fusion-column-last\" style=\"--awb-bg-size:cover;\"><div class=\"fusion-column-wrapper fusion-column-has-shadow fusion-flex-column-wrapper-legacy\"><div class=\"fusion-section-separator section-separator triangle fusion-section-separator-1\" style=\"--awb-border-top:0px solid #e0dede;--awb-spacer-height:0px;--awb-svg-margin-left:0;--awb-svg-margin-right:0;--awb-icon-color:#ffffff;\"><div class=\"fusion-section-separator-svg\"><div class=\"divider-candy-arrow top\" style=\"bottom:0px;border-bottom-color: #f5f5f1;\"><\/div><div class=\"divider-candy top\" style=\"top:-20px;border-bottom:1px solid #e0dede;border-left:1px solid #e0dede;\"><\/div><\/div><div class=\"fusion-section-separator-spacer\"><div class=\"fusion-section-separator-spacer-height\"><\/div><\/div><\/div><div class=\"fusion-clearfix\"><\/div><\/div><\/div><\/div><\/div><div class=\"fusion-fullwidth fullwidth-box fusion-builder-row-3 nonhundred-percent-fullwidth non-hundred-percent-height-scrolling\" style=\"--awb-border-radius-top-left:0px;--awb-border-radius-top-right:0px;--awb-border-radius-bottom-right:0px;--awb-border-radius-bottom-left:0px;--awb-flex-wrap:wrap;\" ><div class=\"fusion-builder-row fusion-row\"><div class=\"fusion-layout-column fusion_builder_column fusion-builder-column-2 fusion_builder_column_1_1 1_1 fusion-one-full fusion-column-first fusion-column-last\" style=\"--awb-bg-size:cover;\"><div class=\"fusion-column-wrapper fusion-column-has-shadow fusion-flex-column-wrapper-legacy\"><div class=\"awb-gallery-wrapper awb-gallery-wrapper-1 button-span-no\"><div style=\"margin:-5px;--awb-bordersize:0px;\" class=\"fusion-gallery fusion-gallery-container fusion-grid-3 fusion-columns-total-1 fusion-gallery-layout-grid fusion-gallery-1\"><div style=\"padding:5px;\" class=\"fusion-grid-column fusion-gallery-column fusion-gallery-column-3 hover-type-zoomin\"><div class=\"fusion-gallery-image\"><a href=\"https:\/\/wbs-luebeck.de\/wbs\/wp-content\/uploads\/2020\/03\/Kirche-2-scaled-e1584044801118.jpg\" rel=\"noreferrer\" data-rel=\"iLightbox[gallery_image_1]\" class=\"fusion-lightbox\" target=\"_self\"><img decoding=\"async\" src=\"https:\/\/wbs-luebeck.de\/wbs\/wp-content\/uploads\/2020\/03\/Kirche-2-scaled-e1584044801118.jpg\" width=\"1920\" height=\"1280\" alt=\"\" title=\"Kirche 2\" aria-label=\"Kirche 2\" class=\"img-responsive wp-image-3429\" srcset=\"https:\/\/wbs-luebeck.de\/wbs\/wp-content\/uploads\/2020\/03\/Kirche-2-scaled-e1584044801118-200x133.jpg 200w, https:\/\/wbs-luebeck.de\/wbs\/wp-content\/uploads\/2020\/03\/Kirche-2-scaled-e1584044801118-400x267.jpg 400w, https:\/\/wbs-luebeck.de\/wbs\/wp-content\/uploads\/2020\/03\/Kirche-2-scaled-e1584044801118-600x400.jpg 600w, https:\/\/wbs-luebeck.de\/wbs\/wp-content\/uploads\/2020\/03\/Kirche-2-scaled-e1584044801118-800x533.jpg 800w, https:\/\/wbs-luebeck.de\/wbs\/wp-content\/uploads\/2020\/03\/Kirche-2-scaled-e1584044801118-1200x800.jpg 1200w, https:\/\/wbs-luebeck.de\/wbs\/wp-content\/uploads\/2020\/03\/Kirche-2-scaled-e1584044801118.jpg 1920w\" sizes=\"(min-width: 2200px) 100vw, (min-width: 784px) 397px, (min-width: 712px) 595px, (min-width: 640px) 712px, \" \/><\/a><\/div><\/div><\/div><\/div><div class=\"fusion-clearfix\"><\/div><\/div><\/div><\/div><\/div><\/p>\n","protected":false},"excerpt":{"rendered":"","protected":false},"author":2,"featured_media":3429,"comment_status":"closed","ping_status":"open","sticky":false,"template":"","format":"standard","meta":{"_acf_changed":false,"footnotes":""},"categories":[83],"tags":[],"acf":[],"_links":{"self":[{"href":"https:\/\/wbs-luebeck.de\/wbs\/wp-json\/wp\/v2\/posts\/3428"}],"collection":[{"href":"https:\/\/wbs-luebeck.de\/wbs\/wp-json\/wp\/v2\/posts"}],"about":[{"href":"https:\/\/wbs-luebeck.de\/wbs\/wp-json\/wp\/v2\/types\/post"}],"author":[{"embeddable":true,"href":"https:\/\/wbs-luebeck.de\/wbs\/wp-json\/wp\/v2\/users\/2"}],"replies":[{"embeddable":true,"href":"https:\/\/wbs-luebeck.de\/wbs\/wp-json\/wp\/v2\/comments?post=3428"}],"version-history":[{"count":2,"href":"https:\/\/wbs-luebeck.de\/wbs\/wp-json\/wp\/v2\/posts\/3428\/revisions"}],"predecessor-version":[{"id":3432,"href":"https:\/\/wbs-luebeck.de\/wbs\/wp-json\/wp\/v2\/posts\/3428\/revisions\/3432"}],"wp:featuredmedia":[{"embeddable":true,"href":"https:\/\/wbs-luebeck.de\/wbs\/wp-json\/wp\/v2\/media\/3429"}],"wp:attachment":[{"href":"https:\/\/wbs-luebeck.de\/wbs\/wp-json\/wp\/v2\/media?parent=3428"}],"wp:term":[{"taxonomy":"category","embeddable":true,"href":"https:\/\/wbs-luebeck.de\/wbs\/wp-json\/wp\/v2\/categories?post=3428"},{"taxonomy":"post_tag","embeddable":true,"href":"https:\/\/wbs-luebeck.de\/wbs\/wp-json\/wp\/v2\/tags?post=3428"}],"curies":[{"name":"wp","href":"https:\/\/api.w.org\/{rel}","templated":true}]}}