{"id":3316,"date":"2019-10-31T21:28:49","date_gmt":"2019-10-31T21:28:49","guid":{"rendered":"http:\/\/wbs-luebeck.de\/wbs\/?p=3316"},"modified":"2020-02-18T21:30:10","modified_gmt":"2020-02-18T21:30:10","slug":"wie-siehst-du-das","status":"publish","type":"post","link":"https:\/\/wbs-luebeck.de\/wbs\/wie-siehst-du-das\/","title":{"rendered":"&#8222;Wie siehst du das?&#8220;"},"content":{"rendered":"<div class=\"fusion-fullwidth fullwidth-box fusion-builder-row-1 nonhundred-percent-fullwidth non-hundred-percent-height-scrolling\" style=\"--awb-border-radius-top-left:0px;--awb-border-radius-top-right:0px;--awb-border-radius-bottom-right:0px;--awb-border-radius-bottom-left:0px;--awb-padding-right:0px;--awb-padding-bottom:0px;--awb-padding-left:0px;--awb-margin-top:-90px;--awb-background-color:#ffffff;--awb-border-sizes-top:0px;--awb-border-sizes-bottom:0px;--awb-flex-wrap:wrap;\" ><div class=\"fusion-builder-row fusion-row\"><div class=\"fusion-layout-column fusion_builder_column fusion-builder-column-0 fusion_builder_column_1_1 1_1 fusion-one-full fusion-column-first fusion-column-last\" style=\"--awb-padding-top:40px;--awb-padding-right:4%;--awb-padding-bottom:20px;--awb-padding-left:4%;--awb-bg-color:rgba(255,255,255,0);--awb-bg-color-hover:rgba(255,255,255,0);--awb-bg-size:cover;--awb-box-shadow:0px -5px 15px 0px rgba(0,0,0,0.03);;--awb-border-color:#3bc863;--awb-border-style:solid;--awb-margin-top:0px;--awb-margin-bottom:0px;\"><div class=\"fusion-column-wrapper fusion-column-has-shadow fusion-flex-column-wrapper-legacy\"><div class=\"fusion-text fusion-text-1\"><p>\u201eWie siehst du das?\u201c Unser Theater-, Schreib- und Malprojekt zum Konflikttraining fand erstmalig im Herbst 2019 in der 5b statt. Unter der Leitung unserer Musiklehrkraft und Kulturvermittlerin Carmen Raithel forschte die Kinder nach Blockaden, die in einer angespannten Situation das einander\u00a0Zuh\u00f6ren und Verstehen das Zusammensein erschweren.<\/p>\n<p>Mithilfe der Gewaltfreien Kommunikation nach Marshall Rosenberg \u00fcben sich die Kinder darin, ein offenes und einf\u00fchlsames Miteinander zu gestalten.\u00a0Dieses Modell best\u00e4rkt uns darin, klar zu beobachten, Gef\u00fchle und Bed\u00fcrfnisse zu benennen, Bitten zu formulieren und zur L\u00f6sung von Konflikten und damit zum Wohlergehen aller beizutragen. Diese Sprache ist sowohl selbstbehauptend als auch einf\u00fchlsam.<\/p>\n<p>Konzipiert und durchgef\u00fchrt wurde dieses Projekt Cornelia Koch,\u00a0Carmen Raithel,\u00a0HannaH Rau\u00a0und Susan Thomas.<\/p>\n<p>Finanziell erm\u00f6glicht durch:<\/p>\n<p>\u201eSchule trifft Kultur &#8211; Kultur trifft Schule\u201c des Landes SH<\/p>\n<p>Mercator Stiftung<\/p>\n<p>Schulverein der Willy-Brandt-Schule<\/p>\n<\/div><div class=\"fusion-clearfix\"><\/div><\/div><\/div><\/div><\/div>\n","protected":false},"excerpt":{"rendered":"","protected":false},"author":2,"featured_media":3317,"comment_status":"closed","ping_status":"open","sticky":false,"template":"","format":"standard","meta":{"_acf_changed":false,"footnotes":""},"categories":[83],"tags":[],"acf":[],"_links":{"self":[{"href":"https:\/\/wbs-luebeck.de\/wbs\/wp-json\/wp\/v2\/posts\/3316"}],"collection":[{"href":"https:\/\/wbs-luebeck.de\/wbs\/wp-json\/wp\/v2\/posts"}],"about":[{"href":"https:\/\/wbs-luebeck.de\/wbs\/wp-json\/wp\/v2\/types\/post"}],"author":[{"embeddable":true,"href":"https:\/\/wbs-luebeck.de\/wbs\/wp-json\/wp\/v2\/users\/2"}],"replies":[{"embeddable":true,"href":"https:\/\/wbs-luebeck.de\/wbs\/wp-json\/wp\/v2\/comments?post=3316"}],"version-history":[{"count":1,"href":"https:\/\/wbs-luebeck.de\/wbs\/wp-json\/wp\/v2\/posts\/3316\/revisions"}],"predecessor-version":[{"id":3318,"href":"https:\/\/wbs-luebeck.de\/wbs\/wp-json\/wp\/v2\/posts\/3316\/revisions\/3318"}],"wp:featuredmedia":[{"embeddable":true,"href":"https:\/\/wbs-luebeck.de\/wbs\/wp-json\/wp\/v2\/media\/3317"}],"wp:attachment":[{"href":"https:\/\/wbs-luebeck.de\/wbs\/wp-json\/wp\/v2\/media?parent=3316"}],"wp:term":[{"taxonomy":"category","embeddable":true,"href":"https:\/\/wbs-luebeck.de\/wbs\/wp-json\/wp\/v2\/categories?post=3316"},{"taxonomy":"post_tag","embeddable":true,"href":"https:\/\/wbs-luebeck.de\/wbs\/wp-json\/wp\/v2\/tags?post=3316"}],"curies":[{"name":"wp","href":"https:\/\/api.w.org\/{rel}","templated":true}]}}