{"id":3311,"date":"2019-11-09T20:53:47","date_gmt":"2019-11-09T20:53:47","guid":{"rendered":"http:\/\/wbs-luebeck.de\/wbs\/?p=3311"},"modified":"2020-02-18T20:59:22","modified_gmt":"2020-02-18T20:59:22","slug":"demokratietag-der-heinrich-boell-stiftung","status":"publish","type":"post","link":"https:\/\/wbs-luebeck.de\/wbs\/demokratietag-der-heinrich-boell-stiftung\/","title":{"rendered":"Demokratietag der Heinrich-B\u00f6ll-Stiftung"},"content":{"rendered":"<div class=\"fusion-fullwidth fullwidth-box fusion-builder-row-1 nonhundred-percent-fullwidth non-hundred-percent-height-scrolling\" style=\"--awb-border-radius-top-left:0px;--awb-border-radius-top-right:0px;--awb-border-radius-bottom-right:0px;--awb-border-radius-bottom-left:0px;--awb-padding-right:0px;--awb-padding-bottom:0px;--awb-padding-left:0px;--awb-margin-top:-90px;--awb-background-color:#ffffff;--awb-border-sizes-top:0px;--awb-border-sizes-bottom:0px;--awb-flex-wrap:wrap;\" ><div class=\"fusion-builder-row fusion-row\"><div class=\"fusion-layout-column fusion_builder_column fusion-builder-column-0 fusion_builder_column_1_1 1_1 fusion-one-full fusion-column-first fusion-column-last\" style=\"--awb-padding-top:40px;--awb-padding-right:4%;--awb-padding-bottom:20px;--awb-padding-left:4%;--awb-bg-color:rgba(255,255,255,0);--awb-bg-color-hover:rgba(255,255,255,0);--awb-bg-size:cover;--awb-box-shadow:0px -5px 15px 0px rgba(0,0,0,0.03);;--awb-border-color:#3bc863;--awb-border-style:solid;--awb-margin-top:0px;--awb-margin-bottom:0px;\"><div class=\"fusion-column-wrapper fusion-column-has-shadow fusion-flex-column-wrapper-legacy\"><div class=\"fusion-text fusion-text-1\"><p>Am 8. November 2019 richtete die Heinrich B\u00f6ll Stiftung gemeinsam mit uns den Demokratietag aus. Unser Motto war schnell gefunden:<strong>\u201eMehr Demokratie wagen \u2013 mehr wir!\u201c<br \/>\n<\/strong>70 Jahre Grundgesetz \u201350 Jahre Kanzlerschaft Willy-Brandt \u201330 Jahre Grenz\u00f6ffnung: Dieses besondere Jahr haben wir zum Anlass genommen:Wir haben das Segel gehisst -Alle Sch\u00fcler:innen der Jahrg\u00e4nge 5-10 konnten aus 19 Workshops w\u00e4hlen, die von externen Einzelpersonen oder zivilgesellschaftlichen Organisationen angeboten wurden, ausw\u00e4hlen. Mit diesen Workshops m\u00f6chten wir unsere die Sch\u00fclerschaft in die Lage versetzen, gesellschaftliche Fragen f\u00fcr sich zu beantworten, einen pers\u00f6nlichen Bezug herzustellen und Freude am \u201eMitmischen\u201c zu entwickeln.<\/p>\n<p>Wir freuen uns, dass wir auch in 2020 unterst\u00fctzt durch Helen Ruck von der Heinrich-B\u00f6ll-Stiftung wieder einen Demokratietag ausrichten werden.<\/p>\n<p>Der NDR begleitete uns an diesem Tag. Hier zum Nachh\u00f6ren:<\/p>\n<div><a href=\"https:\/\/deref-web-02.de\/mail\/client\/OvgDAOjmcR8\/dereferrer\/?redirectUrl=https%3A%2F%2Fwww.ndr.de%2Fnachrichten%2Finfo%2FDemokratie-lernen-schon-in-der-Unterstufe%2Caudio600778.html\" target=\"_blank\" rel=\"noopener noreferrer\">https:\/\/www.ndr.de\/nachrichten\/info\/Demokratie-lernen-schon-in-der-Unterstufe,audio600778.html<\/a><\/div>\n<p><a href=\"https:\/\/deref-web-02.de\/mail\/client\/OvgDAOjmcR8\/dereferrer\/?redirectUrl=https%3A%2F%2Fwww.ndr.de%2Fnachrichten%2Finfo%2FDemokratie-lernen-schon-in-der-Unterstufe%2Caudio600778.html\" target=\"_blank\" rel=\"noopener noreferrer\">https:\/\/www.ndr.de\/nachrichten\/info\/Demokratie-lernen-schon-in-der-Unterstufe,audio600778.html<\/a><\/p>\n<\/div><div class=\"fusion-clearfix\"><\/div><\/div><\/div><\/div><\/div>\n","protected":false},"excerpt":{"rendered":"","protected":false},"author":2,"featured_media":3312,"comment_status":"closed","ping_status":"open","sticky":false,"template":"","format":"standard","meta":{"_acf_changed":false,"footnotes":""},"categories":[83],"tags":[],"acf":[],"_links":{"self":[{"href":"https:\/\/wbs-luebeck.de\/wbs\/wp-json\/wp\/v2\/posts\/3311"}],"collection":[{"href":"https:\/\/wbs-luebeck.de\/wbs\/wp-json\/wp\/v2\/posts"}],"about":[{"href":"https:\/\/wbs-luebeck.de\/wbs\/wp-json\/wp\/v2\/types\/post"}],"author":[{"embeddable":true,"href":"https:\/\/wbs-luebeck.de\/wbs\/wp-json\/wp\/v2\/users\/2"}],"replies":[{"embeddable":true,"href":"https:\/\/wbs-luebeck.de\/wbs\/wp-json\/wp\/v2\/comments?post=3311"}],"version-history":[{"count":2,"href":"https:\/\/wbs-luebeck.de\/wbs\/wp-json\/wp\/v2\/posts\/3311\/revisions"}],"predecessor-version":[{"id":3314,"href":"https:\/\/wbs-luebeck.de\/wbs\/wp-json\/wp\/v2\/posts\/3311\/revisions\/3314"}],"wp:featuredmedia":[{"embeddable":true,"href":"https:\/\/wbs-luebeck.de\/wbs\/wp-json\/wp\/v2\/media\/3312"}],"wp:attachment":[{"href":"https:\/\/wbs-luebeck.de\/wbs\/wp-json\/wp\/v2\/media?parent=3311"}],"wp:term":[{"taxonomy":"category","embeddable":true,"href":"https:\/\/wbs-luebeck.de\/wbs\/wp-json\/wp\/v2\/categories?post=3311"},{"taxonomy":"post_tag","embeddable":true,"href":"https:\/\/wbs-luebeck.de\/wbs\/wp-json\/wp\/v2\/tags?post=3311"}],"curies":[{"name":"wp","href":"https:\/\/api.w.org\/{rel}","templated":true}]}}