{"id":3248,"date":"2020-02-11T21:40:23","date_gmt":"2020-02-11T21:40:23","guid":{"rendered":"http:\/\/wbs-luebeck.de\/wbs\/?p=3248"},"modified":"2020-02-18T20:36:34","modified_gmt":"2020-02-18T20:36:34","slug":"gefangene-helfen-e-v","status":"publish","type":"post","link":"https:\/\/wbs-luebeck.de\/wbs\/gefangene-helfen-e-v\/","title":{"rendered":"Gefangene helfen e.V."},"content":{"rendered":"<div class=\"fusion-fullwidth fullwidth-box fusion-builder-row-1 nonhundred-percent-fullwidth non-hundred-percent-height-scrolling\" style=\"--awb-border-radius-top-left:0px;--awb-border-radius-top-right:0px;--awb-border-radius-bottom-right:0px;--awb-border-radius-bottom-left:0px;--awb-padding-right:0px;--awb-padding-bottom:0px;--awb-padding-left:0px;--awb-margin-top:-90px;--awb-background-color:#ffffff;--awb-border-sizes-top:0px;--awb-border-sizes-bottom:0px;--awb-flex-wrap:wrap;\" ><div class=\"fusion-builder-row fusion-row\"><div class=\"fusion-layout-column fusion_builder_column fusion-builder-column-0 fusion_builder_column_1_1 1_1 fusion-one-full fusion-column-first fusion-column-last\" style=\"--awb-padding-top:40px;--awb-padding-right:4%;--awb-padding-bottom:20px;--awb-padding-left:4%;--awb-bg-color:rgba(255,255,255,0);--awb-bg-color-hover:rgba(255,255,255,0);--awb-bg-size:cover;--awb-box-shadow:0px -5px 15px 0px rgba(0,0,0,0.03);;--awb-border-color:#3bc863;--awb-border-style:solid;--awb-margin-top:0px;--awb-margin-bottom:0px;\"><div class=\"fusion-column-wrapper fusion-column-has-shadow fusion-flex-column-wrapper-legacy\"><div class=\"fusion-text fusion-text-1\"><p>Henry-Oliver Jakobs sa\u00df 19 Jahre lang im Gef\u00e4ngnis. Mittlerweile kl\u00e4rt er junge Menschen auf, damit sie nicht auf die schiefe Bahn geraten. Seit diesem Schuljahr kl\u00e4rt er dank der finanziellen Unterst\u00fctzung der Bluhme-Jebsen-Stiftung auch bei uns auf!<br \/>\nEr besucht insgesamt sechs Stunden lang, verteilt auf zwei Tage, unsere achten und neunten Klassen.<br \/>\nLehrkr\u00e4fte wie auch Sch\u00fclerinnen und Sch\u00fcler h\u00f6ren ihm gebannt zu, stellen ihm und sich die Frage, ob man sich wirklich f\u00fcr einen Mord &#8222;entschuldigen&#8220; kann&#8220; und wie man mit dieser Schuld lebt.<br \/>\nOffen und warnend spricht er &#8211; vielen Dank, Olly f\u00fcr diese Einblicke!<br \/>\nFinanzielle erm\u00f6glicht wurde uns dieser Besuch von der Friedrich Blume und Else Jensen Stiftung.<\/p>\n<\/div><div class=\"fusion-clearfix\"><\/div><\/div><\/div><\/div><\/div>\n","protected":false},"excerpt":{"rendered":"","protected":false},"author":1,"featured_media":3249,"comment_status":"closed","ping_status":"open","sticky":false,"template":"","format":"standard","meta":{"_acf_changed":false,"footnotes":""},"categories":[83],"tags":[],"acf":[],"_links":{"self":[{"href":"https:\/\/wbs-luebeck.de\/wbs\/wp-json\/wp\/v2\/posts\/3248"}],"collection":[{"href":"https:\/\/wbs-luebeck.de\/wbs\/wp-json\/wp\/v2\/posts"}],"about":[{"href":"https:\/\/wbs-luebeck.de\/wbs\/wp-json\/wp\/v2\/types\/post"}],"author":[{"embeddable":true,"href":"https:\/\/wbs-luebeck.de\/wbs\/wp-json\/wp\/v2\/users\/1"}],"replies":[{"embeddable":true,"href":"https:\/\/wbs-luebeck.de\/wbs\/wp-json\/wp\/v2\/comments?post=3248"}],"version-history":[{"count":2,"href":"https:\/\/wbs-luebeck.de\/wbs\/wp-json\/wp\/v2\/posts\/3248\/revisions"}],"predecessor-version":[{"id":3309,"href":"https:\/\/wbs-luebeck.de\/wbs\/wp-json\/wp\/v2\/posts\/3248\/revisions\/3309"}],"wp:featuredmedia":[{"embeddable":true,"href":"https:\/\/wbs-luebeck.de\/wbs\/wp-json\/wp\/v2\/media\/3249"}],"wp:attachment":[{"href":"https:\/\/wbs-luebeck.de\/wbs\/wp-json\/wp\/v2\/media?parent=3248"}],"wp:term":[{"taxonomy":"category","embeddable":true,"href":"https:\/\/wbs-luebeck.de\/wbs\/wp-json\/wp\/v2\/categories?post=3248"},{"taxonomy":"post_tag","embeddable":true,"href":"https:\/\/wbs-luebeck.de\/wbs\/wp-json\/wp\/v2\/tags?post=3248"}],"curies":[{"name":"wp","href":"https:\/\/api.w.org\/{rel}","templated":true}]}}