{"id":3194,"date":"2020-01-10T21:21:59","date_gmt":"2020-01-10T21:21:59","guid":{"rendered":"http:\/\/wbs-luebeck.de\/wbs\/?p=3194"},"modified":"2020-02-11T21:24:39","modified_gmt":"2020-02-11T21:24:39","slug":"infoabend-17-februar-2020-2","status":"publish","type":"post","link":"https:\/\/wbs-luebeck.de\/wbs\/infoabend-17-februar-2020-2\/","title":{"rendered":"Schule pflanzt Zukunft"},"content":{"rendered":"<div class=\"fusion-fullwidth fullwidth-box fusion-builder-row-1 nonhundred-percent-fullwidth non-hundred-percent-height-scrolling\" style=\"--awb-border-radius-top-left:0px;--awb-border-radius-top-right:0px;--awb-border-radius-bottom-right:0px;--awb-border-radius-bottom-left:0px;--awb-padding-right:0px;--awb-padding-bottom:0px;--awb-padding-left:0px;--awb-margin-top:-90px;--awb-background-color:#ffffff;--awb-border-sizes-top:0px;--awb-border-sizes-bottom:0px;--awb-flex-wrap:wrap;\" ><div class=\"fusion-builder-row fusion-row\"><div class=\"fusion-layout-column fusion_builder_column fusion-builder-column-0 fusion_builder_column_1_1 1_1 fusion-one-full fusion-column-first fusion-column-last\" style=\"--awb-padding-top:40px;--awb-padding-right:4%;--awb-padding-bottom:20px;--awb-padding-left:4%;--awb-bg-color:rgba(255,255,255,0);--awb-bg-color-hover:rgba(255,255,255,0);--awb-bg-size:cover;--awb-box-shadow:0px -5px 15px 0px rgba(0,0,0,0.03);;--awb-border-color:#3bc863;--awb-border-style:solid;--awb-margin-top:0px;--awb-margin-bottom:0px;\"><div class=\"fusion-column-wrapper fusion-column-has-shadow fusion-flex-column-wrapper-legacy\"><div class=\"fusion-text fusion-text-1\"><p><span style=\"color: var(--body_typography-color); font-family: var(--body_typography-font-family); font-size: var(--body_typography-font-size); font-style: var(--body_typography-font-style,normal); letter-spacing: var(--body_typography-letter-spacing); background-color: rgba(255, 255, 255, 0);\"><span class=\"fusion-dropcap dropcap\">S<\/span><\/span>ch\u00fclerinnen und Sch\u00fcler der Willy-Brandt-Schule (WBS) aus L\u00fcbeck-Schlutup planen f\u00fcr die Zukunft: Das neue Jahr ist wenige Tage alt und schon pflanzt die Obst-AG im schuleigenen Kleingarten vier hochst\u00e4mmige Regionalsorten.<\/p>\n<p>Die Nachmittags-AG besteht bereits seit 2016. Sie hat unter Anleitung vom Hanse-Obst e.V. bereits \u00fcber 100 Obstgeh\u00f6lze nach Schlutup gebracht. Ein Riesenspa\u00df trotz des Regens f\u00fcr die WBS-Kids und f\u00fcr Streuobstwiesenp\u00e4dagoge Ulrich Praedel, der das Naturprojekt leitet. Spa\u00df und nachhaltiger Nutzen zeichnen diese Obst-AG aus, die etliche F\u00f6rderer hinter sich hat.<\/p>\n<p>Die Propp-Stiftung hat den WBS-Lehrgarten im Kleingartenverein in der Ottostra\u00dfe 2 von Anfang an unterst\u00fctzt. \u201eWir wollen gesunde Ern\u00e4hrung, Klimakunde, Natur- und Umweltschutz noch mehr f\u00f6rdern\u201c, sagt die Schlutuper Stifterin Silvia M. Propp und schaut im Lehrgarten regelm\u00e4\u00dfig nach dem Rechten. Auch die WBS-Schulleitung, Frau Hase-Rodriguez und Frau Luhmann, guckt im \u201eSchlutuper Apfel- und Naschgarten\u201c gern vorbei, den bereits \u00fcber 50 Sch\u00fcler bewirtschafteten. Derzeit finden dort zwei AGs jeden Donnerstag und Freitag statt.<\/p>\n<p>Dieser Vorzeige-Garten entstand nach dem Konzept \u201eLeerg\u00e4rten werden Lehrg\u00e4rten\u201c, das von Hans-Dieter Schiller, Vorsitzender der L\u00fcbecker Gartenfreunde, und Heinz Egleder von Hanse-Obst entwickelt wurde. \u201eHier in Schlutup entstand der allererste Lehrgarten-Prototyp\u201c, sagt Obstliebhaber Egleder. 2019 fand in dem WBS-Garten eine Lehrer-Weiterbildung vom Bildungszentrum f\u00fcr Natur, Umwelt und l\u00e4ndliche R\u00e4ume des Landes Schleswig-Holstein statt.<\/p>\n<p>Dass das Konzept auch Kindern gef\u00e4llt, zeigt WBS-Sch\u00fcler Thies : \u201eIch bin schon f\u00fcnf Jahre in der Obst-AG und habe fast nie gefehlt\u201c, sagt der Siebtkl\u00e4ssler bei der Baumpflanzung im Nieselregen. Gepflanzt werden alte Apfelsorten: zwei Holsteiner Cox, ein Roter Bellefleur und ein Roter Berlepsch. David und Ole aus der 5b und auch Silko aus der 6a, siehe Foto, sind durch die Obst-AG ge\u00fcbte Klima- und Natursch\u00fctzer und auch Baumpflanzer geworden.<\/p>\n<p>Die Obstb\u00e4ume sind nun Teil der Essbaren Stadt L\u00fcbeck; bevor die Sch\u00fcler aber erste Fr\u00fcchte davon essen k\u00f6nnen, werden noch Jahre vergehen. Nur Thies hat schon geerntet, was er selbst mit anpflanzte. \u201eF\u00fcnf Jahre kann es schon dauern\u201c, sagt Obst- und Naturliebhaber Praedel: \u201eWir investieren hier in die Zukunft!\u201c Infos zum Projekt gibt es unter Tel. 0151\/41443322 oder 0176\/27840625.<\/p>\n<p>(Artikel und Bild: Heinz Egleder)<\/p>\n<\/div><div class=\"fusion-clearfix\"><\/div><\/div><\/div><\/div><\/div>\n","protected":false},"excerpt":{"rendered":"","protected":false},"author":2,"featured_media":3195,"comment_status":"closed","ping_status":"open","sticky":false,"template":"","format":"standard","meta":{"_acf_changed":false,"footnotes":""},"categories":[83],"tags":[],"acf":[],"_links":{"self":[{"href":"https:\/\/wbs-luebeck.de\/wbs\/wp-json\/wp\/v2\/posts\/3194"}],"collection":[{"href":"https:\/\/wbs-luebeck.de\/wbs\/wp-json\/wp\/v2\/posts"}],"about":[{"href":"https:\/\/wbs-luebeck.de\/wbs\/wp-json\/wp\/v2\/types\/post"}],"author":[{"embeddable":true,"href":"https:\/\/wbs-luebeck.de\/wbs\/wp-json\/wp\/v2\/users\/2"}],"replies":[{"embeddable":true,"href":"https:\/\/wbs-luebeck.de\/wbs\/wp-json\/wp\/v2\/comments?post=3194"}],"version-history":[{"count":2,"href":"https:\/\/wbs-luebeck.de\/wbs\/wp-json\/wp\/v2\/posts\/3194\/revisions"}],"predecessor-version":[{"id":3197,"href":"https:\/\/wbs-luebeck.de\/wbs\/wp-json\/wp\/v2\/posts\/3194\/revisions\/3197"}],"wp:featuredmedia":[{"embeddable":true,"href":"https:\/\/wbs-luebeck.de\/wbs\/wp-json\/wp\/v2\/media\/3195"}],"wp:attachment":[{"href":"https:\/\/wbs-luebeck.de\/wbs\/wp-json\/wp\/v2\/media?parent=3194"}],"wp:term":[{"taxonomy":"category","embeddable":true,"href":"https:\/\/wbs-luebeck.de\/wbs\/wp-json\/wp\/v2\/categories?post=3194"},{"taxonomy":"post_tag","embeddable":true,"href":"https:\/\/wbs-luebeck.de\/wbs\/wp-json\/wp\/v2\/tags?post=3194"}],"curies":[{"name":"wp","href":"https:\/\/api.w.org\/{rel}","templated":true}]}}