{"id":3172,"date":"2020-02-10T20:01:03","date_gmt":"2020-02-10T20:01:03","guid":{"rendered":"http:\/\/wbs-luebeck.de\/wbs\/?p=3172"},"modified":"2020-02-10T20:05:34","modified_gmt":"2020-02-10T20:05:34","slug":"infoabend-17-februar-2020","status":"publish","type":"post","link":"https:\/\/wbs-luebeck.de\/wbs\/infoabend-17-februar-2020\/","title":{"rendered":"Infoabend 17. Februar 2020"},"content":{"rendered":"<div class=\"fusion-fullwidth fullwidth-box fusion-builder-row-1 nonhundred-percent-fullwidth non-hundred-percent-height-scrolling\" style=\"--awb-border-radius-top-left:0px;--awb-border-radius-top-right:0px;--awb-border-radius-bottom-right:0px;--awb-border-radius-bottom-left:0px;--awb-padding-right:0px;--awb-padding-bottom:0px;--awb-padding-left:0px;--awb-margin-top:-90px;--awb-background-color:#ffffff;--awb-border-sizes-top:0px;--awb-border-sizes-bottom:0px;--awb-flex-wrap:wrap;\" ><div class=\"fusion-builder-row fusion-row\"><div class=\"fusion-layout-column fusion_builder_column fusion-builder-column-0 fusion_builder_column_1_1 1_1 fusion-one-full fusion-column-first fusion-column-last\" style=\"--awb-padding-top:40px;--awb-padding-right:4%;--awb-padding-bottom:20px;--awb-padding-left:4%;--awb-bg-color:rgba(255,255,255,0);--awb-bg-color-hover:rgba(255,255,255,0);--awb-bg-size:cover;--awb-box-shadow:0px -5px 15px 0px rgba(0,0,0,0.03);;--awb-border-color:#3bc863;--awb-border-style:solid;--awb-margin-top:0px;--awb-margin-bottom:0px;\"><div class=\"fusion-column-wrapper fusion-column-has-shadow fusion-flex-column-wrapper-legacy\"><div class=\"fusion-text fusion-text-1\"><p><span style=\"color: var(--body_typography-color); font-family: var(--body_typography-font-family); font-size: var(--body_typography-font-size); font-style: var(--body_typography-font-style,normal); letter-spacing: var(--body_typography-letter-spacing); background-color: rgba(255, 255, 255, 0);\"><span class=\"fusion-dropcap dropcap\">T<\/span><\/span>AG DER OFFENEN T\u00dcR &#8211; 17. FEBRUAR 2020<\/p>\n<p><strong>Infoabend an der Willy-Brandt-Gemeinschaftsschule f\u00fcr zuk\u00fcnftige 5. Kl\u00e4ssler:innen<\/strong><\/p>\n<p>Auch in diesem Jahr m\u00f6chten wir Sie, liebe Eltern und Euch, liebe Sch\u00fclerInnen der vierten Klassen, herzlich zu unserem\u00a0<strong>Infoabend<\/strong>\u00a0am\u00a0<strong>17.02.2020 ab 18:00 Uhr<\/strong>\u00a0in die R\u00e4ume der Willy-Brandt-Gemeinschaftsschule, Beim Meilenstein 2 in Schlutup, einladen.<\/p>\n<p>An diesem Abend erhalten Sie, liebe Eltern, einen Einblick in unser Schulkonzept. Die Vorstellung erfolgt\u00a0<strong>in der Mensa<\/strong>.<\/p>\n<p>Ihr, liebe Sch\u00fclerInnen, habt an diesem Abend die M\u00f6glichkeit, an interessanten und abwechslungsreichen Mitmachaktionen verschiedener F\u00e4cher und Profile teilzunehmen. Ihr werdet am Eingang in Empfang genommen, in kleine Gruppen eingeteilt und von Sch\u00fclerpaten begleitet.<\/p>\n<p>An diesem Abend stellen wir ebenfalls unsere bew\u00e4hrten Profile &#8222;1st class of Rock-Band&#8220; sowie &#8222;Nawi\/Informatik und das neue Profil &#8222;Sport und Gesundheit&#8220; vor.<\/p>\n<p>Dabei w\u00fcnschen wir Euch schon jetzt viel Spa\u00df<\/p>\n<p>Natascha Klee-Eisel (Koordinatorin der WBS)<\/p>\n<p>Anmeldezeitraum: 24. Februar \u2013 04. M\u00e4rz 2020; 8:30-12:00, 27. 02.2020 17:00-19:00 Uhr oder nach telefonischer Anmeldung<\/p>\n<\/div><div class=\"fusion-clearfix\"><\/div><\/div><\/div><\/div><\/div>\n","protected":false},"excerpt":{"rendered":"","protected":false},"author":2,"featured_media":3169,"comment_status":"closed","ping_status":"open","sticky":false,"template":"","format":"standard","meta":{"_acf_changed":false,"footnotes":""},"categories":[83],"tags":[],"acf":[],"_links":{"self":[{"href":"https:\/\/wbs-luebeck.de\/wbs\/wp-json\/wp\/v2\/posts\/3172"}],"collection":[{"href":"https:\/\/wbs-luebeck.de\/wbs\/wp-json\/wp\/v2\/posts"}],"about":[{"href":"https:\/\/wbs-luebeck.de\/wbs\/wp-json\/wp\/v2\/types\/post"}],"author":[{"embeddable":true,"href":"https:\/\/wbs-luebeck.de\/wbs\/wp-json\/wp\/v2\/users\/2"}],"replies":[{"embeddable":true,"href":"https:\/\/wbs-luebeck.de\/wbs\/wp-json\/wp\/v2\/comments?post=3172"}],"version-history":[{"count":3,"href":"https:\/\/wbs-luebeck.de\/wbs\/wp-json\/wp\/v2\/posts\/3172\/revisions"}],"predecessor-version":[{"id":3175,"href":"https:\/\/wbs-luebeck.de\/wbs\/wp-json\/wp\/v2\/posts\/3172\/revisions\/3175"}],"wp:featuredmedia":[{"embeddable":true,"href":"https:\/\/wbs-luebeck.de\/wbs\/wp-json\/wp\/v2\/media\/3169"}],"wp:attachment":[{"href":"https:\/\/wbs-luebeck.de\/wbs\/wp-json\/wp\/v2\/media?parent=3172"}],"wp:term":[{"taxonomy":"category","embeddable":true,"href":"https:\/\/wbs-luebeck.de\/wbs\/wp-json\/wp\/v2\/categories?post=3172"},{"taxonomy":"post_tag","embeddable":true,"href":"https:\/\/wbs-luebeck.de\/wbs\/wp-json\/wp\/v2\/tags?post=3172"}],"curies":[{"name":"wp","href":"https:\/\/api.w.org\/{rel}","templated":true}]}}