{"id":3003,"date":"2020-02-04T10:53:50","date_gmt":"2020-02-04T10:53:50","guid":{"rendered":"http:\/\/wbs-luebeck.de\/wbs\/?p=3003"},"modified":"2020-02-07T12:01:19","modified_gmt":"2020-02-07T12:01:19","slug":"partizipation-mitmischen","status":"publish","type":"post","link":"https:\/\/wbs-luebeck.de\/wbs\/partizipation-mitmischen\/","title":{"rendered":"Partizipation &#8211; mitmischen!"},"content":{"rendered":"<p><div class=\"fusion-fullwidth fullwidth-box fusion-builder-row-1 nonhundred-percent-fullwidth non-hundred-percent-height-scrolling\" style=\"--awb-border-radius-top-left:0px;--awb-border-radius-top-right:0px;--awb-border-radius-bottom-right:0px;--awb-border-radius-bottom-left:0px;--awb-padding-right:0px;--awb-padding-bottom:0px;--awb-padding-left:0px;--awb-margin-top:-90px;--awb-background-color:#ffffff;--awb-border-sizes-top:0px;--awb-border-sizes-bottom:0px;--awb-flex-wrap:wrap;\" ><div class=\"fusion-builder-row fusion-row\"><div class=\"fusion-layout-column fusion_builder_column fusion-builder-column-0 fusion_builder_column_1_1 1_1 fusion-one-full fusion-column-first fusion-column-last\" style=\"--awb-padding-top:40px;--awb-padding-right:4%;--awb-padding-bottom:20px;--awb-padding-left:4%;--awb-bg-color:rgba(255,255,255,0);--awb-bg-color-hover:rgba(255,255,255,0);--awb-bg-size:cover;--awb-box-shadow:0px -5px 15px 0px rgba(0,0,0,0.03);;--awb-border-color:#3bc863;--awb-border-style:solid;--awb-margin-top:0px;--awb-margin-bottom:0px;\"><div class=\"fusion-column-wrapper fusion-column-has-shadow fusion-flex-column-wrapper-legacy\"><div class=\"fusion-text fusion-text-1\"><p><span style=\"color: var(--body_typography-color); font-family: var(--body_typography-font-family); font-size: var(--body_typography-font-size); font-style: var(--body_typography-font-style,normal); letter-spacing: var(--body_typography-letter-spacing); background-color: rgba(255, 255, 255, 0);\"><span class=\"fusion-dropcap dropcap\">D<\/span><\/span>ie Klasse 8a nahm im Rahmen des Kunstunterrichts am Wettbewerb des Bildungsministeriums zur Gestaltung des November-Kalenderblattes teilgenommen und den Anerkennungspreis gewonnen. Am 27.01.2020 reiste die Klasse 8a zur Preisverleihung nach Kiel, wo ihr Werk auf sehr bewegende Weise von Lenja, Marie und Marcella pr\u00e4sentiert wurde.<\/p>\n<p>Die Idee entstand auf unserem Demokratietag, f\u00fcr den die Klasse die Buchstaben DEMOKRATIE gestalteten, damit alle Sch\u00fcler:innen unserer Schule ihre Ideen und Assoziationen des Tages aufschreiben konnten. Diese Buchstaben wurden mit der Zeit lebendig. Durch die farbige Gestaltung, das Anbringen von Augen und das Erstellen von H\u00e4nden und F\u00fc\u00dfen war die Idee geboren, eine Installation zu erschaffen. Viele Kartons wurden zur ehemaligen Mauer, die unser Land einmal teilte. Die DEMOKRATIE durchbricht sie.<\/p>\n<p><a href=\"http:\/\/www.schleswig-holstein.de\/demokratiebildung\">http:\/\/www.schleswig-holstein.de\/demokratiebildung<\/a>)<\/p>\n<p>Rede von unserer Sch\u00fclerin Lenja:<\/p>\n<p><em>&#8222;Was bedeutet Kunst?<\/em><\/p>\n<p><em>Niemand wei\u00df es genau.<\/em><\/p>\n<p><em>Ist nur das Kunst, was mit Pinsel auf Papier kommt? Oder ist alles Kunst, was durch jemanden entsteht?<\/em><\/p>\n<p><em>Was ist Kunst f\u00fcr dich?<\/em><\/p>\n<p><em>Was ist Kunst f\u00fcr mich?<\/em><\/p>\n<p><em>Ist Kunst f\u00fcr jeden dasselbe?<\/em><\/p>\n<p><em>Wir denken nein!<\/em><\/p>\n<p><em>Dieses Bild hat f\u00fcr SIE vielleicht keine besondere Bedeutung.<\/em><\/p>\n<p><em>Wir, die durch dieses Bild eine Nachricht vermitteln, sehen diese Nachricht sofort.<\/em><\/p>\n<p><em>Mit diesem Bild stellen wir den Mauerfall vor 30 Jahren so dar, wie wir denken, dass es f\u00fcr die Menschen war, die nur durch DEMOKRATIE die Mauer zu Fall gebracht haben.<\/em><\/p>\n<p><em>Mit unseren farbig herausstechenden Buchstaben stellen wir die verschiedenen Menschen und Kulturen dar, die unsere Mauer durchbrachen.<\/em><\/p>\n<p><em>Die Augen zeigen, dass es nur voran geht, wenn alle in die SELBE Richtung sehen und dadurch auch f\u00fcr das SELBE einstehen.<\/em><\/p>\n<p><em>Wir m\u00fcssen MITeinander reden und MITeinander arbeiten. Dieses wird durch die H\u00e4nde auf unserem Bild deutlich.<\/em><\/p>\n<p><em>Wir werden unsere Farben,<\/em><\/p>\n<p><em>unsere Augen, unsere H\u00e4nde, unsere F\u00fc\u00dfe <\/em><\/p>\n<p><em>und unsere Worte nutzen, um die DEMOKRATIE zu st\u00e4rken.<\/em><\/p>\n<p><em>Also:<\/em><\/p>\n<p><em>Nutzen auch SIE<\/em><\/p>\n<p><em>IHRE Farbe,<\/em><\/p>\n<p><em>IHRE Augen,<\/em><\/p>\n<p><em>IHRE H\u00e4nde,<\/em><\/p>\n<p><em>IHRE F\u00fc\u00dfe<\/em><\/p>\n<p><em>Und<\/em><\/p>\n<p><em>IHRE Worte, um<\/em><\/p>\n<p><em>MITZUHELFEN&#8220;<\/em><\/p>\n<\/div><div class=\"fusion-clearfix\"><\/div><\/div><\/div><\/div><\/div><div class=\"fusion-fullwidth fullwidth-box fusion-builder-row-2 nonhundred-percent-fullwidth non-hundred-percent-height-scrolling\" style=\"--awb-border-radius-top-left:0px;--awb-border-radius-top-right:0px;--awb-border-radius-bottom-right:0px;--awb-border-radius-bottom-left:0px;--awb-margin-bottom:30px;--awb-flex-wrap:wrap;\" ><div class=\"fusion-builder-row fusion-row\"><div class=\"fusion-layout-column fusion_builder_column fusion-builder-column-1 fusion_builder_column_1_1 1_1 fusion-one-full fusion-column-first fusion-column-last\" style=\"--awb-bg-size:cover;\"><div class=\"fusion-column-wrapper fusion-column-has-shadow fusion-flex-column-wrapper-legacy\"><div class=\"fusion-section-separator section-separator triangle fusion-section-separator-1\" style=\"--awb-border-top:0px solid #e0dede;--awb-spacer-height:0px;--awb-svg-margin-left:0;--awb-svg-margin-right:0;--awb-icon-color:#ffffff;\"><div class=\"fusion-section-separator-svg\"><div class=\"divider-candy-arrow top\" style=\"bottom:0px;border-bottom-color: #f5f5f1;\"><\/div><div class=\"divider-candy top\" style=\"top:-20px;border-bottom:1px solid #e0dede;border-left:1px solid #e0dede;\"><\/div><\/div><div class=\"fusion-section-separator-spacer\"><div class=\"fusion-section-separator-spacer-height\"><\/div><\/div><\/div><div class=\"fusion-clearfix\"><\/div><\/div><\/div><\/div><\/div><div class=\"fusion-fullwidth fullwidth-box fusion-builder-row-3 nonhundred-percent-fullwidth non-hundred-percent-height-scrolling\" style=\"--awb-border-radius-top-left:0px;--awb-border-radius-top-right:0px;--awb-border-radius-bottom-right:0px;--awb-border-radius-bottom-left:0px;--awb-flex-wrap:wrap;\" ><div class=\"fusion-builder-row fusion-row\"><div class=\"fusion-layout-column fusion_builder_column fusion-builder-column-2 fusion_builder_column_1_1 1_1 fusion-one-full fusion-column-first fusion-column-last\" style=\"--awb-bg-size:cover;\"><div class=\"fusion-column-wrapper fusion-column-has-shadow fusion-flex-column-wrapper-legacy\"><div class=\"fusion-image-element in-legacy-container\" style=\"--awb-caption-title-font-family:var(--h2_typography-font-family);--awb-caption-title-font-weight:var(--h2_typography-font-weight);--awb-caption-title-font-style:var(--h2_typography-font-style);--awb-caption-title-size:var(--h2_typography-font-size);--awb-caption-title-transform:var(--h2_typography-text-transform);--awb-caption-title-line-height:var(--h2_typography-line-height);--awb-caption-title-letter-spacing:var(--h2_typography-letter-spacing);\"><span class=\" fusion-imageframe imageframe-dropshadow imageframe-1 hover-type-zoomin\" style=\"-webkit-box-shadow: 3px 3px 7px rgba(51,51,56,0.3);box-shadow: 3px 3px 7px rgba(51,51,56,0.3);\"><img decoding=\"async\" width=\"2560\" height=\"1920\" title=\"Demokratie\" src=\"http:\/\/wbs-luebeck.de\/wbs\/wp-content\/uploads\/2020\/02\/Demokratie-scaled.jpg\" alt class=\"img-responsive wp-image-3005\" srcset=\"https:\/\/wbs-luebeck.de\/wbs\/wp-content\/uploads\/2020\/02\/Demokratie-200x150.jpg 200w, https:\/\/wbs-luebeck.de\/wbs\/wp-content\/uploads\/2020\/02\/Demokratie-400x300.jpg 400w, https:\/\/wbs-luebeck.de\/wbs\/wp-content\/uploads\/2020\/02\/Demokratie-600x450.jpg 600w, https:\/\/wbs-luebeck.de\/wbs\/wp-content\/uploads\/2020\/02\/Demokratie-800x600.jpg 800w, https:\/\/wbs-luebeck.de\/wbs\/wp-content\/uploads\/2020\/02\/Demokratie-1200x900.jpg 1200w, https:\/\/wbs-luebeck.de\/wbs\/wp-content\/uploads\/2020\/02\/Demokratie-scaled.jpg 2560w\" sizes=\"(max-width: 991px) 100vw, 2560px\" \/><\/span><\/div><div class=\"fusion-clearfix\"><\/div><\/div><\/div><\/div><\/div><\/p>\n","protected":false},"excerpt":{"rendered":"","protected":false},"author":2,"featured_media":3007,"comment_status":"closed","ping_status":"open","sticky":false,"template":"","format":"standard","meta":{"_acf_changed":false,"footnotes":""},"categories":[83],"tags":[],"acf":[],"_links":{"self":[{"href":"https:\/\/wbs-luebeck.de\/wbs\/wp-json\/wp\/v2\/posts\/3003"}],"collection":[{"href":"https:\/\/wbs-luebeck.de\/wbs\/wp-json\/wp\/v2\/posts"}],"about":[{"href":"https:\/\/wbs-luebeck.de\/wbs\/wp-json\/wp\/v2\/types\/post"}],"author":[{"embeddable":true,"href":"https:\/\/wbs-luebeck.de\/wbs\/wp-json\/wp\/v2\/users\/2"}],"replies":[{"embeddable":true,"href":"https:\/\/wbs-luebeck.de\/wbs\/wp-json\/wp\/v2\/comments?post=3003"}],"version-history":[{"count":2,"href":"https:\/\/wbs-luebeck.de\/wbs\/wp-json\/wp\/v2\/posts\/3003\/revisions"}],"predecessor-version":[{"id":3006,"href":"https:\/\/wbs-luebeck.de\/wbs\/wp-json\/wp\/v2\/posts\/3003\/revisions\/3006"}],"wp:featuredmedia":[{"embeddable":true,"href":"https:\/\/wbs-luebeck.de\/wbs\/wp-json\/wp\/v2\/media\/3007"}],"wp:attachment":[{"href":"https:\/\/wbs-luebeck.de\/wbs\/wp-json\/wp\/v2\/media?parent=3003"}],"wp:term":[{"taxonomy":"category","embeddable":true,"href":"https:\/\/wbs-luebeck.de\/wbs\/wp-json\/wp\/v2\/categories?post=3003"},{"taxonomy":"post_tag","embeddable":true,"href":"https:\/\/wbs-luebeck.de\/wbs\/wp-json\/wp\/v2\/tags?post=3003"}],"curies":[{"name":"wp","href":"https:\/\/api.w.org\/{rel}","templated":true}]}}